{"id":526,"date":"2014-12-09T08:56:04","date_gmt":"2014-12-09T08:56:04","guid":{"rendered":"http:\/\/www.fetrib.com\/web2018\/news\/latest-news\/joan-nadal-i-marga-fullana-guanyen-a-la-muntanya\/"},"modified":"2014-12-09T08:56:04","modified_gmt":"2014-12-09T08:56:04","slug":"joan-nadal-i-marga-fullana-guanyen-a-la-muntanya","status":"publish","type":"post","link":"https:\/\/fetrib.com\/web\/2014\/12\/09\/joan-nadal-i-marga-fullana-guanyen-a-la-muntanya\/","title":{"rendered":"Joan Nadal i Marga Fullana guanyen a la muntanya"},"content":{"rendered":"<p><span id=\"result_box\" lang=\"ca\"><span class=\"hps\"><img decoding=\"async\" src=\"images\/eventlist\/ABSOLUTO.jpg\" border=\"0\" alt=\"\" width=\"75%\" style=\"display: block; margin-left: auto; margin-right: auto;\" \/><\/span><\/span><\/p>\n<p><span lang=\"ca\"><span class=\"hps\">El<\/span> <span class=\"hps\">triatleta<\/span> <span class=\"hps\">Joan<\/span> <span class=\"hps\">Nadal<\/span> <span class=\"hps atn\">(<\/span><span>CNLlucmajor<\/span><span>)<\/span> <span class=\"hps\">acaba <\/span> <span class=\"hps\">una gran temporada<\/span> <span class=\"hps\">amb<\/span> <span class=\"hps\">la vict\u00f2ria<\/span> <span class=\"hps\">i<\/span> <span class=\"hps\">t\u00edtol<\/span> <span class=\"hps\">de Campi\u00f3<\/span> <span class=\"hps\">de Balears del<\/span> <span class=\"hps\">duatl\u00f3<\/span> <span class=\"hps\">cross<\/span> <span class=\"hps\">disputat<\/span> <span class=\"hps\">a la localitat<\/span> <span class=\"hps\">Andrixola<\/span> <span class=\"hps\">de S&#8217;Arrac\u00f3<\/span><span>,<\/span> <span class=\"hps\">per<\/span> <span class=\"hps\">davant de Joan<\/span> <span class=\"hps\">Gabriel<\/span> <span class=\"hps\">Bauz\u00e1<\/span> <span class=\"hps\">i Albert<\/span> <span class=\"hps\">Gelabert<\/span><span>.<\/span><\/span><\/p>\n<p>  <!--more-->  <\/p>\n<p><span id=\"result_box\" lang=\"ca\"><span class=\"hps\">La<\/span> <span class=\"hps\">prova<\/span> <span class=\"hps\">va estar<\/span> <span class=\"hps\">liderada<\/span> <span class=\"hps\">en tot<\/span> <span class=\"hps\">moment<\/span> <span class=\"hps\">pel duo<\/span> <span class=\"hps\">Nadal i<\/span> <span class=\"hps\">Bauz\u00e1<\/span> <span class=\"hps\">que<\/span> <span class=\"hps\">ja<\/span> <span class=\"hps\">van prendre<\/span> <span class=\"hps\">dist\u00e0ncia en el<\/span> <span class=\"hps\">primer sector<\/span> <span class=\"hps\">de cursa a peu<\/span><span>.<\/span> <span class=\"hps\">Poc<\/span> <span class=\"hps\">m\u00e9s enrere<\/span> <span class=\"hps\">Gelabert<\/span> <span class=\"hps\">se situava<\/span> <span class=\"hps\">en tercera<\/span> <span class=\"hps\">posici\u00f3<\/span><span>.<\/span> <span class=\"hps\">Nom\u00e9s<\/span> <span class=\"hps\">en els<\/span> <span class=\"hps\">metres finals<\/span> <span class=\"hps\">del tercer<\/span> <span class=\"hps\">sector<\/span> <span class=\"hps\">de carrera<\/span> <span class=\"hps\">va dictaminar<\/span> <span class=\"hps\">el vencedor<\/span> <span class=\"hps\">per nom\u00e9s<\/span> <span class=\"hps\">4 segons<\/span> <span class=\"hps\">en<\/span> <span class=\"hps\">l\u00ednia<\/span> <span class=\"hps\">de meta en<\/span> <span class=\"hps\">una de<\/span> <span class=\"hps\">les<\/span> <span class=\"hps\">proves<\/span> <span class=\"hps\">m\u00e9s<\/span> <span class=\"hps\">emocionants<\/span> <span class=\"hps\">que<\/span> <span class=\"hps\">es<\/span> <span class=\"hps\">recorden<\/span><span>.<\/span><\/p>\n<p> <span class=\"hps\">Pel que fa a<\/span> <span class=\"hps\">categoria<\/span> <span class=\"hps\">f\u00e8mines<\/span> <span class=\"hps\">Marga<\/span> <span class=\"hps\">Fullana<\/span> <span class=\"hps atn\">(<\/span><span>CCAndratx-<\/span> <span class=\"hps\">Bimont<\/span><span>)<\/span> <span class=\"hps\">i actual<\/span> <span class=\"hps\">campiona<\/span> <span class=\"hps\">d&#8217;Espanya de la<\/span> <span class=\"hps\">modalitat<\/span> <span class=\"hps\">es va emportar el<\/span> <span class=\"hps\">t\u00edtol<\/span> <span class=\"hps\">per<\/span> <span class=\"hps\">davant<\/span> <span class=\"hps\">de la jove<\/span> <span class=\"hps\">Paula<\/span> <span class=\"hps\">Oliver<\/span><span>.<\/span><\/p>\n<p> <span class=\"hps\">Per categories<\/span> <span class=\"hps\">destacar<\/span> <span class=\"hps\">la gran actuaci\u00f3<\/span> <span class=\"hps\">del local<\/span> <span class=\"hps\">Pau<\/span> <span class=\"hps\">Ramon,<\/span> <span class=\"hps\">que<\/span> <span class=\"hps\">es va emportar el<\/span> <span class=\"hps\">t\u00edtol<\/span> <span class=\"hps\">de campi\u00f3<\/span> <span class=\"hps\">de Balears<\/span> <span class=\"hps\">cadet<\/span> <span class=\"hps\">i sent<\/span> <span class=\"hps\">cadet<\/span> <span class=\"hps\">de primer any<\/span> <span class=\"hps\">va finalitzar<\/span> <span class=\"hps\">nov\u00e8<\/span> <span class=\"hps\">de la general<\/span><span>.<\/span> <span class=\"hps\">En<\/span> <span class=\"hps\">juniors<\/span> <span class=\"hps\">el millor va ser<\/span> <span class=\"hps\">Sergio<\/span> <span class=\"hps\">Heredia<\/span><span>,<\/span> <span class=\"hps\">Sub<\/span><span class=\"atn\">&#8211;<\/span><span>23<\/span> <span class=\"hps\">Toni<\/span> <span class=\"hps\">Perell\u00f3<\/span><span>,<\/span> <span class=\"hps\">que va creuar<\/span> <span class=\"hps\">la meta<\/span> <span class=\"hps\">caminant<\/span> <span class=\"hps\">amb<\/span> <span class=\"hps\">una lesi\u00f3<\/span> <span class=\"hps\">seriosa.<\/span> <span class=\"hps\">En<\/span> <span class=\"hps\">vet1<\/span> <span class=\"hps\">el millor va ser<\/span> <span class=\"hps\">Adrian<\/span> <span class=\"hps\">Gomis<\/span> <span class=\"hps\">mentre<\/span> <span class=\"hps\">en<\/span> <span class=\"hps\">vet2<\/span> <span class=\"hps\">Leandro<\/span> <span class=\"hps\">P\u00e9rez<\/span><span>.<\/span><\/p>\n<p> <span class=\"hps\">Per<\/span> <span class=\"hps\">clubs<\/span> <span class=\"hps\">el t\u00edtol va ser<\/span> <span class=\"hps\">per a Sa<\/span> <span class=\"hps\">Riba<\/span> <span class=\"hps\">Club Triatl\u00f3<\/span> <span class=\"hps\">pr<\/span> <span class=\"hps\">davant del<\/span> <span class=\"hps\">Xtrem<\/span> <span class=\"hps\">Calvi\u00e0<\/span> <span class=\"hps\">Triatl\u00f3<\/span><span>.<\/span><\/p>\n<p> <span class=\"hps\">La<\/span> <span class=\"hps\">present edici\u00f3 del<\/span> <span class=\"hps\">Duatl\u00f3<\/span> <span class=\"hps\">Cross<\/span> <span class=\"hps\">complia el seu<\/span> <span class=\"hps\">des\u00e8<\/span> <span class=\"hps\">aniversari<\/span><span>,<\/span> <span class=\"hps\">i va comptar<\/span> <span class=\"hps\">en el lliurament<\/span> <span class=\"hps\">de premis<\/span> <span class=\"hps\">amb Vicente<\/span> <span class=\"hps\">\u00c1lvarez<\/span><span>,<\/span> <span class=\"hps\">vicepresident del club<\/span> <span class=\"hps\">organitzador<\/span> <span class=\"hps\">CCAndratx<\/span> <span class=\"hps\">-Bimont<\/span> <span class=\"hps\">i<\/span> <span class=\"hps\">el patrocini de la<\/span> <span class=\"hps\">regidoria<\/span> <span class=\"hps atn\">d&#8217;esports de l&#8217;<\/span><span>Ajuntament<\/span> <span class=\"hps\">d&#8217;Andratx<\/span> <span class=\"hps\">amb Joan<\/span> <span class=\"hps\">Forteza<\/span> <span class=\"hps\">i la<\/span> <span class=\"hps\">Fetrib<\/span> <span class=\"hps\">amb el seu president<\/span> <span class=\"hps\">Abilio<\/span> <span class=\"hps\">Garc\u00eda<\/span><span>.<\/span><\/span><\/p>\n<p><span lang=\"ca\"><span>\u00a0<\/span><\/span><\/p>\n","protected":false},"excerpt":{"rendered":"<p>El triatleta Joan Nadal (CNLlucmajor) acaba una gran temporada amb la vict\u00f2ria i t\u00edtol de Campi\u00f3 de Balears del duatl\u00f3 cross disputat a la localitat Andrixola de S&#8217;Arrac\u00f3, per davant de Joan Gabriel Bauz\u00e1 i Albert Gelabert.<\/p>\n","protected":false},"author":1,"featured_media":0,"comment_status":"open","ping_status":"open","sticky":false,"template":"","format":"standard","meta":{"_uag_custom_page_level_css":"","footnotes":""},"categories":[37],"tags":[],"class_list":["post-526","post","type-post","status-publish","format-standard","hentry","category-latest-news"],"uagb_featured_image_src":{"full":false,"thumbnail":false,"medium":false,"medium_large":false,"large":false,"1536x1536":false,"2048x2048":false,"tie-small":false,"tie-large":false,"slider":false},"uagb_author_info":{"display_name":"admin","author_link":"https:\/\/fetrib.com\/web\/author\/admin\/"},"uagb_comment_info":0,"uagb_excerpt":"El triatleta Joan Nadal (CNLlucmajor) acaba una gran temporada amb la vict\u00f2ria i t\u00edtol de Campi\u00f3 de Balears del duatl\u00f3 cross disputat a la localitat Andrixola de S&#8217;Arrac\u00f3, per davant de Joan Gabriel Bauz\u00e1 i Albert Gelabert.","_links":{"self":[{"href":"https:\/\/fetrib.com\/web\/wp-json\/wp\/v2\/posts\/526","targetHints":{"allow":["GET"]}}],"collection":[{"href":"https:\/\/fetrib.com\/web\/wp-json\/wp\/v2\/posts"}],"about":[{"href":"https:\/\/fetrib.com\/web\/wp-json\/wp\/v2\/types\/post"}],"author":[{"embeddable":true,"href":"https:\/\/fetrib.com\/web\/wp-json\/wp\/v2\/users\/1"}],"replies":[{"embeddable":true,"href":"https:\/\/fetrib.com\/web\/wp-json\/wp\/v2\/comments?post=526"}],"version-history":[{"count":0,"href":"https:\/\/fetrib.com\/web\/wp-json\/wp\/v2\/posts\/526\/revisions"}],"wp:attachment":[{"href":"https:\/\/fetrib.com\/web\/wp-json\/wp\/v2\/media?parent=526"}],"wp:term":[{"taxonomy":"category","embeddable":true,"href":"https:\/\/fetrib.com\/web\/wp-json\/wp\/v2\/categories?post=526"},{"taxonomy":"post_tag","embeddable":true,"href":"https:\/\/fetrib.com\/web\/wp-json\/wp\/v2\/tags?post=526"}],"curies":[{"name":"wp","href":"https:\/\/api.w.org\/{rel}","templated":true}]}}