{"id":534,"date":"2015-02-08T10:09:00","date_gmt":"2015-02-08T10:09:00","guid":{"rendered":"http:\/\/www.fetrib.com\/web2018\/news\/latest-news\/convocatoria-presa-de-temps-2015\/"},"modified":"2015-02-08T10:09:00","modified_gmt":"2015-02-08T10:09:00","slug":"convocatoria-presa-de-temps-2015","status":"publish","type":"post","link":"https:\/\/fetrib.com\/web\/2015\/02\/08\/convocatoria-presa-de-temps-2015\/","title":{"rendered":"Convocat\u00f2ria presa de temps 2015"},"content":{"rendered":"<p><img loading=\"lazy\" decoding=\"async\" src=\"images\/Cartel Toma de Tiempos 2015.jpg\" border=\"0\" alt=\"\" width=\"231\" height=\"346\" style=\"display: block; margin-left: auto; margin-right: auto;\" \/><\/p>\n<p>\u00a0<\/p>\n<p>La FETRIB convoca una presa de temps integrada en el Pla Nacional de Tecnificaci\u00f3 de la Federaci\u00f3 Espa\u00f1ola de Triatl\u00f3.<\/p>\n<p>Lloc: Poliesportiu Pr\u00ednceps d\u2019Espanya de Palma.<\/p>\n<p>Dia: Dissabte 17 de gener de 2015.<\/p>\n<p>  <!--more-->  <\/p>\n<p>\u00a0<\/p>\n<p>Convocats: Tots els esportistes cadets (1998, 1999, 2000) i junior (1996, 1997) en la temporada 2015 aix\u00ed com tots els paratriatletes.<\/p>\n<p>Tots els esportistes han de estar en possessi\u00f3 de la llic\u00e8ncia Federativa en vigor o tramitar la llic\u00e8ncia per a un dia.<\/p>\n<p>S\u2019han de realitzar 4 proves, 2 de nataci\u00f3 (100 i 1000 m.) i 2 de carrera (400 i 1000 m.)<\/p>\n<p>Jornada de mat\u00ed: Nataci\u00f3.<\/p>\n<p>Convocat\u00f2ria a les 13:00 canviats a la piscina.<\/p>\n<p>&#8211; Cadets i junior: 1\u00aa prova 100 m, descans m\u00ednim de 15\u2019. 2\u00aa prova 1000 m.<\/p>\n<p>&#8211; Paratriatletes: 500 m<\/p>\n<p>Jornada de tarda: Carrera.<\/p>\n<p>Convocat\u00f2ria a les 17:00 canviats a la pista d\u2019atletisme.<\/p>\n<p>&#8211; Cadets i junior: 1\u00aa prova 1000 m, descans m\u00ednim 15\u2019. 2\u00aa prova 400 m.<\/p>\n<p>&#8211; Paratriatletes: 1000 m<\/p>\n<p>S\u2019adjunten les taules de baremaci\u00f3 dels temps.<\/p>\n<p>La FETRIB est\u00e0 treballant per a poder realitzar una presa de temps a Menorca i Eivissa a trav\u00e9s dels delegats insulars, els mantindrem informats.<\/p>\n<p><a href=\"http:\/\/fetrib.com\/web\/wp-content\/uploads\/2015\/02\/Baremacion-2015-natacion.pdf\">Baremaci\u00f3 nataci\u00f3<\/a><\/p>\n<p><a href=\"http:\/\/fetrib.com\/web\/wp-content\/uploads\/2015\/02\/Baremacion-2015-carrera.pdf\">Baremaci\u00f3 carrera<\/a><\/p>\n<p><a href=\"http:\/\/www.fetrib.com\/web2018\/wp-content\/uploads\/2015\/02\/Presa-de-temps-FETRI-17-gener-2015.pdf\">RESULTATS<\/a><\/p>\n","protected":false},"excerpt":{"rendered":"<p>\u00a0 La FETRIB convoca una presa de temps integrada en el Pla Nacional de Tecnificaci\u00f3 de la Federaci\u00f3 Espa\u00f1ola de Triatl\u00f3. Lloc: Poliesportiu Pr\u00ednceps d\u2019Espanya de Palma. Dia: Dissabte 17 de gener de 2015.<\/p>\n","protected":false},"author":1,"featured_media":0,"comment_status":"open","ping_status":"open","sticky":false,"template":"","format":"standard","meta":{"_uag_custom_page_level_css":"","footnotes":""},"categories":[37],"tags":[],"class_list":["post-534","post","type-post","status-publish","format-standard","hentry","category-latest-news"],"uagb_featured_image_src":{"full":false,"thumbnail":false,"medium":false,"medium_large":false,"large":false,"1536x1536":false,"2048x2048":false,"tie-small":false,"tie-large":false,"slider":false},"uagb_author_info":{"display_name":"admin","author_link":"https:\/\/fetrib.com\/web\/author\/admin\/"},"uagb_comment_info":0,"uagb_excerpt":"\u00a0 La FETRIB convoca una presa de temps integrada en el Pla Nacional de Tecnificaci\u00f3 de la Federaci\u00f3 Espa\u00f1ola de Triatl\u00f3. Lloc: Poliesportiu Pr\u00ednceps d\u2019Espanya de Palma. Dia: Dissabte 17 de gener de 2015.","_links":{"self":[{"href":"https:\/\/fetrib.com\/web\/wp-json\/wp\/v2\/posts\/534","targetHints":{"allow":["GET"]}}],"collection":[{"href":"https:\/\/fetrib.com\/web\/wp-json\/wp\/v2\/posts"}],"about":[{"href":"https:\/\/fetrib.com\/web\/wp-json\/wp\/v2\/types\/post"}],"author":[{"embeddable":true,"href":"https:\/\/fetrib.com\/web\/wp-json\/wp\/v2\/users\/1"}],"replies":[{"embeddable":true,"href":"https:\/\/fetrib.com\/web\/wp-json\/wp\/v2\/comments?post=534"}],"version-history":[{"count":0,"href":"https:\/\/fetrib.com\/web\/wp-json\/wp\/v2\/posts\/534\/revisions"}],"wp:attachment":[{"href":"https:\/\/fetrib.com\/web\/wp-json\/wp\/v2\/media?parent=534"}],"wp:term":[{"taxonomy":"category","embeddable":true,"href":"https:\/\/fetrib.com\/web\/wp-json\/wp\/v2\/categories?post=534"},{"taxonomy":"post_tag","embeddable":true,"href":"https:\/\/fetrib.com\/web\/wp-json\/wp\/v2\/tags?post=534"}],"curies":[{"name":"wp","href":"https:\/\/api.w.org\/{rel}","templated":true}]}}