{"id":535,"date":"2015-01-07T09:26:00","date_gmt":"2015-01-07T09:26:00","guid":{"rendered":"http:\/\/www.fetrib.com\/web2018\/uncategorised\/comunicat-ibiza-ld-triathlon\/"},"modified":"2015-01-07T09:26:00","modified_gmt":"2015-01-07T09:26:00","slug":"comunicat-ibiza-ld-triathlon","status":"publish","type":"post","link":"https:\/\/fetrib.com\/web\/2015\/01\/07\/comunicat-ibiza-ld-triathlon\/","title":{"rendered":"Comunicat Ibiza LD Triathlon"},"content":{"rendered":"<p><img decoding=\"async\" src=\"images\/logo_ibiza.jpg\" border=\"0\" alt=\"\" width=\"25%\" style=\"display: block; margin-left: auto; margin-right: auto;\" \/><\/p>\n<p>A 10 meses de su celebraci\u00f3n el pr\u00f3ximo 25 de octubre de 2015 el Ibiza LD Triathlon cuenta ya con mas de 100 triatletas inscritos de toda la geograf\u00eda espa\u00f1ola.\u00a0<\/p>\n<p>Mucho es el inter\u00e9s que se ha creado tras el regreso de la larga distancia a la isla de Ibiza de la mano de la Asociacion Deportiva Ibiza Half Triathlon y el \u00e9xito organizativo del triathlon del pasado octubre.<\/p>\n<p>La Federacion espa\u00f1ola de triatlon y las instituciones ibicencas han apostado fuerte por que\u00a0 Ibiza vuelva a la primera plana del triatl\u00f3n nacional, tal y como asi lo fue hace unos a\u00f1os.<\/p>\n<p>Esta prueba de larga distancia constara de 4 km de nataci\u00f3n por la zona de la playa de Figueretas, 120 km de ciclismo por los interiores de la isla como Puig den Valls, San Mateo y Santa Ines y terminara con 30 km de carrera a pie por las calles de la ciudad de Ibiza.<\/p>\n<p>La organizaci\u00f3n espera que la prueba pueda superar\u00a0 los 400 inscritos<\/p>\n<p>Todo el intereasado en conocer mas informaci\u00f3n, puede obtenerla en la web\u00a0 de la competici\u00f3n, www.triatlonibiza.com<\/p>\n","protected":false},"excerpt":{"rendered":"<p>A 10 meses de su celebraci\u00f3n el pr\u00f3ximo 25 de octubre de 2015 el Ibiza LD Triathlon cuenta ya con mas de 100 triatletas inscritos de toda la geograf\u00eda espa\u00f1ola.\u00a0 Mucho es el inter\u00e9s que se ha creado tras el regreso de la larga distancia a la isla de Ibiza de la mano de la &#8230;<\/p>\n","protected":false},"author":1,"featured_media":0,"comment_status":"open","ping_status":"open","sticky":false,"template":"","format":"standard","meta":{"_uag_custom_page_level_css":"","footnotes":""},"categories":[46],"tags":[],"class_list":["post-535","post","type-post","status-publish","format-standard","hentry","category-triatlo"],"uagb_featured_image_src":{"full":false,"thumbnail":false,"medium":false,"medium_large":false,"large":false,"1536x1536":false,"2048x2048":false,"tie-small":false,"tie-large":false,"slider":false},"uagb_author_info":{"display_name":"admin","author_link":"https:\/\/fetrib.com\/web\/author\/admin\/"},"uagb_comment_info":0,"uagb_excerpt":"A 10 meses de su celebraci\u00f3n el pr\u00f3ximo 25 de octubre de 2015 el Ibiza LD Triathlon cuenta ya con mas de 100 triatletas inscritos de toda la geograf\u00eda espa\u00f1ola.\u00a0 Mucho es el inter\u00e9s que se ha creado tras el regreso de la larga distancia a la isla de Ibiza de la mano de la&hellip;","_links":{"self":[{"href":"https:\/\/fetrib.com\/web\/wp-json\/wp\/v2\/posts\/535","targetHints":{"allow":["GET"]}}],"collection":[{"href":"https:\/\/fetrib.com\/web\/wp-json\/wp\/v2\/posts"}],"about":[{"href":"https:\/\/fetrib.com\/web\/wp-json\/wp\/v2\/types\/post"}],"author":[{"embeddable":true,"href":"https:\/\/fetrib.com\/web\/wp-json\/wp\/v2\/users\/1"}],"replies":[{"embeddable":true,"href":"https:\/\/fetrib.com\/web\/wp-json\/wp\/v2\/comments?post=535"}],"version-history":[{"count":0,"href":"https:\/\/fetrib.com\/web\/wp-json\/wp\/v2\/posts\/535\/revisions"}],"wp:attachment":[{"href":"https:\/\/fetrib.com\/web\/wp-json\/wp\/v2\/media?parent=535"}],"wp:term":[{"taxonomy":"category","embeddable":true,"href":"https:\/\/fetrib.com\/web\/wp-json\/wp\/v2\/categories?post=535"},{"taxonomy":"post_tag","embeddable":true,"href":"https:\/\/fetrib.com\/web\/wp-json\/wp\/v2\/tags?post=535"}],"curies":[{"name":"wp","href":"https:\/\/api.w.org\/{rel}","templated":true}]}}