{"id":539,"date":"2015-01-19T10:27:11","date_gmt":"2015-01-19T10:27:11","guid":{"rendered":"http:\/\/www.fetrib.com\/web2018\/news\/latest-news\/ii-ducampos-2015\/"},"modified":"2015-01-19T10:27:11","modified_gmt":"2015-01-19T10:27:11","slug":"ii-ducampos-2015","status":"publish","type":"post","link":"https:\/\/fetrib.com\/web\/2015\/01\/19\/ii-ducampos-2015\/","title":{"rendered":"II Ducampos 2015"},"content":{"rendered":"<p><img decoding=\"async\" src=\"images\/campos.jpg\" border=\"0\" alt=\"\" width=\"75%\" style=\"display: block; margin-left: auto; margin-right: auto;\" \/><\/p>\n<p>Miguel Cap\u00f3 y Mavi Garc\u00eda estrenan una temporada de duatlones prometedora<\/p>\n<p>Miguel Cap\u00f3 volvi\u00f3 a lo grande a participar en una prueba de duatl\u00f3n llevandose la victoria en Campos,en la 2\u00b0 edici\u00f3n de esta prueba en formato sprint,\u00a0 estrenando as\u00ed la nueva temporada Fetrib. Acompa\u00f1ado en el p\u00f3dium por Paco Ruiz y Miguel Fernandez. En categor\u00eda f\u00e9mina, la victoria fue para Mavi Garc\u00eda por delante de Catalina Cardell y Aina Martinez. <br \/>En cuanto a la clasificacion de clubs, los mejores fueron 1\u00b0 S&#8217;Escapada Triathlon Team y club anfitri\u00f3n y organizador, por delante de <br \/>2\u00b0 M3T BIMONT-3G y 3\u00b0 Caldentey<\/p>\n","protected":false},"excerpt":{"rendered":"<p>Miguel Cap\u00f3 y Mavi Garc\u00eda estrenan una temporada de duatlones prometedora Miguel Cap\u00f3 volvi\u00f3 a lo grande a participar en una prueba de duatl\u00f3n llevandose la victoria en Campos,en la 2\u00b0 edici\u00f3n de esta prueba en formato sprint,\u00a0 estrenando as\u00ed la nueva temporada Fetrib. Acompa\u00f1ado en el p\u00f3dium por Paco Ruiz y Miguel Fernandez. En &#8230;<\/p>\n","protected":false},"author":1,"featured_media":0,"comment_status":"open","ping_status":"open","sticky":false,"template":"","format":"standard","meta":{"_uag_custom_page_level_css":"","footnotes":""},"categories":[37],"tags":[],"class_list":["post-539","post","type-post","status-publish","format-standard","hentry","category-latest-news"],"uagb_featured_image_src":{"full":false,"thumbnail":false,"medium":false,"medium_large":false,"large":false,"1536x1536":false,"2048x2048":false,"tie-small":false,"tie-large":false,"slider":false},"uagb_author_info":{"display_name":"admin","author_link":"https:\/\/fetrib.com\/web\/author\/admin\/"},"uagb_comment_info":0,"uagb_excerpt":"Miguel Cap\u00f3 y Mavi Garc\u00eda estrenan una temporada de duatlones prometedora Miguel Cap\u00f3 volvi\u00f3 a lo grande a participar en una prueba de duatl\u00f3n llevandose la victoria en Campos,en la 2\u00b0 edici\u00f3n de esta prueba en formato sprint,\u00a0 estrenando as\u00ed la nueva temporada Fetrib. Acompa\u00f1ado en el p\u00f3dium por Paco Ruiz y Miguel Fernandez. En&hellip;","_links":{"self":[{"href":"https:\/\/fetrib.com\/web\/wp-json\/wp\/v2\/posts\/539","targetHints":{"allow":["GET"]}}],"collection":[{"href":"https:\/\/fetrib.com\/web\/wp-json\/wp\/v2\/posts"}],"about":[{"href":"https:\/\/fetrib.com\/web\/wp-json\/wp\/v2\/types\/post"}],"author":[{"embeddable":true,"href":"https:\/\/fetrib.com\/web\/wp-json\/wp\/v2\/users\/1"}],"replies":[{"embeddable":true,"href":"https:\/\/fetrib.com\/web\/wp-json\/wp\/v2\/comments?post=539"}],"version-history":[{"count":0,"href":"https:\/\/fetrib.com\/web\/wp-json\/wp\/v2\/posts\/539\/revisions"}],"wp:attachment":[{"href":"https:\/\/fetrib.com\/web\/wp-json\/wp\/v2\/media?parent=539"}],"wp:term":[{"taxonomy":"category","embeddable":true,"href":"https:\/\/fetrib.com\/web\/wp-json\/wp\/v2\/categories?post=539"},{"taxonomy":"post_tag","embeddable":true,"href":"https:\/\/fetrib.com\/web\/wp-json\/wp\/v2\/tags?post=539"}],"curies":[{"name":"wp","href":"https:\/\/api.w.org\/{rel}","templated":true}]}}