{"id":5422,"date":"2023-06-12T15:16:46","date_gmt":"2023-06-12T15:16:46","guid":{"rendered":"http:\/\/fetrib.com\/web\/?p=5422"},"modified":"2023-06-12T15:30:42","modified_gmt":"2023-06-12T15:30:42","slug":"convocatoria-campionat-despanya-dautonomies","status":"publish","type":"post","link":"https:\/\/fetrib.com\/web\/2023\/06\/12\/convocatoria-campionat-despanya-dautonomies\/","title":{"rendered":"Convocat\u00f2ria Campionat d&#8217;Espanya d&#8217;Autonomies"},"content":{"rendered":"\n<p>El proper 8 i 9 de juliol es disputa el Campionat d\u2019Espanya per Autonomies i relleus a la localitat de Valladolid.<\/p>\n\n\n\n<p>La Federaci\u00f3 de Triatl\u00f3 de les Illes Balears estar\u00e0 representada amb 6 esportistes masculins absoluts, 6 femenins, 4 cadetes masculins i 4 cadetes femenins.<\/p>\n\n\n\n<p>Relaci\u00f3 d\u2019esportistes convocats:<\/p>\n\n\n\n<p>Absolut Mascul\u00ed<\/p>\n\n\n\n<ol class=\"wp-block-list\">\n<li>Miquel A. Cap\u00f3 Saltoki Trikideak<\/li>\n\n\n\n<li>Joan W\u00e4ger<\/li>\n\n\n\n<li>Guillem Soler Buades CEA Betera<\/li>\n\n\n\n<li>Tadeo Baruffato Campus Esport<\/li>\n\n\n\n<li>Miguel A. Fidalgo <em>C.D. VAS<\/em><\/li>\n\n\n\n<li>Biel Gacias CEA Betera <\/li>\n<\/ol>\n\n\n\n<p>Suplents:<\/p>\n\n\n\n<ul class=\"wp-block-list\">\n<li>Jorge Morcillo Ecosport Alcobendas<\/li>\n\n\n\n<li>Borja Su\u00e1rez-Puerta RDS Triatl\u00f3<\/li>\n\n\n\n<li>Aritz Rodriguez Trideporte.com<\/li>\n<\/ul>\n\n\n\n<p>Absolut Femen\u00ed:<\/p>\n\n\n\n<ol class=\"wp-block-list\">\n<li>Maria Barcel\u00f3 Serra Club Triatl\u00f3n Soriano<\/li>\n\n\n\n<li>Chloe Serra Jodin CA Es Raiguer de Mallorca<\/li>\n\n\n\n<li>Nora Romero L\u00f3pez Flor de Triatlo<\/li>\n\n\n\n<li>Ana Soler Guardia Xtrem Calvi\u00e0 Triatl\u00f3<\/li>\n\n\n\n<li>Susana Sevillano Saltoki Trikideak<\/li>\n\n\n\n<li>Gemma Llabr\u00e9s Amistat Novomar Hotel<\/li>\n<\/ol>\n\n\n\n<p>Suplents:<\/p>\n\n\n\n<ul class=\"wp-block-list\">\n<li>Patricia Quir\u00f3s C.E. Triacademy<\/li>\n\n\n\n<li>Leire Pardal C.E. Triacademy<\/li>\n\n\n\n<li>Andrea Emery Amistat Novomar Hotel<\/li>\n<\/ul>\n\n\n\n<p><\/p>\n\n\n\n<p>Escolar Mascul\u00ed<\/p>\n\n\n\n<ol class=\"wp-block-list\">\n<li>Izan Baidez RDS Triatl\u00f3<\/li>\n\n\n\n<li>Antonio Andujar Total Team Mallorca<\/li>\n\n\n\n<li>Telmo Oiz Total Team Mallorca<\/li>\n\n\n\n<li>Jakub Katreniak Xtrem Calvi\u00e0 Triatl\u00f3<\/li>\n<\/ol>\n\n\n\n<p>Escolar Femen\u00ed:<\/p>\n\n\n\n<ol class=\"wp-block-list\">\n<li>Lucie Dupr\u00e9 C.E. Triacademy<\/li>\n\n\n\n<li>Marta Bonet Perez Saltoki Trikideak<\/li>\n\n\n\n<li>Sarah Diaz Moeller C.E. Triacademy<\/li>\n\n\n\n<li>P\u00e1lma Boda C.E. Triacademy<\/li>\n<\/ol>\n\n\n\n<p><\/p>\n\n\n\n<p><a href=\"http:\/\/fetrib.com\/web\/wp-content\/uploads\/2023\/06\/Convocatoria-seleccio-Autonomies-Absolut-2023.pdf\">Convocat\u00f2ria absoluta<\/a><\/p>\n\n\n\n<p><a href=\"http:\/\/fetrib.com\/web\/wp-content\/uploads\/2023\/06\/Convocatoria-seleccio-Autonomies-Escolar-2023.pdf\">Convocat\u00f2ria escolar<\/a><\/p>\n\n\n\n<p><\/p>\n","protected":false},"excerpt":{"rendered":"<p>El proper 8 i 9 de juliol es disputa el Campionat d\u2019Espanya per Autonomies i relleus a la localitat de Valladolid. La Federaci\u00f3 de Triatl\u00f3 de les Illes Balears estar\u00e0 representada amb 6 esportistes masculins absoluts, 6 femenins, 4 cadetes masculins i 4 cadetes femenins. Relaci\u00f3 d\u2019esportistes convocats: Absolut Mascul\u00ed Miquel A. Cap\u00f3 Saltoki Trikideak &#8230;<\/p>\n","protected":false},"author":1,"featured_media":5423,"comment_status":"closed","ping_status":"open","sticky":false,"template":"","format":"standard","meta":{"_uag_custom_page_level_css":"","footnotes":""},"categories":[1],"tags":[],"class_list":["post-5422","post","type-post","status-publish","format-standard","has-post-thumbnail","hentry","category-general"],"uagb_featured_image_src":{"full":["https:\/\/fetrib.com\/web\/wp-content\/uploads\/2023\/06\/photo.jpg",640,640,false],"thumbnail":["https:\/\/fetrib.com\/web\/wp-content\/uploads\/2023\/06\/photo-150x150.jpg",150,150,true],"medium":["https:\/\/fetrib.com\/web\/wp-content\/uploads\/2023\/06\/photo-300x300.jpg",300,300,true],"medium_large":["https:\/\/fetrib.com\/web\/wp-content\/uploads\/2023\/06\/photo.jpg",620,620,false],"large":["https:\/\/fetrib.com\/web\/wp-content\/uploads\/2023\/06\/photo.jpg",620,620,false],"1536x1536":["https:\/\/fetrib.com\/web\/wp-content\/uploads\/2023\/06\/photo.jpg",640,640,false],"2048x2048":["https:\/\/fetrib.com\/web\/wp-content\/uploads\/2023\/06\/photo.jpg",640,640,false],"tie-small":["https:\/\/fetrib.com\/web\/wp-content\/uploads\/2023\/06\/photo-70x70.jpg",70,70,true],"tie-large":["https:\/\/fetrib.com\/web\/wp-content\/uploads\/2023\/06\/photo-300x160.jpg",300,160,true],"slider":["https:\/\/fetrib.com\/web\/wp-content\/uploads\/2023\/06\/photo-620x330.jpg",620,330,true]},"uagb_author_info":{"display_name":"admin","author_link":"https:\/\/fetrib.com\/web\/author\/admin\/"},"uagb_comment_info":0,"uagb_excerpt":"El proper 8 i 9 de juliol es disputa el Campionat d\u2019Espanya per Autonomies i relleus a la localitat de Valladolid. La Federaci\u00f3 de Triatl\u00f3 de les Illes Balears estar\u00e0 representada amb 6 esportistes masculins absoluts, 6 femenins, 4 cadetes masculins i 4 cadetes femenins. Relaci\u00f3 d\u2019esportistes convocats: Absolut Mascul\u00ed Miquel A. Cap\u00f3 Saltoki Trikideak&hellip;","_links":{"self":[{"href":"https:\/\/fetrib.com\/web\/wp-json\/wp\/v2\/posts\/5422","targetHints":{"allow":["GET"]}}],"collection":[{"href":"https:\/\/fetrib.com\/web\/wp-json\/wp\/v2\/posts"}],"about":[{"href":"https:\/\/fetrib.com\/web\/wp-json\/wp\/v2\/types\/post"}],"author":[{"embeddable":true,"href":"https:\/\/fetrib.com\/web\/wp-json\/wp\/v2\/users\/1"}],"replies":[{"embeddable":true,"href":"https:\/\/fetrib.com\/web\/wp-json\/wp\/v2\/comments?post=5422"}],"version-history":[{"count":5,"href":"https:\/\/fetrib.com\/web\/wp-json\/wp\/v2\/posts\/5422\/revisions"}],"predecessor-version":[{"id":5434,"href":"https:\/\/fetrib.com\/web\/wp-json\/wp\/v2\/posts\/5422\/revisions\/5434"}],"wp:featuredmedia":[{"embeddable":true,"href":"https:\/\/fetrib.com\/web\/wp-json\/wp\/v2\/media\/5423"}],"wp:attachment":[{"href":"https:\/\/fetrib.com\/web\/wp-json\/wp\/v2\/media?parent=5422"}],"wp:term":[{"taxonomy":"category","embeddable":true,"href":"https:\/\/fetrib.com\/web\/wp-json\/wp\/v2\/categories?post=5422"},{"taxonomy":"post_tag","embeddable":true,"href":"https:\/\/fetrib.com\/web\/wp-json\/wp\/v2\/tags?post=5422"}],"curies":[{"name":"wp","href":"https:\/\/api.w.org\/{rel}","templated":true}]}}