{"id":5451,"date":"2023-07-06T06:24:28","date_gmt":"2023-07-06T06:24:28","guid":{"rendered":"http:\/\/fetrib.com\/web\/?p=5451"},"modified":"2023-07-06T06:27:47","modified_gmt":"2023-07-06T06:27:47","slug":"fidalgo-y-emery-vencen-el-acuatlon-del-corte-ingles","status":"publish","type":"post","link":"https:\/\/fetrib.com\/web\/2023\/07\/06\/fidalgo-y-emery-vencen-el-acuatlon-del-corte-ingles\/","title":{"rendered":"Fidalgo y Emery vencen el Acuatl\u00f3n del Corte Ingl\u00e9s"},"content":{"rendered":"\n<p>M\u00e1s de 180 triatletas en diferentes categor\u00edas han participado en esta nueva edici\u00f3n del acuatl\u00f3n El Corte Ingl\u00e9s en el paseo del Portixol, bajo la organizaci\u00f3n de la Federacion balear de Triatl\u00f3n (Fetrib), donde han competido en una primera distancia de 2,5 kms de carrera, para luego nadar 1.000 metros en la playa de Can Pere Antoni y acabar corriendo otros 2.500 metros.<\/p>\n\n\n\n<p>Fidalgo ha acabado en 30 minutos y 58 segundos aventajando en meta en 17 segundos a Tadeo Barrufato, del club Campusesport. El tercero masculino ha sido Joan Reynes, del RDS Sport.&nbsp;<\/p>\n\n\n\n<p>En categor\u00eda femenina, Emery ha dominado la carrera acabando en 37minutos y 28 segundos, con m\u00e1s de 4 minutos de ventaja sobre Daniela Romero (Amistat) y Abigail&nbsp; M\u00e1rquez (Xtrem Calvi\u00e1).<\/p>\n\n\n\n<p>Tambi\u00e9n se han celebrado acuatlones para las categor\u00edas menores. En la salida ha participado el director general de Deportes del ayuntamiento de Calvi\u00e1, David Salom.<\/p>\n\n\n\n<p>En la entrega de premios, el presidente de Fetrib, Ignasi Colom, y el director de Relaciones institucionales de El Corte Ingl\u00e9s, Antonio S\u00e1nchez.<\/p>\n\n\n\n<figure class=\"wp-block-embed is-type-video is-provider-youtube wp-block-embed-youtube wp-embed-aspect-16-9 wp-has-aspect-ratio\"><div class=\"wp-block-embed__wrapper\">\n<iframe loading=\"lazy\" title=\"Acuatlo\u0301n Ciutat de Palma   El Corte Ingle\u0301s\" width=\"620\" height=\"349\" src=\"https:\/\/www.youtube.com\/embed\/Ey4v9OpgjlI?feature=oembed\" frameborder=\"0\" allow=\"accelerometer; autoplay; clipboard-write; encrypted-media; gyroscope; picture-in-picture; web-share\" referrerpolicy=\"strict-origin-when-cross-origin\" allowfullscreen><\/iframe>\n<\/div><\/figure>\n","protected":false},"excerpt":{"rendered":"<p>M\u00e1s de 180 triatletas en diferentes categor\u00edas han participado en esta nueva edici\u00f3n del acuatl\u00f3n El Corte Ingl\u00e9s en el paseo del Portixol, bajo la organizaci\u00f3n de la Federacion balear de Triatl\u00f3n (Fetrib), donde han competido en una primera distancia de 2,5 kms de carrera, para luego nadar 1.000 metros en la playa de Can &#8230;<\/p>\n","protected":false},"author":1,"featured_media":5453,"comment_status":"closed","ping_status":"open","sticky":false,"template":"","format":"standard","meta":{"_uag_custom_page_level_css":"","footnotes":""},"categories":[1],"tags":[],"class_list":["post-5451","post","type-post","status-publish","format-standard","has-post-thumbnail","hentry","category-general"],"uagb_featured_image_src":{"full":["https:\/\/fetrib.com\/web\/wp-content\/uploads\/2023\/07\/DEP01092-scaled.jpg",2560,1706,false],"thumbnail":["https:\/\/fetrib.com\/web\/wp-content\/uploads\/2023\/07\/DEP01092-150x150.jpg",150,150,true],"medium":["https:\/\/fetrib.com\/web\/wp-content\/uploads\/2023\/07\/DEP01092-300x200.jpg",300,200,true],"medium_large":["https:\/\/fetrib.com\/web\/wp-content\/uploads\/2023\/07\/DEP01092-768x512.jpg",620,413,true],"large":["https:\/\/fetrib.com\/web\/wp-content\/uploads\/2023\/07\/DEP01092-1024x683.jpg",620,414,true],"1536x1536":["https:\/\/fetrib.com\/web\/wp-content\/uploads\/2023\/07\/DEP01092-1536x1024.jpg",1536,1024,true],"2048x2048":["https:\/\/fetrib.com\/web\/wp-content\/uploads\/2023\/07\/DEP01092-2048x1365.jpg",2048,1365,true],"tie-small":["https:\/\/fetrib.com\/web\/wp-content\/uploads\/2023\/07\/DEP01092-70x70.jpg",70,70,true],"tie-large":["https:\/\/fetrib.com\/web\/wp-content\/uploads\/2023\/07\/DEP01092-300x160.jpg",300,160,true],"slider":["https:\/\/fetrib.com\/web\/wp-content\/uploads\/2023\/07\/DEP01092-620x330.jpg",620,330,true]},"uagb_author_info":{"display_name":"admin","author_link":"https:\/\/fetrib.com\/web\/author\/admin\/"},"uagb_comment_info":0,"uagb_excerpt":"M\u00e1s de 180 triatletas en diferentes categor\u00edas han participado en esta nueva edici\u00f3n del acuatl\u00f3n El Corte Ingl\u00e9s en el paseo del Portixol, bajo la organizaci\u00f3n de la Federacion balear de Triatl\u00f3n (Fetrib), donde han competido en una primera distancia de 2,5 kms de carrera, para luego nadar 1.000 metros en la playa de Can&hellip;","_links":{"self":[{"href":"https:\/\/fetrib.com\/web\/wp-json\/wp\/v2\/posts\/5451","targetHints":{"allow":["GET"]}}],"collection":[{"href":"https:\/\/fetrib.com\/web\/wp-json\/wp\/v2\/posts"}],"about":[{"href":"https:\/\/fetrib.com\/web\/wp-json\/wp\/v2\/types\/post"}],"author":[{"embeddable":true,"href":"https:\/\/fetrib.com\/web\/wp-json\/wp\/v2\/users\/1"}],"replies":[{"embeddable":true,"href":"https:\/\/fetrib.com\/web\/wp-json\/wp\/v2\/comments?post=5451"}],"version-history":[{"count":1,"href":"https:\/\/fetrib.com\/web\/wp-json\/wp\/v2\/posts\/5451\/revisions"}],"predecessor-version":[{"id":5452,"href":"https:\/\/fetrib.com\/web\/wp-json\/wp\/v2\/posts\/5451\/revisions\/5452"}],"wp:featuredmedia":[{"embeddable":true,"href":"https:\/\/fetrib.com\/web\/wp-json\/wp\/v2\/media\/5453"}],"wp:attachment":[{"href":"https:\/\/fetrib.com\/web\/wp-json\/wp\/v2\/media?parent=5451"}],"wp:term":[{"taxonomy":"category","embeddable":true,"href":"https:\/\/fetrib.com\/web\/wp-json\/wp\/v2\/categories?post=5451"},{"taxonomy":"post_tag","embeddable":true,"href":"https:\/\/fetrib.com\/web\/wp-json\/wp\/v2\/tags?post=5451"}],"curies":[{"name":"wp","href":"https:\/\/api.w.org\/{rel}","templated":true}]}}