{"id":546,"date":"2015-02-09T15:40:03","date_gmt":"2015-02-09T15:40:03","guid":{"rendered":"http:\/\/www.fetrib.com\/web2018\/uncategorised\/entrada-en-vigor-del-nou-reglament-fetri\/"},"modified":"2015-02-09T15:40:03","modified_gmt":"2015-02-09T15:40:03","slug":"entrada-en-vigor-del-nou-reglament-fetri","status":"publish","type":"post","link":"https:\/\/fetrib.com\/web\/2015\/02\/09\/entrada-en-vigor-del-nou-reglament-fetri\/","title":{"rendered":"Entrada en vigor del nou reglament FETRI"},"content":{"rendered":"<p><img loading=\"lazy\" decoding=\"async\" class=\" size-full wp-image-420\" src=\"http:\/\/fetrib.com\/web\/wp-content\/uploads\/2014\/02\/logo-fetrib-web.jpg\" border=\"0\" alt=\"\" style=\"display: block; margin-left: auto; margin-right: auto;\" width=\"196\" height=\"168\" \/><\/p>\n<p>Reunida la junta directiva de la FETRIB, es va decidir que el nou reglament de competicions aprovat per la FETRI per aquest any 2015 entrar\u00e0 en vigor a les Illes Balears el proper 28 de febrer.<\/p>\n<p>Aix\u00f2 suposa que a les proves d&#8217;aquell cap de setmana, IV Duatl\u00f3 Ol\u00edmpic de Can Picafort i\u00a0 Duatl\u00f3 Sprint de Santa Eul\u00e0ria ja es regiran per aquesta nova reglamentaci\u00f3.<\/p>\n<p>Al seg\u00fcent enlla\u00e7 podreu llegir la normativa<\/p>\n<p><a href=\"http:\/\/triatlon.org\/triweb\/wp-content\/uploads\/2015\/01\/2015.FETRI_.Competiciones.Reglamento-de-Competiciones-v.2015.pdf\">Normativa competicions 2015<\/a><\/p>\n","protected":false},"excerpt":{"rendered":"<p>Reunida la junta directiva de la FETRIB, es va decidir que el nou reglament de competicions aprovat per la FETRI per aquest any 2015 entrar\u00e0 en vigor a les Illes Balears el proper 28 de febrer. Aix\u00f2 suposa que a les proves d&#8217;aquell cap de setmana, IV Duatl\u00f3 Ol\u00edmpic de Can Picafort i\u00a0 Duatl\u00f3 Sprint &#8230;<\/p>\n","protected":false},"author":1,"featured_media":420,"comment_status":"open","ping_status":"open","sticky":false,"template":"","format":"standard","meta":{"_uag_custom_page_level_css":"","footnotes":""},"categories":[46],"tags":[],"class_list":["post-546","post","type-post","status-publish","format-standard","has-post-thumbnail","hentry","category-triatlo"],"uagb_featured_image_src":{"full":["https:\/\/fetrib.com\/web\/wp-content\/uploads\/2014\/02\/logo-fetrib-web.jpg",196,168,false],"thumbnail":["https:\/\/fetrib.com\/web\/wp-content\/uploads\/2014\/02\/logo-fetrib-web-150x150.jpg",150,150,true],"medium":["https:\/\/fetrib.com\/web\/wp-content\/uploads\/2014\/02\/logo-fetrib-web.jpg",196,168,false],"medium_large":["https:\/\/fetrib.com\/web\/wp-content\/uploads\/2014\/02\/logo-fetrib-web.jpg",196,168,false],"large":["https:\/\/fetrib.com\/web\/wp-content\/uploads\/2014\/02\/logo-fetrib-web.jpg",196,168,false],"1536x1536":["https:\/\/fetrib.com\/web\/wp-content\/uploads\/2014\/02\/logo-fetrib-web.jpg",196,168,false],"2048x2048":["https:\/\/fetrib.com\/web\/wp-content\/uploads\/2014\/02\/logo-fetrib-web.jpg",196,168,false],"tie-small":["https:\/\/fetrib.com\/web\/wp-content\/uploads\/2014\/02\/logo-fetrib-web-70x70.jpg",70,70,true],"tie-large":["https:\/\/fetrib.com\/web\/wp-content\/uploads\/2014\/02\/logo-fetrib-web-196x160.jpg",196,160,true],"slider":["https:\/\/fetrib.com\/web\/wp-content\/uploads\/2014\/02\/logo-fetrib-web.jpg",196,168,false]},"uagb_author_info":{"display_name":"admin","author_link":"https:\/\/fetrib.com\/web\/author\/admin\/"},"uagb_comment_info":0,"uagb_excerpt":"Reunida la junta directiva de la FETRIB, es va decidir que el nou reglament de competicions aprovat per la FETRI per aquest any 2015 entrar\u00e0 en vigor a les Illes Balears el proper 28 de febrer. Aix\u00f2 suposa que a les proves d&#8217;aquell cap de setmana, IV Duatl\u00f3 Ol\u00edmpic de Can Picafort i\u00a0 Duatl\u00f3 Sprint&hellip;","_links":{"self":[{"href":"https:\/\/fetrib.com\/web\/wp-json\/wp\/v2\/posts\/546","targetHints":{"allow":["GET"]}}],"collection":[{"href":"https:\/\/fetrib.com\/web\/wp-json\/wp\/v2\/posts"}],"about":[{"href":"https:\/\/fetrib.com\/web\/wp-json\/wp\/v2\/types\/post"}],"author":[{"embeddable":true,"href":"https:\/\/fetrib.com\/web\/wp-json\/wp\/v2\/users\/1"}],"replies":[{"embeddable":true,"href":"https:\/\/fetrib.com\/web\/wp-json\/wp\/v2\/comments?post=546"}],"version-history":[{"count":0,"href":"https:\/\/fetrib.com\/web\/wp-json\/wp\/v2\/posts\/546\/revisions"}],"wp:featuredmedia":[{"embeddable":true,"href":"https:\/\/fetrib.com\/web\/wp-json\/wp\/v2\/media\/420"}],"wp:attachment":[{"href":"https:\/\/fetrib.com\/web\/wp-json\/wp\/v2\/media?parent=546"}],"wp:term":[{"taxonomy":"category","embeddable":true,"href":"https:\/\/fetrib.com\/web\/wp-json\/wp\/v2\/categories?post=546"},{"taxonomy":"post_tag","embeddable":true,"href":"https:\/\/fetrib.com\/web\/wp-json\/wp\/v2\/tags?post=546"}],"curies":[{"name":"wp","href":"https:\/\/api.w.org\/{rel}","templated":true}]}}