{"id":548,"date":"2015-02-16T10:39:53","date_gmt":"2015-02-16T10:39:53","guid":{"rendered":"http:\/\/www.fetrib.com\/web2018\/news\/latest-news\/duatlo-cross-de-porreres\/"},"modified":"2015-02-16T10:39:53","modified_gmt":"2015-02-16T10:39:53","slug":"duatlo-cross-de-porreres","status":"publish","type":"post","link":"https:\/\/fetrib.com\/web\/2015\/02\/16\/duatlo-cross-de-porreres\/","title":{"rendered":"Duatl\u00f3 Cross de Porreres"},"content":{"rendered":"<p><img decoding=\"async\" src=\"images\/eventlist\/General Duatlo Porreres.jpg\" border=\"0\" alt=\"\" width=\"75%\" style=\"display: block; margin-left: auto; margin-right: auto;\" \/><\/p>\n<p>Albert Gelabert y Marga Fullana ganan en la 4\u00b0edici\u00f3n del Duatl\u00f3n Cross de Porreras<\/p>\n<p>Casi 150 participantes en todas las categor\u00edas para la cuarta edici\u00f3n del duatl\u00f3n cross de Porreras, con 5 km de carrera, 20 de mountainbike y 2 km de carrera final.<\/p>\n<p>Los vencedores absolutos fueron Gelabert, por delante de Perell\u00f3 y Brunet, mientras en chicas la victoria fue para Marga Fullana por delante de Cardell y Puig, segunda y tercera respectivamente.<\/p>\n<p>Por categorias los vencedores fueron , Garc\u00eda y Soler en cadetes,Perello em sub23, Riera en vet1 y Perez en vet2. Por clubs el mejor fue el anfitrion G.D. S&#8217;Escapada, por delante de de Caldentey y del Platges de Cala Millor.<\/p>\n<p>El evento estuvo coordinado por el GD S&#8217;Sescapada, Ayuntamiento de Porreras, Protecci\u00f3n civil y la Federaci\u00f3 de triatl\u00f3 de les Illes Balears.\u00a0<\/p>\n","protected":false},"excerpt":{"rendered":"<p>Albert Gelabert y Marga Fullana ganan en la 4\u00b0edici\u00f3n del Duatl\u00f3n Cross de Porreras Casi 150 participantes en todas las categor\u00edas para la cuarta edici\u00f3n del duatl\u00f3n cross de Porreras, con 5 km de carrera, 20 de mountainbike y 2 km de carrera final. Los vencedores absolutos fueron Gelabert, por delante de Perell\u00f3 y Brunet, &#8230;<\/p>\n","protected":false},"author":1,"featured_media":0,"comment_status":"open","ping_status":"open","sticky":false,"template":"","format":"standard","meta":{"_uag_custom_page_level_css":"","footnotes":""},"categories":[37],"tags":[],"class_list":["post-548","post","type-post","status-publish","format-standard","hentry","category-latest-news"],"uagb_featured_image_src":{"full":false,"thumbnail":false,"medium":false,"medium_large":false,"large":false,"1536x1536":false,"2048x2048":false,"tie-small":false,"tie-large":false,"slider":false},"uagb_author_info":{"display_name":"admin","author_link":"https:\/\/fetrib.com\/web\/author\/admin\/"},"uagb_comment_info":0,"uagb_excerpt":"Albert Gelabert y Marga Fullana ganan en la 4\u00b0edici\u00f3n del Duatl\u00f3n Cross de Porreras Casi 150 participantes en todas las categor\u00edas para la cuarta edici\u00f3n del duatl\u00f3n cross de Porreras, con 5 km de carrera, 20 de mountainbike y 2 km de carrera final. Los vencedores absolutos fueron Gelabert, por delante de Perell\u00f3 y Brunet,&hellip;","_links":{"self":[{"href":"https:\/\/fetrib.com\/web\/wp-json\/wp\/v2\/posts\/548","targetHints":{"allow":["GET"]}}],"collection":[{"href":"https:\/\/fetrib.com\/web\/wp-json\/wp\/v2\/posts"}],"about":[{"href":"https:\/\/fetrib.com\/web\/wp-json\/wp\/v2\/types\/post"}],"author":[{"embeddable":true,"href":"https:\/\/fetrib.com\/web\/wp-json\/wp\/v2\/users\/1"}],"replies":[{"embeddable":true,"href":"https:\/\/fetrib.com\/web\/wp-json\/wp\/v2\/comments?post=548"}],"version-history":[{"count":0,"href":"https:\/\/fetrib.com\/web\/wp-json\/wp\/v2\/posts\/548\/revisions"}],"wp:attachment":[{"href":"https:\/\/fetrib.com\/web\/wp-json\/wp\/v2\/media?parent=548"}],"wp:term":[{"taxonomy":"category","embeddable":true,"href":"https:\/\/fetrib.com\/web\/wp-json\/wp\/v2\/categories?post=548"},{"taxonomy":"post_tag","embeddable":true,"href":"https:\/\/fetrib.com\/web\/wp-json\/wp\/v2\/tags?post=548"}],"curies":[{"name":"wp","href":"https:\/\/api.w.org\/{rel}","templated":true}]}}