{"id":552,"date":"2015-02-28T20:59:50","date_gmt":"2015-02-28T20:59:50","guid":{"rendered":"http:\/\/www.fetrib.com\/web2018\/news\/latest-news\/minino-y-holst-vencen-en-el-duatlon-de-can-picafort-2015\/"},"modified":"2015-02-28T20:59:50","modified_gmt":"2015-02-28T20:59:50","slug":"minino-y-holst-vencen-en-el-duatlon-de-can-picafort-2015","status":"publish","type":"post","link":"https:\/\/fetrib.com\/web\/2015\/02\/28\/minino-y-holst-vencen-en-el-duatlon-de-can-picafort-2015\/","title":{"rendered":"Mini\u00f1o y Holst vencen en el Duatl\u00f3n de Can Picafort 2015."},"content":{"rendered":"<p><img decoding=\"async\" src=\"images\/2015-02-28 13.25.43.jpg\" border=\"0\" alt=\"\" width=\"75%\" style=\"display: block; margin-left: auto; margin-right: auto;\" \/><\/p>\n<p>Miguel Fernandez Mini\u00f1o fue el vencedor absoluto del duatl\u00f3n de Can Picafort 2015 sobre una distancia de 10km de carrera,40km de ciclismo y 5 km de carrera final.<\/p>\n<p>Un grupo de 8 componentes lider\u00f3 la prueba desde los primeros metros y solo perder\u00eda componentes al descolgarse en el sector de ciclismo, fue en el \u00faltimo sector de carrera donde se jug\u00f3 las plazas de privilegio y Mini\u00f1o se coloc\u00f3 al frente con unos segundos de diferencia que le sirvieron para llevarse la victoria con un tiempo final de (1h48:27)por delante de Joan Marin (1h48:47) y Albert Gelabert (1h49:50).<br \/> En f\u00e9minas la victoria fue para Tine Holst (2h06:38)que domin\u00f3 la prueba de principio a fin por delante de Rocio Delgado (2h13:39) y Angela Puig (2h20:34).<br \/>Por categor\u00edas los vencedores fueron para Alejandro Calle en juniors,Toni Llull en sub-23, Isabel Mar\u00eda de Fuertes en vet1 fem, Leandro Perez en Vet2 y Mas-Soler en los relevos. <br \/>En cuanto a Clubs los mejores fueron para el CTConsell por delante del Alcudia Sport y Sa Riba.<br \/>El evento estuvo patrocinado por Ferrer Hotels junto con la colaboraci\u00f3n del Ayunt de Santa Margarita,P Civil, Polia Local , Guardia Civil y la Fetrib.<\/p>\n<p>\u00a0<\/p>\n","protected":false},"excerpt":{"rendered":"<p>Miguel Fernandez Mini\u00f1o fue el vencedor absoluto del duatl\u00f3n de Can Picafort 2015 sobre una distancia de 10km de carrera,40km de ciclismo y 5 km de carrera final. Un grupo de 8 componentes lider\u00f3 la prueba desde los primeros metros y solo perder\u00eda componentes al descolgarse en el sector de ciclismo, fue en el \u00faltimo &#8230;<\/p>\n","protected":false},"author":1,"featured_media":0,"comment_status":"open","ping_status":"open","sticky":false,"template":"","format":"standard","meta":{"_uag_custom_page_level_css":"","footnotes":""},"categories":[37],"tags":[],"class_list":["post-552","post","type-post","status-publish","format-standard","hentry","category-latest-news"],"uagb_featured_image_src":{"full":false,"thumbnail":false,"medium":false,"medium_large":false,"large":false,"1536x1536":false,"2048x2048":false,"tie-small":false,"tie-large":false,"slider":false},"uagb_author_info":{"display_name":"admin","author_link":"https:\/\/fetrib.com\/web\/author\/admin\/"},"uagb_comment_info":0,"uagb_excerpt":"Miguel Fernandez Mini\u00f1o fue el vencedor absoluto del duatl\u00f3n de Can Picafort 2015 sobre una distancia de 10km de carrera,40km de ciclismo y 5 km de carrera final. Un grupo de 8 componentes lider\u00f3 la prueba desde los primeros metros y solo perder\u00eda componentes al descolgarse en el sector de ciclismo, fue en el \u00faltimo&hellip;","_links":{"self":[{"href":"https:\/\/fetrib.com\/web\/wp-json\/wp\/v2\/posts\/552","targetHints":{"allow":["GET"]}}],"collection":[{"href":"https:\/\/fetrib.com\/web\/wp-json\/wp\/v2\/posts"}],"about":[{"href":"https:\/\/fetrib.com\/web\/wp-json\/wp\/v2\/types\/post"}],"author":[{"embeddable":true,"href":"https:\/\/fetrib.com\/web\/wp-json\/wp\/v2\/users\/1"}],"replies":[{"embeddable":true,"href":"https:\/\/fetrib.com\/web\/wp-json\/wp\/v2\/comments?post=552"}],"version-history":[{"count":0,"href":"https:\/\/fetrib.com\/web\/wp-json\/wp\/v2\/posts\/552\/revisions"}],"wp:attachment":[{"href":"https:\/\/fetrib.com\/web\/wp-json\/wp\/v2\/media?parent=552"}],"wp:term":[{"taxonomy":"category","embeddable":true,"href":"https:\/\/fetrib.com\/web\/wp-json\/wp\/v2\/categories?post=552"},{"taxonomy":"post_tag","embeddable":true,"href":"https:\/\/fetrib.com\/web\/wp-json\/wp\/v2\/tags?post=552"}],"curies":[{"name":"wp","href":"https:\/\/api.w.org\/{rel}","templated":true}]}}