{"id":562,"date":"2015-03-20T08:42:03","date_gmt":"2015-03-20T08:42:03","guid":{"rendered":"http:\/\/www.fetrib.com\/web2018\/news\/latest-news\/presentacion-de-la-lliga-super-tri-esport-base-2015\/"},"modified":"2015-03-20T08:42:03","modified_gmt":"2015-03-20T08:42:03","slug":"presentacion-de-la-lliga-super-tri-esport-base-2015","status":"publish","type":"post","link":"https:\/\/fetrib.com\/web\/2015\/03\/20\/presentacion-de-la-lliga-super-tri-esport-base-2015\/","title":{"rendered":"Presentaci\u00f3n  de la  \u201cLliga Super Tri  Esport Base 2015\u201d"},"content":{"rendered":"<p><img decoding=\"async\" src=\"images\/presentacion1.jpg\" border=\"0\" alt=\"\" width=\"75%\" style=\"display: block; margin-left: auto; margin-right: auto;\" \/><\/p>\n<p>\u00a0<\/p>\n<p>Abilio Garc\u00eda, presidente de la Federaci\u00f3 de Triatl\u00f3 de las Illes Balears, junto a Joan Antoni Ramonell del Consell de Mallorca y Antonio S\u00e1nchez del Corte Ingl\u00e9s, como patrocinadores principales, adem\u00e1s de los representantes de clubs como Joan Tauler del Triatl\u00f3n Portocolom y Guillermo Soler del Xtrem Calvia, y el director de tecnificaci\u00f3 Josep Maria Buendia, dieron el pistoletazo de salida para las pruebas dedicadas exclusivamente a categor\u00edas infantiles con lo que ser\u00e1 la Liga SuperTri 2015.<\/p>\n<p>En calendario formado por pruebas de Triatl\u00f3n, Duatl\u00f3n, Acuatl\u00f3n y eventos multifamiliares junto a Clinics y Campus, servir\u00e1n para reactivar la promoci\u00f3n infantil de este deporte en alza mediante un ranking y una clasificaci\u00f3n final que premiar\u00e1 a los mejores minitriatletas de Mallorca.<\/p>\n","protected":false},"excerpt":{"rendered":"<p>\u00a0 Abilio Garc\u00eda, presidente de la Federaci\u00f3 de Triatl\u00f3 de las Illes Balears, junto a Joan Antoni Ramonell del Consell de Mallorca y Antonio S\u00e1nchez del Corte Ingl\u00e9s, como patrocinadores principales, adem\u00e1s de los representantes de clubs como Joan Tauler del Triatl\u00f3n Portocolom y Guillermo Soler del Xtrem Calvia, y el director de tecnificaci\u00f3 Josep &#8230;<\/p>\n","protected":false},"author":1,"featured_media":0,"comment_status":"open","ping_status":"open","sticky":false,"template":"","format":"standard","meta":{"_uag_custom_page_level_css":"","footnotes":""},"categories":[37],"tags":[],"class_list":["post-562","post","type-post","status-publish","format-standard","hentry","category-latest-news"],"uagb_featured_image_src":{"full":false,"thumbnail":false,"medium":false,"medium_large":false,"large":false,"1536x1536":false,"2048x2048":false,"tie-small":false,"tie-large":false,"slider":false},"uagb_author_info":{"display_name":"admin","author_link":"https:\/\/fetrib.com\/web\/author\/admin\/"},"uagb_comment_info":0,"uagb_excerpt":"\u00a0 Abilio Garc\u00eda, presidente de la Federaci\u00f3 de Triatl\u00f3 de las Illes Balears, junto a Joan Antoni Ramonell del Consell de Mallorca y Antonio S\u00e1nchez del Corte Ingl\u00e9s, como patrocinadores principales, adem\u00e1s de los representantes de clubs como Joan Tauler del Triatl\u00f3n Portocolom y Guillermo Soler del Xtrem Calvia, y el director de tecnificaci\u00f3 Josep&hellip;","_links":{"self":[{"href":"https:\/\/fetrib.com\/web\/wp-json\/wp\/v2\/posts\/562","targetHints":{"allow":["GET"]}}],"collection":[{"href":"https:\/\/fetrib.com\/web\/wp-json\/wp\/v2\/posts"}],"about":[{"href":"https:\/\/fetrib.com\/web\/wp-json\/wp\/v2\/types\/post"}],"author":[{"embeddable":true,"href":"https:\/\/fetrib.com\/web\/wp-json\/wp\/v2\/users\/1"}],"replies":[{"embeddable":true,"href":"https:\/\/fetrib.com\/web\/wp-json\/wp\/v2\/comments?post=562"}],"version-history":[{"count":0,"href":"https:\/\/fetrib.com\/web\/wp-json\/wp\/v2\/posts\/562\/revisions"}],"wp:attachment":[{"href":"https:\/\/fetrib.com\/web\/wp-json\/wp\/v2\/media?parent=562"}],"wp:term":[{"taxonomy":"category","embeddable":true,"href":"https:\/\/fetrib.com\/web\/wp-json\/wp\/v2\/categories?post=562"},{"taxonomy":"post_tag","embeddable":true,"href":"https:\/\/fetrib.com\/web\/wp-json\/wp\/v2\/tags?post=562"}],"curies":[{"name":"wp","href":"https:\/\/api.w.org\/{rel}","templated":true}]}}