{"id":563,"date":"2015-03-23T09:54:51","date_gmt":"2015-03-23T09:54:51","guid":{"rendered":"http:\/\/www.fetrib.com\/web2018\/news\/latest-news\/carlos-oliver-y-cata-cardel-vencen-el-2-duatlon-cross-de-cala-fornells\/"},"modified":"2015-03-23T09:54:51","modified_gmt":"2015-03-23T09:54:51","slug":"carlos-oliver-y-cata-cardel-vencen-el-2-duatlon-cross-de-cala-fornells","status":"publish","type":"post","link":"https:\/\/fetrib.com\/web\/2015\/03\/23\/carlos-oliver-y-cata-cardel-vencen-el-2-duatlon-cross-de-cala-fornells\/","title":{"rendered":"Javier Oliver y Cata Cardel vencen el 2\u00ba Duatl\u00f3n Cross de Cala Fornells"},"content":{"rendered":"<p><img decoding=\"async\" src=\"images\/eventlist\/podium cala fornells 2015.jpg\" border=\"0\" alt=\"\" width=\"75%\/\" \/><\/p>\n<p>\u00a0<\/p>\n<p class=\"MsoNormal\">Javier Oliver, especialista sobre la bici de monta\u00f1a, venci\u00f3 en Paguera sobre un selectivo circuito de pura monta\u00f1a, de 4 km de correr, 15 de ciclismo y 2 de carrera para finalizar.<\/p>\n<p class=\"MsoNormal\">Oliver ciment\u00f3 su victoria en el trazado ciclista siendo un tr\u00e1mite el \u00faltimo sector de carrera cruzando la meta como vencedor por delante de Marti Juan Mayans y Sebasti\u00e1 Casasnovas.<\/p>\n<p class=\"MsoNormal\">En categor\u00eda F\u00e9minas, la vencedora fue Cata Cardell por delante de Lila Pujol\u00a0 2\u00ba y Daniela Garc\u00eda 3\u00ba.<\/p>\n<p class=\"MsoNormal\">Los mejores en el resto de categor\u00edas fueron, Josep Pagues\u00a0 y Paula Oliver en cadetes, Oliver y Daniela Garcia en Juniors, Casasnovas en veterano 1 y Joan Torrens en veterano 2.<\/p>\n<p class=\"MsoNormal\">La prueba especial de relevos fue para Escobedo y Gimenez , por delante de Moral y Alcal\u00e1 que hicieron 2\u00ba, mientras que Ayala y Alonso finalizaron 3\u00ba<\/p>\n<p>La prueba estuvo organizada por\u00a0 el Club Triatl\u00f3n Extreme Calvia con la colaboraci\u00f3n del Ayuntamiento de Calvia y la Fetrib.<\/p>\n","protected":false},"excerpt":{"rendered":"<p>\u00a0 Javier Oliver, especialista sobre la bici de monta\u00f1a, venci\u00f3 en Paguera sobre un selectivo circuito de pura monta\u00f1a, de 4 km de correr, 15 de ciclismo y 2 de carrera para finalizar. Oliver ciment\u00f3 su victoria en el trazado ciclista siendo un tr\u00e1mite el \u00faltimo sector de carrera cruzando la meta como vencedor por &#8230;<\/p>\n","protected":false},"author":1,"featured_media":0,"comment_status":"open","ping_status":"open","sticky":false,"template":"","format":"standard","meta":{"_uag_custom_page_level_css":"","footnotes":""},"categories":[37],"tags":[],"class_list":["post-563","post","type-post","status-publish","format-standard","hentry","category-latest-news"],"uagb_featured_image_src":{"full":false,"thumbnail":false,"medium":false,"medium_large":false,"large":false,"1536x1536":false,"2048x2048":false,"tie-small":false,"tie-large":false,"slider":false},"uagb_author_info":{"display_name":"admin","author_link":"https:\/\/fetrib.com\/web\/author\/admin\/"},"uagb_comment_info":0,"uagb_excerpt":"\u00a0 Javier Oliver, especialista sobre la bici de monta\u00f1a, venci\u00f3 en Paguera sobre un selectivo circuito de pura monta\u00f1a, de 4 km de correr, 15 de ciclismo y 2 de carrera para finalizar. Oliver ciment\u00f3 su victoria en el trazado ciclista siendo un tr\u00e1mite el \u00faltimo sector de carrera cruzando la meta como vencedor por&hellip;","_links":{"self":[{"href":"https:\/\/fetrib.com\/web\/wp-json\/wp\/v2\/posts\/563","targetHints":{"allow":["GET"]}}],"collection":[{"href":"https:\/\/fetrib.com\/web\/wp-json\/wp\/v2\/posts"}],"about":[{"href":"https:\/\/fetrib.com\/web\/wp-json\/wp\/v2\/types\/post"}],"author":[{"embeddable":true,"href":"https:\/\/fetrib.com\/web\/wp-json\/wp\/v2\/users\/1"}],"replies":[{"embeddable":true,"href":"https:\/\/fetrib.com\/web\/wp-json\/wp\/v2\/comments?post=563"}],"version-history":[{"count":0,"href":"https:\/\/fetrib.com\/web\/wp-json\/wp\/v2\/posts\/563\/revisions"}],"wp:attachment":[{"href":"https:\/\/fetrib.com\/web\/wp-json\/wp\/v2\/media?parent=563"}],"wp:term":[{"taxonomy":"category","embeddable":true,"href":"https:\/\/fetrib.com\/web\/wp-json\/wp\/v2\/categories?post=563"},{"taxonomy":"post_tag","embeddable":true,"href":"https:\/\/fetrib.com\/web\/wp-json\/wp\/v2\/tags?post=563"}],"curies":[{"name":"wp","href":"https:\/\/api.w.org\/{rel}","templated":true}]}}