{"id":57,"date":"2011-02-27T16:49:57","date_gmt":"2011-02-27T16:49:57","guid":{"rendered":"http:\/\/www.fetrib.com\/web2018\/escolar-base\/campeonato-mallorca-duatlon\/"},"modified":"2011-02-27T16:49:57","modified_gmt":"2011-02-27T16:49:57","slug":"campeonato-mallorca-duatlon","status":"publish","type":"post","link":"https:\/\/fetrib.com\/web\/2011\/02\/27\/campeonato-mallorca-duatlon\/","title":{"rendered":"CAMPEONATO MALLORCA DUATLON"},"content":{"rendered":"<p>Esta ma\u00f1ana se ha disputado el Campeonato Mallorca de Categorias Menores en Festival Park.<\/p>\n<p>Con una gran participaci\u00f3n (incluso con duatletas venidos desde Ibiza), el Campeonato de Mallorca de Duatl\u00f3n ha sido una prueba con gran esfuerzo por parte de todos los participantes debido al mal tiempo reinante.<\/p>\n<p>Pese a todo se han batido records de participaci\u00f3n con m\u00e1s de 50 participantes.<\/p>\n<p><img loading=\"lazy\" decoding=\"async\" src=\"images\/stories\/salida inf.jpg\" border=\"0\" width=\"261\" height=\"226\" \/>\u00a0<img loading=\"lazy\" decoding=\"async\" src=\"images\/stories\/salida inf 1.jpg\" border=\"0\" width=\"253\" height=\"225\" \/><\/p>\n<pre class=\"Textoindependiente21\" style=\"margin: 0cm 0cm 0pt;\"><span style=\"font-family: &quot;Gill Sans MT&quot;,&quot;sans-serif&quot;; font-size: 12pt; mso-fareast-font-family: 'Arial Unicode MS'; mso-bidi-font-size: 10.0pt; mso-ansi-language: ES; mso-bidi-font-family: 'Arial Unicode MS';\">GANADORES CAMPEONATO MALLORCA CATEGORIAS MENORES:<\/span><\/pre>\n<pre class=\"Textoindependiente21\" style=\"margin: 0cm 0cm 0pt;\"><span style=\"font-family: &quot;Gill Sans MT&quot;,&quot;sans-serif&quot;; font-size: 12pt; mso-fareast-font-family: 'Arial Unicode MS'; mso-bidi-font-size: 10.0pt; mso-ansi-language: ES; mso-bidi-font-family: 'Arial Unicode MS';\">\u00a0<\/span><\/pre>\n<pre class=\"Textoindependiente21\" style=\"margin: 0cm 0cm 0pt;\"><span style=\"font-family: &quot;Gill Sans MT&quot;,&quot;sans-serif&quot;; font-size: 12pt; mso-fareast-font-family: 'Arial Unicode MS'; mso-bidi-font-size: 10.0pt; mso-ansi-language: ES; mso-bidi-font-family: 'Arial Unicode MS';\">PREBENJAMIN Y BENJAMIN: Todos ganadores!!<\/span><\/pre>\n<pre class=\"Textoindependiente21\" style=\"margin: 0cm 0cm 0pt;\"><span style=\"font-family: &quot;Gill Sans MT&quot;,&quot;sans-serif&quot;; font-size: 12pt; mso-fareast-font-family: 'Arial Unicode MS'; mso-bidi-font-size: 10.0pt; mso-ansi-language: ES; mso-bidi-font-family: 'Arial Unicode MS';\">\u00a0<\/span><\/pre>\n<pre class=\"Textoindependiente21\" style=\"margin: 0cm 0cm 0pt;\"><span style=\"font-family: &quot;Gill Sans MT&quot;,&quot;sans-serif&quot;; font-size: 12pt; mso-fareast-font-family: 'Arial Unicode MS'; mso-bidi-font-size: 10.0pt; mso-ansi-language: ES; mso-bidi-font-family: 'Arial Unicode MS';\">ALEVIN:<\/span><\/pre>\n<pre class=\"Textoindependiente21\" style=\"margin: 0cm 0cm 0pt;\"><span style=\"font-family: &quot;Gill Sans MT&quot;,&quot;sans-serif&quot;; font-size: 12pt; mso-fareast-font-family: 'Arial Unicode MS'; mso-bidi-font-size: 10.0pt; mso-ansi-language: ES; mso-bidi-font-family: 'Arial Unicode MS';\">Femenino<\/span><\/pre>\n<pre class=\"Textoindependiente21\" style=\"margin: 0cm 0cm 0pt;\"><span style=\"font-family: &quot;Gill Sans MT&quot;,&quot;sans-serif&quot;; font-size: 12pt; mso-fareast-font-family: 'Arial Unicode MS'; mso-bidi-font-size: 10.0pt; mso-ansi-language: ES; mso-bidi-font-family: 'Arial Unicode MS';\">1\u00aa Paula Oliver (C.N Llucmajor)<\/span><\/pre>\n<pre class=\"Textoindependiente21\" style=\"margin: 0cm 0cm 0pt;\"><span style=\"font-family: &quot;Gill Sans MT&quot;,&quot;sans-serif&quot;; font-size: 12pt; mso-fareast-font-family: 'Arial Unicode MS'; mso-bidi-font-size: 10.0pt; mso-ansi-language: ES; mso-bidi-font-family: 'Arial Unicode MS';\">2\u00aa Claudia Ballester (Triatl\u00f3 Santa Eularia)<\/span><\/pre>\n<pre class=\"Textoindependiente21\" style=\"margin: 0cm 0cm 0pt;\"><span style=\"font-family: &quot;Gill Sans MT&quot;,&quot;sans-serif&quot;; font-size: 12pt; mso-fareast-font-family: 'Arial Unicode MS'; mso-bidi-font-size: 10.0pt; mso-ansi-language: ES; mso-bidi-font-family: 'Arial Unicode MS';\">3\u00aa Irene Soler (ADA Calvi\u00e0)<\/span><\/pre>\n<pre class=\"Textoindependiente21\" style=\"margin: 0cm 0cm 0pt;\"><span style=\"font-family: &quot;Gill Sans MT&quot;,&quot;sans-serif&quot;; font-size: 12pt; mso-fareast-font-family: 'Arial Unicode MS'; mso-bidi-font-size: 10.0pt; mso-ansi-language: ES; mso-bidi-font-family: 'Arial Unicode MS';\">\u00a0<\/span><\/pre>\n<pre class=\"Textoindependiente21\" style=\"margin: 0cm 0cm 0pt;\"><span style=\"font-family: &quot;Gill Sans MT&quot;,&quot;sans-serif&quot;; font-size: 12pt; mso-fareast-font-family: 'Arial Unicode MS'; mso-bidi-font-size: 10.0pt; mso-ansi-language: ES; mso-bidi-font-family: 'Arial Unicode MS';\">Masculino<\/span><\/pre>\n<pre class=\"Textoindependiente21\" style=\"margin: 0cm 0cm 0pt;\"><span style=\"font-family: &quot;Gill Sans MT&quot;,&quot;sans-serif&quot;; font-size: 12pt; mso-fareast-font-family: 'Arial Unicode MS'; mso-bidi-font-size: 10.0pt; mso-ansi-language: ES; mso-bidi-font-family: 'Arial Unicode MS';\">1\u00ba Miguel Noguera (C.N Llucmajor)<\/span><\/pre>\n<pre class=\"Textoindependiente21\" style=\"margin: 0cm 0cm 0pt;\"><span style=\"font-family: &quot;Gill Sans MT&quot;,&quot;sans-serif&quot;; font-size: 12pt; mso-fareast-font-family: 'Arial Unicode MS'; mso-bidi-font-size: 10.0pt; mso-ansi-language: ES; mso-bidi-font-family: 'Arial Unicode MS';\">2\u00ba Lloid Park<\/span><\/pre>\n<pre class=\"Textoindependiente21\" style=\"margin: 0cm 0cm 0pt;\"><span style=\"font-family: &quot;Gill Sans MT&quot;,&quot;sans-serif&quot;; font-size: 12pt; mso-fareast-font-family: 'Arial Unicode MS'; mso-bidi-font-size: 10.0pt; mso-ansi-language: ES; mso-bidi-font-family: 'Arial Unicode MS';\">3\u00ba Carlos Oller (C.N Llucmajor)<\/span><\/pre>\n<pre class=\"Textoindependiente21\" style=\"margin: 0cm 0cm 0pt;\"><span style=\"font-family: &quot;Gill Sans MT&quot;,&quot;sans-serif&quot;; font-size: 12pt; mso-fareast-font-family: 'Arial Unicode MS'; mso-bidi-font-size: 10.0pt; mso-ansi-language: ES; mso-bidi-font-family: 'Arial Unicode MS';\">\u00a0<\/span><\/pre>\n<pre class=\"Textoindependiente21\" style=\"margin: 0cm 0cm 0pt;\"><span style=\"font-family: &quot;Gill Sans MT&quot;,&quot;sans-serif&quot;; font-size: 12pt; mso-fareast-font-family: 'Arial Unicode MS'; mso-bidi-font-size: 10.0pt; mso-ansi-language: ES; mso-bidi-font-family: 'Arial Unicode MS';\">INFANTIL:<\/span><\/pre>\n<pre class=\"Textoindependiente21\" style=\"margin: 0cm 0cm 0pt;\"><span style=\"font-family: &quot;Gill Sans MT&quot;,&quot;sans-serif&quot;; font-size: 12pt; mso-fareast-font-family: 'Arial Unicode MS'; mso-bidi-font-size: 10.0pt; mso-ansi-language: ES; mso-bidi-font-family: 'Arial Unicode MS';\">Femenino<\/span><\/pre>\n<pre class=\"Textoindependiente21\" style=\"margin: 0cm 0cm 0pt;\"><span style=\"font-family: &quot;Gill Sans MT&quot;,&quot;sans-serif&quot;; font-size: 12pt; mso-fareast-font-family: 'Arial Unicode MS'; mso-bidi-font-size: 10.0pt; mso-ansi-language: ES; mso-bidi-font-family: 'Arial Unicode MS';\">1\u00aa Marta Gimenez<\/span><\/pre>\n<pre class=\"Textoindependiente21\" style=\"margin: 0cm 0cm 0pt;\"><span style=\"font-family: &quot;Gill Sans MT&quot;,&quot;sans-serif&quot;; font-size: 12pt; mso-fareast-font-family: 'Arial Unicode MS'; mso-bidi-font-size: 10.0pt; mso-ansi-language: ES; mso-bidi-font-family: 'Arial Unicode MS';\">2\u00aa Alba Rodriguez (C.N Andratx)<\/span><\/pre>\n<pre class=\"Textoindependiente21\" style=\"margin: 0cm 0cm 0pt;\"><span style=\"font-family: &quot;Gill Sans MT&quot;,&quot;sans-serif&quot;; font-size: 12pt; mso-fareast-font-family: 'Arial Unicode MS'; mso-bidi-font-size: 10.0pt; mso-ansi-language: ES; mso-bidi-font-family: 'Arial Unicode MS';\">3\u00aa Margalida Roig (C.E Triats.som)<\/span><\/pre>\n<pre class=\"Textoindependiente21\" style=\"margin: 0cm 0cm 0pt;\"><span style=\"font-family: &quot;Gill Sans MT&quot;,&quot;sans-serif&quot;; font-size: 12pt; mso-fareast-font-family: 'Arial Unicode MS'; mso-bidi-font-size: 10.0pt; mso-ansi-language: ES; mso-bidi-font-family: 'Arial Unicode MS';\">\u00a0<\/span><\/pre>\n<pre class=\"Textoindependiente21\" style=\"margin: 0cm 0cm 0pt;\"><span style=\"font-family: &quot;Gill Sans MT&quot;,&quot;sans-serif&quot;; font-size: 12pt; mso-fareast-font-family: 'Arial Unicode MS'; mso-bidi-font-size: 10.0pt; mso-ansi-language: ES; mso-bidi-font-family: 'Arial Unicode MS';\">Masculino:<\/span><\/pre>\n<pre class=\"Textoindependiente21\" style=\"margin: 0cm 0cm 0pt;\"><span style=\"font-family: &quot;Gill Sans MT&quot;,&quot;sans-serif&quot;; font-size: 12pt; mso-fareast-font-family: 'Arial Unicode MS'; mso-bidi-font-size: 10.0pt; mso-ansi-language: ES; mso-bidi-font-family: 'Arial Unicode MS';\">1\u00ba Joan Noguera (C.N Llucmajor)<\/span><\/pre>\n<pre class=\"Textoindependiente21\" style=\"margin: 0cm 0cm 0pt;\"><span style=\"font-family: &quot;Gill Sans MT&quot;,&quot;sans-serif&quot;; font-size: 12pt; mso-fareast-font-family: 'Arial Unicode MS'; mso-bidi-font-size: 10.0pt; mso-ansi-language: ES; mso-bidi-font-family: 'Arial Unicode MS';\">2\u00ba Javier Oliver (C.N Llucmajor)<\/span><\/pre>\n<pre class=\"Textoindependiente21\" style=\"margin: 0cm 0cm 0pt;\"><span style=\"font-family: &quot;Gill Sans MT&quot;,&quot;sans-serif&quot;; font-size: 12pt; mso-fareast-font-family: 'Arial Unicode MS'; mso-bidi-font-size: 10.0pt; mso-ansi-language: ES; mso-bidi-font-family: 'Arial Unicode MS';\">3\u00ba Iv\u00e1n Fernandez<\/span><\/pre>\n<pre class=\"Textoindependiente21\" style=\"margin: 0cm 0cm 0pt;\"><span style=\"font-family: &quot;Gill Sans MT&quot;,&quot;sans-serif&quot;; font-size: 12pt; mso-fareast-font-family: 'Arial Unicode MS'; mso-bidi-font-size: 10.0pt; mso-ansi-language: ES; mso-bidi-font-family: 'Arial Unicode MS';\">\u00a0<\/span><\/pre>\n<pre class=\"Textoindependiente21\" style=\"margin: 0cm 0cm 0pt;\"><span style=\"font-family: &quot;Gill Sans MT&quot;,&quot;sans-serif&quot;; font-size: 12pt; mso-fareast-font-family: 'Arial Unicode MS'; mso-bidi-font-size: 10.0pt; mso-ansi-language: ES; mso-bidi-font-family: 'Arial Unicode MS';\"><img loading=\"lazy\" decoding=\"async\" src=\"images\/stories\/podium 2 web.jpg\" border=\"0\" width=\"281\" height=\"206\" \/> <img loading=\"lazy\" decoding=\"async\" src=\"images\/stories\/podium inf web.jpg\" border=\"0\" width=\"291\" height=\"205\" \/><\/span><\/pre>\n<p>\u00a0<\/p>\n","protected":false},"excerpt":{"rendered":"<p>Esta ma\u00f1ana se ha disputado el Campeonato Mallorca de Categorias Menores en Festival Park. Con una gran participaci\u00f3n (incluso con duatletas venidos desde Ibiza), el Campeonato de Mallorca de Duatl\u00f3n ha sido una prueba con gran esfuerzo por parte de todos los participantes debido al mal tiempo reinante. Pese a todo se han batido records &#8230;<\/p>\n","protected":false},"author":1,"featured_media":0,"comment_status":"open","ping_status":"open","sticky":false,"template":"","format":"standard","meta":{"_uag_custom_page_level_css":"","footnotes":""},"categories":[29],"tags":[],"class_list":["post-57","post","type-post","status-publish","format-standard","hentry","category-escolar-base"],"uagb_featured_image_src":{"full":false,"thumbnail":false,"medium":false,"medium_large":false,"large":false,"1536x1536":false,"2048x2048":false,"tie-small":false,"tie-large":false,"slider":false},"uagb_author_info":{"display_name":"admin","author_link":"https:\/\/fetrib.com\/web\/author\/admin\/"},"uagb_comment_info":0,"uagb_excerpt":"Esta ma\u00f1ana se ha disputado el Campeonato Mallorca de Categorias Menores en Festival Park. Con una gran participaci\u00f3n (incluso con duatletas venidos desde Ibiza), el Campeonato de Mallorca de Duatl\u00f3n ha sido una prueba con gran esfuerzo por parte de todos los participantes debido al mal tiempo reinante. Pese a todo se han batido records&hellip;","_links":{"self":[{"href":"https:\/\/fetrib.com\/web\/wp-json\/wp\/v2\/posts\/57","targetHints":{"allow":["GET"]}}],"collection":[{"href":"https:\/\/fetrib.com\/web\/wp-json\/wp\/v2\/posts"}],"about":[{"href":"https:\/\/fetrib.com\/web\/wp-json\/wp\/v2\/types\/post"}],"author":[{"embeddable":true,"href":"https:\/\/fetrib.com\/web\/wp-json\/wp\/v2\/users\/1"}],"replies":[{"embeddable":true,"href":"https:\/\/fetrib.com\/web\/wp-json\/wp\/v2\/comments?post=57"}],"version-history":[{"count":0,"href":"https:\/\/fetrib.com\/web\/wp-json\/wp\/v2\/posts\/57\/revisions"}],"wp:attachment":[{"href":"https:\/\/fetrib.com\/web\/wp-json\/wp\/v2\/media?parent=57"}],"wp:term":[{"taxonomy":"category","embeddable":true,"href":"https:\/\/fetrib.com\/web\/wp-json\/wp\/v2\/categories?post=57"},{"taxonomy":"post_tag","embeddable":true,"href":"https:\/\/fetrib.com\/web\/wp-json\/wp\/v2\/tags?post=57"}],"curies":[{"name":"wp","href":"https:\/\/api.w.org\/{rel}","templated":true}]}}