{"id":573,"date":"2015-04-22T08:02:31","date_gmt":"2015-04-22T08:02:31","guid":{"rendered":"http:\/\/www.fetrib.com\/web2018\/uncategorised\/i-triatlon-solidario-medicos-del-mundo\/"},"modified":"2015-04-22T08:02:31","modified_gmt":"2015-04-22T08:02:31","slug":"i-triatlon-solidario-medicos-del-mundo","status":"publish","type":"post","link":"https:\/\/fetrib.com\/web\/2015\/04\/22\/i-triatlon-solidario-medicos-del-mundo\/","title":{"rendered":"I Triatl\u00f3n solidario M\u00c9DICOS DEL MUNDO"},"content":{"rendered":"<p><img decoding=\"async\" src=\"images\/2015-04-19 15.35.49.jpg\" border=\"0\" alt=\"\" width=\"75%\" style=\"display: block; margin-left: auto; margin-right: auto;\" \/><\/p>\n<p>M\u00e1s de un centenar de participantes se dieron cita en la playa de Palma para participar en la primera edici\u00f3n del Triatl\u00f3n solidario M\u00e9dicos del Mundo.<\/p>\n<div>El d\u00eda ideal, que acompa\u00f1\u00f3 a la prueba, sobre una distancia esprint de 750m de nataci\u00f3n, 18km de ciclismo y 5 km de carrera a pie donde el vencedor final absoluto fue Paco Ruiz en categor\u00eda masculina por delante de Cardona y Garc\u00eda e Irene Company en la femenina absoluta por delante de Cardell y Pearl. El evento estuvo patrocinado por el Ime de Palma, Fundaci\u00f3 la caixa y la Fetrib entre otros.<\/div>\n","protected":false},"excerpt":{"rendered":"<p>M\u00e1s de un centenar de participantes se dieron cita en la playa de Palma para participar en la primera edici\u00f3n del Triatl\u00f3n solidario M\u00e9dicos del Mundo. El d\u00eda ideal, que acompa\u00f1\u00f3 a la prueba, sobre una distancia esprint de 750m de nataci\u00f3n, 18km de ciclismo y 5 km de carrera a pie donde el vencedor &#8230;<\/p>\n","protected":false},"author":1,"featured_media":0,"comment_status":"open","ping_status":"open","sticky":false,"template":"","format":"standard","meta":{"_uag_custom_page_level_css":"","footnotes":""},"categories":[46],"tags":[],"class_list":["post-573","post","type-post","status-publish","format-standard","hentry","category-triatlo"],"uagb_featured_image_src":{"full":false,"thumbnail":false,"medium":false,"medium_large":false,"large":false,"1536x1536":false,"2048x2048":false,"tie-small":false,"tie-large":false,"slider":false},"uagb_author_info":{"display_name":"admin","author_link":"https:\/\/fetrib.com\/web\/author\/admin\/"},"uagb_comment_info":0,"uagb_excerpt":"M\u00e1s de un centenar de participantes se dieron cita en la playa de Palma para participar en la primera edici\u00f3n del Triatl\u00f3n solidario M\u00e9dicos del Mundo. El d\u00eda ideal, que acompa\u00f1\u00f3 a la prueba, sobre una distancia esprint de 750m de nataci\u00f3n, 18km de ciclismo y 5 km de carrera a pie donde el vencedor&hellip;","_links":{"self":[{"href":"https:\/\/fetrib.com\/web\/wp-json\/wp\/v2\/posts\/573","targetHints":{"allow":["GET"]}}],"collection":[{"href":"https:\/\/fetrib.com\/web\/wp-json\/wp\/v2\/posts"}],"about":[{"href":"https:\/\/fetrib.com\/web\/wp-json\/wp\/v2\/types\/post"}],"author":[{"embeddable":true,"href":"https:\/\/fetrib.com\/web\/wp-json\/wp\/v2\/users\/1"}],"replies":[{"embeddable":true,"href":"https:\/\/fetrib.com\/web\/wp-json\/wp\/v2\/comments?post=573"}],"version-history":[{"count":0,"href":"https:\/\/fetrib.com\/web\/wp-json\/wp\/v2\/posts\/573\/revisions"}],"wp:attachment":[{"href":"https:\/\/fetrib.com\/web\/wp-json\/wp\/v2\/media?parent=573"}],"wp:term":[{"taxonomy":"category","embeddable":true,"href":"https:\/\/fetrib.com\/web\/wp-json\/wp\/v2\/categories?post=573"},{"taxonomy":"post_tag","embeddable":true,"href":"https:\/\/fetrib.com\/web\/wp-json\/wp\/v2\/tags?post=573"}],"curies":[{"name":"wp","href":"https:\/\/api.w.org\/{rel}","templated":true}]}}