{"id":5745,"date":"2024-04-17T17:14:37","date_gmt":"2024-04-17T17:14:37","guid":{"rendered":"https:\/\/fetrib.com\/web\/?p=5745"},"modified":"2024-04-17T17:14:38","modified_gmt":"2024-04-17T17:14:38","slug":"criteris-de-seleccio-per-campionat-despanya-per-autonomies-2024","status":"publish","type":"post","link":"https:\/\/fetrib.com\/web\/2024\/04\/17\/criteris-de-seleccio-per-campionat-despanya-per-autonomies-2024\/","title":{"rendered":"Criteris de Selecci\u00f3 per Campionat d&#8217;Espanya per Autonomies 2024"},"content":{"rendered":"\n<p>La temporada 2024 tendr\u00e1 el campionat d\u2019Espanya per autonomies a la ciutat de M\u00e9rida el 29 i 30 de juny.<\/p>\n\n\n\n<p>La prova absoluta consistir\u00e0 en un triatl\u00f3 dist\u00e0ncia supersprint en format eliminat\u00f2ria i final el dissabte, i un triatl\u00f3 per relleus el diumenge.<\/p>\n\n\n\n<p>El campionat escolar consistir\u00e0 en un triatl\u00f3 dist\u00e0ncia supersprint en format eliminat\u00f2ria i final el dissabte, i un triatl\u00f3 per relleus el diumenge.<\/p>\n\n\n\n<p>Per tal de confeccionar les seleccions auton\u00f2miques que participaran en el Campionat d\u2019Espanya per autonomies s\u2019utilitzaran els seg\u00fcents criteris:<\/p>\n\n\n\n<ul class=\"wp-block-list\">\n<li><strong>Selecci\u00f3 Absoluta<\/strong><\/li>\n<\/ul>\n\n\n\n<p>Per classificaci\u00f3:<\/p>\n\n\n\n<ul class=\"wp-block-list\">\n<li>Primer\/a classificat\/da en el Campionat de les Illes Balears de Triatl\u00f3 Sprint.<\/li>\n\n\n\n<li>Seg\u00f3n\/a classificat\/da en el Campionat de les Illes Balears de Triatl\u00f3 Sprint.<\/li>\n<\/ul>\n\n\n\n<p>Per criteri t\u00e8cnic:<\/p>\n\n\n\n<ul class=\"wp-block-list\">\n<li>4 places a crit\u00e8ri t\u00e8cnic tenint en compte resultats en altres proves.<\/li>\n<\/ul>\n\n\n\n<ul class=\"wp-block-list\">\n<li><strong>Selecci\u00f3 Escolar<\/strong><\/li>\n<\/ul>\n\n\n\n<p>Per classificaci\u00f3:<\/p>\n\n\n\n<ul class=\"wp-block-list\">\n<li>Primer\/a classificat\/da en el Campionat de les Illes Balears de Triatl\u00f3 Sprint.<\/li>\n\n\n\n<li>Seg\u00f3n\/a classificat\/da en el Campionat de les Illes Balears de Triatl\u00f3 Sprint.<\/li>\n<\/ul>\n\n\n\n<p>Per criteri t\u00e8cnic:<\/p>\n\n\n\n<ul class=\"wp-block-list\">\n<li>2 places a crit\u00e8ri t\u00e8cnic tenint en compte resultats en altres proves.<\/li>\n<\/ul>\n\n\n\n<p><strong>El Campionat de Balears de Triatl\u00f3 Sprint tendr\u00e1 lloc a Eivissa d\u00eda 18 de Maig.<\/strong><\/p>\n","protected":false},"excerpt":{"rendered":"<p>La temporada 2024 tendr\u00e1 el campionat d\u2019Espanya per autonomies a la ciutat de M\u00e9rida el 29 i 30 de juny. La prova absoluta consistir\u00e0 en un triatl\u00f3 dist\u00e0ncia supersprint en format eliminat\u00f2ria i final el dissabte, i un triatl\u00f3 per relleus el diumenge. El campionat escolar consistir\u00e0 en un triatl\u00f3 dist\u00e0ncia supersprint en format eliminat\u00f2ria &#8230;<\/p>\n","protected":false},"author":1,"featured_media":5746,"comment_status":"closed","ping_status":"open","sticky":false,"template":"","format":"standard","meta":{"_uag_custom_page_level_css":"","footnotes":""},"categories":[1],"tags":[],"class_list":["post-5745","post","type-post","status-publish","format-standard","has-post-thumbnail","hentry","category-general"],"uagb_featured_image_src":{"full":["https:\/\/fetrib.com\/web\/wp-content\/uploads\/2024\/04\/20230707_212011-scaled.jpg",2560,1920,false],"thumbnail":["https:\/\/fetrib.com\/web\/wp-content\/uploads\/2024\/04\/20230707_212011-150x150.jpg",150,150,true],"medium":["https:\/\/fetrib.com\/web\/wp-content\/uploads\/2024\/04\/20230707_212011-300x225.jpg",300,225,true],"medium_large":["https:\/\/fetrib.com\/web\/wp-content\/uploads\/2024\/04\/20230707_212011-768x576.jpg",620,465,true],"large":["https:\/\/fetrib.com\/web\/wp-content\/uploads\/2024\/04\/20230707_212011-1024x768.jpg",620,465,true],"1536x1536":["https:\/\/fetrib.com\/web\/wp-content\/uploads\/2024\/04\/20230707_212011-1536x1152.jpg",1536,1152,true],"2048x2048":["https:\/\/fetrib.com\/web\/wp-content\/uploads\/2024\/04\/20230707_212011-2048x1536.jpg",2048,1536,true],"tie-small":["https:\/\/fetrib.com\/web\/wp-content\/uploads\/2024\/04\/20230707_212011-70x70.jpg",70,70,true],"tie-large":["https:\/\/fetrib.com\/web\/wp-content\/uploads\/2024\/04\/20230707_212011-300x160.jpg",300,160,true],"slider":["https:\/\/fetrib.com\/web\/wp-content\/uploads\/2024\/04\/20230707_212011-620x330.jpg",620,330,true]},"uagb_author_info":{"display_name":"admin","author_link":"https:\/\/fetrib.com\/web\/author\/admin\/"},"uagb_comment_info":0,"uagb_excerpt":"La temporada 2024 tendr\u00e1 el campionat d\u2019Espanya per autonomies a la ciutat de M\u00e9rida el 29 i 30 de juny. La prova absoluta consistir\u00e0 en un triatl\u00f3 dist\u00e0ncia supersprint en format eliminat\u00f2ria i final el dissabte, i un triatl\u00f3 per relleus el diumenge. El campionat escolar consistir\u00e0 en un triatl\u00f3 dist\u00e0ncia supersprint en format eliminat\u00f2ria&hellip;","_links":{"self":[{"href":"https:\/\/fetrib.com\/web\/wp-json\/wp\/v2\/posts\/5745","targetHints":{"allow":["GET"]}}],"collection":[{"href":"https:\/\/fetrib.com\/web\/wp-json\/wp\/v2\/posts"}],"about":[{"href":"https:\/\/fetrib.com\/web\/wp-json\/wp\/v2\/types\/post"}],"author":[{"embeddable":true,"href":"https:\/\/fetrib.com\/web\/wp-json\/wp\/v2\/users\/1"}],"replies":[{"embeddable":true,"href":"https:\/\/fetrib.com\/web\/wp-json\/wp\/v2\/comments?post=5745"}],"version-history":[{"count":1,"href":"https:\/\/fetrib.com\/web\/wp-json\/wp\/v2\/posts\/5745\/revisions"}],"predecessor-version":[{"id":5747,"href":"https:\/\/fetrib.com\/web\/wp-json\/wp\/v2\/posts\/5745\/revisions\/5747"}],"wp:featuredmedia":[{"embeddable":true,"href":"https:\/\/fetrib.com\/web\/wp-json\/wp\/v2\/media\/5746"}],"wp:attachment":[{"href":"https:\/\/fetrib.com\/web\/wp-json\/wp\/v2\/media?parent=5745"}],"wp:term":[{"taxonomy":"category","embeddable":true,"href":"https:\/\/fetrib.com\/web\/wp-json\/wp\/v2\/categories?post=5745"},{"taxonomy":"post_tag","embeddable":true,"href":"https:\/\/fetrib.com\/web\/wp-json\/wp\/v2\/tags?post=5745"}],"curies":[{"name":"wp","href":"https:\/\/api.w.org\/{rel}","templated":true}]}}