{"id":5757,"date":"2024-05-06T05:55:24","date_gmt":"2024-05-06T05:55:24","guid":{"rendered":"https:\/\/fetrib.com\/web\/?p=5757"},"modified":"2024-05-06T05:55:25","modified_gmt":"2024-05-06T05:55:25","slug":"gonzalo-pardo-i-victoria-benavides-sadjudiquen-la-versio-llarga-del-totaltri-mallorca","status":"publish","type":"post","link":"https:\/\/fetrib.com\/web\/2024\/05\/06\/gonzalo-pardo-i-victoria-benavides-sadjudiquen-la-versio-llarga-del-totaltri-mallorca\/","title":{"rendered":"Gonzalo Pardo i Victoria Benavides s&#8217;adjudiquen la versi\u00f3 llarga del Totaltri Mallorca."},"content":{"rendered":"\n<p><em>La prova disputada en Cala Millor va comptar amb prop de 300 participants, i una \u00e0mplia majoria d&#8217;atletes internacionals.<\/em><br>Els participants estrenaven la nova dist\u00e0ncia preparada pels organitzadors, 1300mts de nataci\u00f3, 60km de ciclisme i 15km de carrera. Els vencedors van estar acompanyats en el podi per Guillem Tomeu Vadell i Javier Cardona, i Claudia Striekwold i Johanna Janik.<br>Durant la jornada es van disputar altres dist\u00e0ncies. En la versi\u00f3 ol\u00edmpica els vencedors van ser Guillem Soler, Jakub Lewandosky i Lluis Rodas en categoria masculina i Oriana Heer, Pilar Sanchez i Sarah Winter en categoria femenina.<br>En dist\u00e0ncia small els vencedors van ser Francesc Artigues i Martyna Witecka<\/p>\n\n\n\n<figure class=\"wp-block-image size-large\"><img loading=\"lazy\" decoding=\"async\" width=\"1024\" height=\"683\" src=\"https:\/\/fetrib.com\/web\/wp-content\/uploads\/2024\/05\/WhatsApp-Image-2024-05-05-at-18.19.35-1-1024x683.jpeg\" alt=\"\" class=\"wp-image-5756\" srcset=\"https:\/\/fetrib.com\/web\/wp-content\/uploads\/2024\/05\/WhatsApp-Image-2024-05-05-at-18.19.35-1-1024x683.jpeg 1024w, https:\/\/fetrib.com\/web\/wp-content\/uploads\/2024\/05\/WhatsApp-Image-2024-05-05-at-18.19.35-1-300x200.jpeg 300w, https:\/\/fetrib.com\/web\/wp-content\/uploads\/2024\/05\/WhatsApp-Image-2024-05-05-at-18.19.35-1-768x512.jpeg 768w, https:\/\/fetrib.com\/web\/wp-content\/uploads\/2024\/05\/WhatsApp-Image-2024-05-05-at-18.19.35-1-1536x1025.jpeg 1536w, https:\/\/fetrib.com\/web\/wp-content\/uploads\/2024\/05\/WhatsApp-Image-2024-05-05-at-18.19.35-1.jpeg 2000w\" sizes=\"auto, (max-width: 1024px) 100vw, 1024px\" \/><\/figure>\n","protected":false},"excerpt":{"rendered":"<p>La prova disputada en Cala Millor va comptar amb prop de 300 participants, i una \u00e0mplia majoria d&#8217;atletes internacionals.Els participants estrenaven la nova dist\u00e0ncia preparada pels organitzadors, 1300mts de nataci\u00f3, 60km de ciclisme i 15km de carrera. Els vencedors van estar acompanyats en el podi per Guillem Tomeu Vadell i Javier Cardona, i Claudia Striekwold &#8230;<\/p>\n","protected":false},"author":1,"featured_media":5755,"comment_status":"closed","ping_status":"open","sticky":false,"template":"","format":"standard","meta":{"_uag_custom_page_level_css":"","footnotes":""},"categories":[1],"tags":[],"class_list":["post-5757","post","type-post","status-publish","format-standard","has-post-thumbnail","hentry","category-general"],"uagb_featured_image_src":{"full":["https:\/\/fetrib.com\/web\/wp-content\/uploads\/2024\/05\/WhatsApp-Image-2024-05-05-at-18.19.37-1.jpeg",2000,1334,false],"thumbnail":["https:\/\/fetrib.com\/web\/wp-content\/uploads\/2024\/05\/WhatsApp-Image-2024-05-05-at-18.19.37-1-150x150.jpeg",150,150,true],"medium":["https:\/\/fetrib.com\/web\/wp-content\/uploads\/2024\/05\/WhatsApp-Image-2024-05-05-at-18.19.37-1-300x200.jpeg",300,200,true],"medium_large":["https:\/\/fetrib.com\/web\/wp-content\/uploads\/2024\/05\/WhatsApp-Image-2024-05-05-at-18.19.37-1-768x512.jpeg",620,413,true],"large":["https:\/\/fetrib.com\/web\/wp-content\/uploads\/2024\/05\/WhatsApp-Image-2024-05-05-at-18.19.37-1-1024x683.jpeg",620,414,true],"1536x1536":["https:\/\/fetrib.com\/web\/wp-content\/uploads\/2024\/05\/WhatsApp-Image-2024-05-05-at-18.19.37-1-1536x1025.jpeg",1536,1025,true],"2048x2048":["https:\/\/fetrib.com\/web\/wp-content\/uploads\/2024\/05\/WhatsApp-Image-2024-05-05-at-18.19.37-1.jpeg",2000,1334,false],"tie-small":["https:\/\/fetrib.com\/web\/wp-content\/uploads\/2024\/05\/WhatsApp-Image-2024-05-05-at-18.19.37-1-70x70.jpeg",70,70,true],"tie-large":["https:\/\/fetrib.com\/web\/wp-content\/uploads\/2024\/05\/WhatsApp-Image-2024-05-05-at-18.19.37-1-300x160.jpeg",300,160,true],"slider":["https:\/\/fetrib.com\/web\/wp-content\/uploads\/2024\/05\/WhatsApp-Image-2024-05-05-at-18.19.37-1-620x330.jpeg",620,330,true]},"uagb_author_info":{"display_name":"admin","author_link":"https:\/\/fetrib.com\/web\/author\/admin\/"},"uagb_comment_info":0,"uagb_excerpt":"La prova disputada en Cala Millor va comptar amb prop de 300 participants, i una \u00e0mplia majoria d&#8217;atletes internacionals.Els participants estrenaven la nova dist\u00e0ncia preparada pels organitzadors, 1300mts de nataci\u00f3, 60km de ciclisme i 15km de carrera. Els vencedors van estar acompanyats en el podi per Guillem Tomeu Vadell i Javier Cardona, i Claudia Striekwold&hellip;","_links":{"self":[{"href":"https:\/\/fetrib.com\/web\/wp-json\/wp\/v2\/posts\/5757","targetHints":{"allow":["GET"]}}],"collection":[{"href":"https:\/\/fetrib.com\/web\/wp-json\/wp\/v2\/posts"}],"about":[{"href":"https:\/\/fetrib.com\/web\/wp-json\/wp\/v2\/types\/post"}],"author":[{"embeddable":true,"href":"https:\/\/fetrib.com\/web\/wp-json\/wp\/v2\/users\/1"}],"replies":[{"embeddable":true,"href":"https:\/\/fetrib.com\/web\/wp-json\/wp\/v2\/comments?post=5757"}],"version-history":[{"count":1,"href":"https:\/\/fetrib.com\/web\/wp-json\/wp\/v2\/posts\/5757\/revisions"}],"predecessor-version":[{"id":5758,"href":"https:\/\/fetrib.com\/web\/wp-json\/wp\/v2\/posts\/5757\/revisions\/5758"}],"wp:featuredmedia":[{"embeddable":true,"href":"https:\/\/fetrib.com\/web\/wp-json\/wp\/v2\/media\/5755"}],"wp:attachment":[{"href":"https:\/\/fetrib.com\/web\/wp-json\/wp\/v2\/media?parent=5757"}],"wp:term":[{"taxonomy":"category","embeddable":true,"href":"https:\/\/fetrib.com\/web\/wp-json\/wp\/v2\/categories?post=5757"},{"taxonomy":"post_tag","embeddable":true,"href":"https:\/\/fetrib.com\/web\/wp-json\/wp\/v2\/tags?post=5757"}],"curies":[{"name":"wp","href":"https:\/\/api.w.org\/{rel}","templated":true}]}}