{"id":5759,"date":"2024-05-06T06:11:01","date_gmt":"2024-05-06T06:11:01","guid":{"rendered":"https:\/\/fetrib.com\/web\/?p=5759"},"modified":"2024-05-06T06:23:00","modified_gmt":"2024-05-06T06:23:00","slug":"convocatoria-grup-de-seguiment-triatlo-cteib","status":"publish","type":"post","link":"https:\/\/fetrib.com\/web\/2024\/05\/06\/convocatoria-grup-de-seguiment-triatlo-cteib\/","title":{"rendered":"CONVOCAT\u00d2RIA GRUP DE SEGUIMENT TRIATL\u00d3 \u2013 CTEIB"},"content":{"rendered":"\n<p>Amb l&#8217;objectiu d&#8217;ampliar el seguiment dels triatletes de la nostra Comunitat, es convoca als seg\u00fcents esportistes a participar a una s\u00e8rie de sessions d\u2019entrenament conjuntament amb el programa de triatl\u00f3 del CTEIB.<\/p>\n\n\n\n<p>La primera sessi\u00f3 es realitzar\u00e0 el 11 de maig.<\/p>\n\n\n\n<p>Els esportistes convocats s\u00f3n:<\/p>\n\n\n\n<ul class=\"wp-block-list\">\n<li>Mireia Caldentey, Triatlo Porto Colom<\/li>\n\n\n\n<li>Claudia Fern\u00e1ndez, Club Triatl\u00f3n Ghost<\/li>\n\n\n\n<li>Ana Mart\u00ednez, C.E. Triacademy<\/li>\n\n\n\n<li>Maria Obrador, Triatlo Porto Colom<\/li>\n\n\n\n<li>Maria Bonet, A.D. Ibiza Half Triathlon<\/li>\n<\/ul>\n\n\n\n<ul class=\"wp-block-list\">\n<li>Telmo Oiz, Club Triatl\u00f3n Ghost<\/li>\n\n\n\n<li>H\u00e9ctor Bauza, Total Team Mallorca<\/li>\n\n\n\n<li>Toni Andujar, Total Team Mallorca<\/li>\n\n\n\n<li>Pau Gay\u00e1, Total Team Mallorca<\/li>\n\n\n\n<li>Marc Reus, RDS Triatl\u00f3<\/li>\n<\/ul>\n\n\n\n<p><strong>CONVOCAT\u00d2RIA:<\/strong><\/p>\n\n\n\n<p><strong>Dia: <\/strong>11 de maig de 2024<\/p>\n\n\n\n<p><strong>Hora: <\/strong>9h<\/p>\n\n\n\n<p><strong>Lloc:<\/strong> CTEIB<\/p>\n\n\n\n<p><strong>Modalitats: <\/strong>Nataci\u00f3 i carrera<\/p>\n\n\n\n<p><a href=\"https:\/\/fetrib.com\/web\/wp-content\/uploads\/2024\/05\/Convocatoria-seguiment-01.pdf\">Convocat\u00f2ria<\/a><\/p>\n","protected":false},"excerpt":{"rendered":"<p>Amb l&#8217;objectiu d&#8217;ampliar el seguiment dels triatletes de la nostra Comunitat, es convoca als seg\u00fcents esportistes a participar a una s\u00e8rie de sessions d\u2019entrenament conjuntament amb el programa de triatl\u00f3 del CTEIB. La primera sessi\u00f3 es realitzar\u00e0 el 11 de maig. Els esportistes convocats s\u00f3n: Mireia Caldentey, Triatlo Porto Colom Claudia Fern\u00e1ndez, Club Triatl\u00f3n Ghost &#8230;<\/p>\n","protected":false},"author":1,"featured_media":5760,"comment_status":"closed","ping_status":"open","sticky":false,"template":"","format":"standard","meta":{"_uag_custom_page_level_css":"","footnotes":""},"categories":[1],"tags":[],"class_list":["post-5759","post","type-post","status-publish","format-standard","has-post-thumbnail","hentry","category-general"],"uagb_featured_image_src":{"full":["https:\/\/fetrib.com\/web\/wp-content\/uploads\/2024\/05\/Captura-de-Pantalla-2024-05-06-a-las-8.10.20.png",1450,1116,false],"thumbnail":["https:\/\/fetrib.com\/web\/wp-content\/uploads\/2024\/05\/Captura-de-Pantalla-2024-05-06-a-las-8.10.20-150x150.png",150,150,true],"medium":["https:\/\/fetrib.com\/web\/wp-content\/uploads\/2024\/05\/Captura-de-Pantalla-2024-05-06-a-las-8.10.20-300x231.png",300,231,true],"medium_large":["https:\/\/fetrib.com\/web\/wp-content\/uploads\/2024\/05\/Captura-de-Pantalla-2024-05-06-a-las-8.10.20-768x591.png",620,477,true],"large":["https:\/\/fetrib.com\/web\/wp-content\/uploads\/2024\/05\/Captura-de-Pantalla-2024-05-06-a-las-8.10.20-1024x788.png",620,477,true],"1536x1536":["https:\/\/fetrib.com\/web\/wp-content\/uploads\/2024\/05\/Captura-de-Pantalla-2024-05-06-a-las-8.10.20.png",1450,1116,false],"2048x2048":["https:\/\/fetrib.com\/web\/wp-content\/uploads\/2024\/05\/Captura-de-Pantalla-2024-05-06-a-las-8.10.20.png",1450,1116,false],"tie-small":["https:\/\/fetrib.com\/web\/wp-content\/uploads\/2024\/05\/Captura-de-Pantalla-2024-05-06-a-las-8.10.20-70x70.png",70,70,true],"tie-large":["https:\/\/fetrib.com\/web\/wp-content\/uploads\/2024\/05\/Captura-de-Pantalla-2024-05-06-a-las-8.10.20-300x160.png",300,160,true],"slider":["https:\/\/fetrib.com\/web\/wp-content\/uploads\/2024\/05\/Captura-de-Pantalla-2024-05-06-a-las-8.10.20-620x330.png",620,330,true]},"uagb_author_info":{"display_name":"admin","author_link":"https:\/\/fetrib.com\/web\/author\/admin\/"},"uagb_comment_info":0,"uagb_excerpt":"Amb l&#8217;objectiu d&#8217;ampliar el seguiment dels triatletes de la nostra Comunitat, es convoca als seg\u00fcents esportistes a participar a una s\u00e8rie de sessions d\u2019entrenament conjuntament amb el programa de triatl\u00f3 del CTEIB. La primera sessi\u00f3 es realitzar\u00e0 el 11 de maig. Els esportistes convocats s\u00f3n: Mireia Caldentey, Triatlo Porto Colom Claudia Fern\u00e1ndez, Club Triatl\u00f3n Ghost&hellip;","_links":{"self":[{"href":"https:\/\/fetrib.com\/web\/wp-json\/wp\/v2\/posts\/5759","targetHints":{"allow":["GET"]}}],"collection":[{"href":"https:\/\/fetrib.com\/web\/wp-json\/wp\/v2\/posts"}],"about":[{"href":"https:\/\/fetrib.com\/web\/wp-json\/wp\/v2\/types\/post"}],"author":[{"embeddable":true,"href":"https:\/\/fetrib.com\/web\/wp-json\/wp\/v2\/users\/1"}],"replies":[{"embeddable":true,"href":"https:\/\/fetrib.com\/web\/wp-json\/wp\/v2\/comments?post=5759"}],"version-history":[{"count":2,"href":"https:\/\/fetrib.com\/web\/wp-json\/wp\/v2\/posts\/5759\/revisions"}],"predecessor-version":[{"id":5763,"href":"https:\/\/fetrib.com\/web\/wp-json\/wp\/v2\/posts\/5759\/revisions\/5763"}],"wp:featuredmedia":[{"embeddable":true,"href":"https:\/\/fetrib.com\/web\/wp-json\/wp\/v2\/media\/5760"}],"wp:attachment":[{"href":"https:\/\/fetrib.com\/web\/wp-json\/wp\/v2\/media?parent=5759"}],"wp:term":[{"taxonomy":"category","embeddable":true,"href":"https:\/\/fetrib.com\/web\/wp-json\/wp\/v2\/categories?post=5759"},{"taxonomy":"post_tag","embeddable":true,"href":"https:\/\/fetrib.com\/web\/wp-json\/wp\/v2\/tags?post=5759"}],"curies":[{"name":"wp","href":"https:\/\/api.w.org\/{rel}","templated":true}]}}