{"id":577,"date":"2015-05-04T11:34:41","date_gmt":"2015-05-04T11:34:41","guid":{"rendered":"http:\/\/www.fetrib.com\/web2018\/news\/latest-news\/irontrimallorca-2015\/"},"modified":"2015-05-04T11:34:41","modified_gmt":"2015-05-04T11:34:41","slug":"irontrimallorca-2015","status":"publish","type":"post","link":"https:\/\/fetrib.com\/web\/2015\/05\/04\/irontrimallorca-2015\/","title":{"rendered":"IRONTRIMALLORCA 2015"},"content":{"rendered":"<p><img decoding=\"async\" src=\"images\/eventlist\/IronTri Mallorca 2015 cartel 1.jpg\" border=\"0\" alt=\"\" width=\"75%\" style=\"display: block; margin-left: auto; margin-right: auto;\" \/><\/p>\n<p><span>Recordaros que d\u00eda 12 de Mayo hay un aumento de precio en las inscripciones de la 5 edici\u00f3n del IRONTRIMALLORCA 2015. Aprovechar los incre\u00edbles precios de este momento y uniros a la fiesta del triatl\u00f3n en Cala Millor!Consultar los premios en la web <a href=\"http:\/\/www.irontrimallorca.org\" target=\"_blank\" rel=\"noreferrer\">www.irontrimallorca.org<\/a>.<\/span><\/p>\n","protected":false},"excerpt":{"rendered":"<p>Recordaros que d\u00eda 12 de Mayo hay un aumento de precio en las inscripciones de la 5 edici\u00f3n del IRONTRIMALLORCA 2015. Aprovechar los incre\u00edbles precios de este momento y uniros a la fiesta del triatl\u00f3n en Cala Millor!Consultar los premios en la web www.irontrimallorca.org.<\/p>\n","protected":false},"author":1,"featured_media":0,"comment_status":"open","ping_status":"open","sticky":false,"template":"","format":"standard","meta":{"_uag_custom_page_level_css":"","footnotes":""},"categories":[37],"tags":[],"class_list":["post-577","post","type-post","status-publish","format-standard","hentry","category-latest-news"],"uagb_featured_image_src":{"full":false,"thumbnail":false,"medium":false,"medium_large":false,"large":false,"1536x1536":false,"2048x2048":false,"tie-small":false,"tie-large":false,"slider":false},"uagb_author_info":{"display_name":"admin","author_link":"https:\/\/fetrib.com\/web\/author\/admin\/"},"uagb_comment_info":0,"uagb_excerpt":"Recordaros que d\u00eda 12 de Mayo hay un aumento de precio en las inscripciones de la 5 edici\u00f3n del IRONTRIMALLORCA 2015. Aprovechar los incre\u00edbles precios de este momento y uniros a la fiesta del triatl\u00f3n en Cala Millor!Consultar los premios en la web www.irontrimallorca.org.","_links":{"self":[{"href":"https:\/\/fetrib.com\/web\/wp-json\/wp\/v2\/posts\/577","targetHints":{"allow":["GET"]}}],"collection":[{"href":"https:\/\/fetrib.com\/web\/wp-json\/wp\/v2\/posts"}],"about":[{"href":"https:\/\/fetrib.com\/web\/wp-json\/wp\/v2\/types\/post"}],"author":[{"embeddable":true,"href":"https:\/\/fetrib.com\/web\/wp-json\/wp\/v2\/users\/1"}],"replies":[{"embeddable":true,"href":"https:\/\/fetrib.com\/web\/wp-json\/wp\/v2\/comments?post=577"}],"version-history":[{"count":0,"href":"https:\/\/fetrib.com\/web\/wp-json\/wp\/v2\/posts\/577\/revisions"}],"wp:attachment":[{"href":"https:\/\/fetrib.com\/web\/wp-json\/wp\/v2\/media?parent=577"}],"wp:term":[{"taxonomy":"category","embeddable":true,"href":"https:\/\/fetrib.com\/web\/wp-json\/wp\/v2\/categories?post=577"},{"taxonomy":"post_tag","embeddable":true,"href":"https:\/\/fetrib.com\/web\/wp-json\/wp\/v2\/tags?post=577"}],"curies":[{"name":"wp","href":"https:\/\/api.w.org\/{rel}","templated":true}]}}