{"id":5797,"date":"2024-05-27T05:17:43","date_gmt":"2024-05-27T05:17:43","guid":{"rendered":"https:\/\/fetrib.com\/web\/?p=5797"},"modified":"2024-05-27T07:42:20","modified_gmt":"2024-05-27T07:42:20","slug":"convocatoria-ct-espanya-autonomies","status":"publish","type":"post","link":"https:\/\/fetrib.com\/web\/2024\/05\/27\/convocatoria-ct-espanya-autonomies\/","title":{"rendered":"Convocat\u00f2ria Ct Espanya Autonomies"},"content":{"rendered":"\n<p>El proper 29 i 30 de juny es disputa el Campionat d\u2019Espanya per Autonomies, i Escolar (CSD) a la localitat de Valladolid.<\/p>\n\n\n\n<p>La Federaci\u00f3 de Triatl\u00f3 de les Illes Balears estar\u00e0 representada amb 6 esportistes masculins i 6 femenins pel campionat absolut i 4 masculins i 4 femenins per l\u2019escolar.<\/p>\n\n\n\n<p>La FETRIB assumir\u00e0 les despeses de despla\u00e7ament, allotjament i dietes.<\/p>\n\n\n\n<p>Relaci\u00f3 d\u2019esportistes convocats:<\/p>\n\n\n\n<p>Mascul\u00ed<\/p>\n\n\n\n<ol class=\"wp-block-list\">\n<li>Joan W\u00e4ger CT ALBACETE RES<\/li>\n\n\n\n<li>Miguel A. Fidalgo MARATHON MALLORCA VAS<\/li>\n\n\n\n<li>Guillem Soler C.E.A. BETERA<\/li>\n\n\n\n<li>Tadeo Baruffato C.E. Illes Balears<\/li>\n\n\n\n<li>Antoni Juan <em>C.E.A. BETERA<\/em><\/li>\n\n\n\n<li>Biel Gacias C.E.A. BETERA<\/li>\n<\/ol>\n\n\n\n<p>Suplents:<\/p>\n\n\n\n<ul class=\"wp-block-list\">\n<li>Roberto Almansa C.E. Triacademy<\/li>\n\n\n\n<li>Iv\u00e1n Torres C.E. Triacademy<\/li>\n<\/ul>\n\n\n\n<p>Femen\u00ed:<\/p>\n\n\n\n<ol class=\"wp-block-list\">\n<li>Nora Romero C.E.A. BETERA<\/li>\n\n\n\n<li>Lucie Dupr\u00e9 C.E. TRIACADEMY<\/li>\n\n\n\n<li>Xisca Tous UNIVERSIDAD DE ALICANTE<\/li>\n\n\n\n<li>Maria Barcel\u00f3 Club Triatl\u00f3n Soriano<\/li>\n\n\n\n<li>Gemma Llabr\u00e9s AMISTAT-NOVOMARHOTEL<\/li>\n\n\n\n<li>Patricia Quir\u00f3s Saltoki Trikideak<\/li>\n<\/ol>\n\n\n\n<p>Suplents:<\/p>\n\n\n\n<ul class=\"wp-block-list\">\n<li>Marta Bonet Saltoki Trikideak<\/li>\n\n\n\n<li>Maria Sbert C.E. Triacademy<\/li>\n<\/ul>\n\n\n\n<p>Campionat ESCOLAR<\/p>\n\n\n\n<p>Mascul\u00ed:<\/p>\n\n\n\n<ol class=\"wp-block-list\">\n<li>Izan Baidez RDS Triatl\u00f3<\/li>\n\n\n\n<li>Telmo Oiz CLUB TRIATLON GHOST<\/li>\n\n\n\n<li>Toni Andujar TOTAL TEAM MALLORCA<\/li>\n\n\n\n<li>Hector Bauza TOTAL TEAM MALLORCA<\/li>\n<\/ol>\n\n\n\n<p>Femen\u00ed:<\/p>\n\n\n\n<ol class=\"wp-block-list\">\n<li>Mireia Caldentey TRIATL\u00d3 PORTOCOLOM<\/li>\n\n\n\n<li>Ana Mart\u00ednez C.E. Triacademy<\/li>\n\n\n\n<li>Maria Obrador TRIATL\u00d3 PORTOCOLOM<\/li>\n\n\n\n<li>Gracia Hevia TRIATL\u00d3 PORTOCOLOM<\/li>\n<\/ol>\n\n\n\n<p>Relleu Inclusiu:<\/p>\n\n\n\n<p>Bartomeu Caldentey    TRIATL\u00d3 PORTOCOLOM<\/p>\n\n\n\n<p>Properament es convocar\u00e0 a una reuni\u00f3 informativa sobre el pla de viatge establert.<\/p>\n","protected":false},"excerpt":{"rendered":"<p>El proper 29 i 30 de juny es disputa el Campionat d\u2019Espanya per Autonomies, i Escolar (CSD) a la localitat de Valladolid. La Federaci\u00f3 de Triatl\u00f3 de les Illes Balears estar\u00e0 representada amb 6 esportistes masculins i 6 femenins pel campionat absolut i 4 masculins i 4 femenins per l\u2019escolar. La FETRIB assumir\u00e0 les despeses &#8230;<\/p>\n","protected":false},"author":1,"featured_media":5746,"comment_status":"closed","ping_status":"open","sticky":false,"template":"","format":"standard","meta":{"_uag_custom_page_level_css":"","footnotes":""},"categories":[1],"tags":[],"class_list":["post-5797","post","type-post","status-publish","format-standard","has-post-thumbnail","hentry","category-general"],"uagb_featured_image_src":{"full":["https:\/\/fetrib.com\/web\/wp-content\/uploads\/2024\/04\/20230707_212011-scaled.jpg",2560,1920,false],"thumbnail":["https:\/\/fetrib.com\/web\/wp-content\/uploads\/2024\/04\/20230707_212011-150x150.jpg",150,150,true],"medium":["https:\/\/fetrib.com\/web\/wp-content\/uploads\/2024\/04\/20230707_212011-300x225.jpg",300,225,true],"medium_large":["https:\/\/fetrib.com\/web\/wp-content\/uploads\/2024\/04\/20230707_212011-768x576.jpg",620,465,true],"large":["https:\/\/fetrib.com\/web\/wp-content\/uploads\/2024\/04\/20230707_212011-1024x768.jpg",620,465,true],"1536x1536":["https:\/\/fetrib.com\/web\/wp-content\/uploads\/2024\/04\/20230707_212011-1536x1152.jpg",1536,1152,true],"2048x2048":["https:\/\/fetrib.com\/web\/wp-content\/uploads\/2024\/04\/20230707_212011-2048x1536.jpg",2048,1536,true],"tie-small":["https:\/\/fetrib.com\/web\/wp-content\/uploads\/2024\/04\/20230707_212011-70x70.jpg",70,70,true],"tie-large":["https:\/\/fetrib.com\/web\/wp-content\/uploads\/2024\/04\/20230707_212011-300x160.jpg",300,160,true],"slider":["https:\/\/fetrib.com\/web\/wp-content\/uploads\/2024\/04\/20230707_212011-620x330.jpg",620,330,true]},"uagb_author_info":{"display_name":"admin","author_link":"https:\/\/fetrib.com\/web\/author\/admin\/"},"uagb_comment_info":0,"uagb_excerpt":"El proper 29 i 30 de juny es disputa el Campionat d\u2019Espanya per Autonomies, i Escolar (CSD) a la localitat de Valladolid. La Federaci\u00f3 de Triatl\u00f3 de les Illes Balears estar\u00e0 representada amb 6 esportistes masculins i 6 femenins pel campionat absolut i 4 masculins i 4 femenins per l\u2019escolar. La FETRIB assumir\u00e0 les despeses&hellip;","_links":{"self":[{"href":"https:\/\/fetrib.com\/web\/wp-json\/wp\/v2\/posts\/5797","targetHints":{"allow":["GET"]}}],"collection":[{"href":"https:\/\/fetrib.com\/web\/wp-json\/wp\/v2\/posts"}],"about":[{"href":"https:\/\/fetrib.com\/web\/wp-json\/wp\/v2\/types\/post"}],"author":[{"embeddable":true,"href":"https:\/\/fetrib.com\/web\/wp-json\/wp\/v2\/users\/1"}],"replies":[{"embeddable":true,"href":"https:\/\/fetrib.com\/web\/wp-json\/wp\/v2\/comments?post=5797"}],"version-history":[{"count":3,"href":"https:\/\/fetrib.com\/web\/wp-json\/wp\/v2\/posts\/5797\/revisions"}],"predecessor-version":[{"id":5801,"href":"https:\/\/fetrib.com\/web\/wp-json\/wp\/v2\/posts\/5797\/revisions\/5801"}],"wp:featuredmedia":[{"embeddable":true,"href":"https:\/\/fetrib.com\/web\/wp-json\/wp\/v2\/media\/5746"}],"wp:attachment":[{"href":"https:\/\/fetrib.com\/web\/wp-json\/wp\/v2\/media?parent=5797"}],"wp:term":[{"taxonomy":"category","embeddable":true,"href":"https:\/\/fetrib.com\/web\/wp-json\/wp\/v2\/categories?post=5797"},{"taxonomy":"post_tag","embeddable":true,"href":"https:\/\/fetrib.com\/web\/wp-json\/wp\/v2\/tags?post=5797"}],"curies":[{"name":"wp","href":"https:\/\/api.w.org\/{rel}","templated":true}]}}