{"id":580,"date":"2015-06-01T07:42:57","date_gmt":"2015-06-01T07:42:57","guid":{"rendered":"http:\/\/www.fetrib.com\/web2018\/news\/latest-news\/xiv-triatlo-ciutat-de-palma\/"},"modified":"2015-06-01T07:42:57","modified_gmt":"2015-06-01T07:42:57","slug":"xiv-triatlo-ciutat-de-palma","status":"publish","type":"post","link":"https:\/\/fetrib.com\/web\/2015\/06\/01\/xiv-triatlo-ciutat-de-palma\/","title":{"rendered":"XIV TRIATL\u00d3 CIUTAT DE PALMA"},"content":{"rendered":"<p><img decoding=\"async\" src=\"images\/eventlist\/tri palma 2015.JPG\" border=\"0\" alt=\"\" width=\"75%\" style=\"display: block; margin-left: auto; margin-right: auto;\" \/><\/p>\n<p>El domingo se celebr\u00f3 el XIV Triatl\u00f3 Ciutat de Palma-Quir\u00f3n en la Platja de Palma-Can Pastilla bajo la organizaci\u00f3n de Kumulus e IME.<\/p>\n<p>Se han realizado tres salidas separadas (Hombres federados, Hombres No Federados y F\u00e9minas) para cubrir los 750m de nataci\u00f3n, casi 20km de ciclismo y 5 km de carrera a pie en un entorno ideal para la pr\u00e1ctica de este deporte.<\/p>\n<p>Se ha contado con la participaci\u00f3n de casi 350 atletas inscritos y los ganadores absolutos han sido: Masculino:<\/p>\n<p>1\u00ba Carlos Oliver Vives, M3T Ferrer Hotels 3G<\/p>\n<p>2\u00ba Toni Llull Amer, Sa Riba Club Triatl\u00f3<\/p>\n<p>3\u00ba Pau Ram\u00f3n Vera, Bimont-CC Andratx<\/p>\n<p>Femenino<\/p>\n<p>1\u00ba Xisca Tous, Diablillos de Rivas<\/p>\n<p>2\u00ba Cati Villalonga LLufriu, Duet Tri&amp;Bikes<\/p>\n<p>3\u00ba Trudy Brown,<\/p>\n<p>+resultados y categor\u00edas:<\/p>\n<p>http:\/\/www.elitechip.net\/system\/public\/download\/d5c cc15ff67a8ea076fb3c1b9389cf73.pdf<\/p>\n","protected":false},"excerpt":{"rendered":"<p>El domingo se celebr\u00f3 el XIV Triatl\u00f3 Ciutat de Palma-Quir\u00f3n en la Platja de Palma-Can Pastilla bajo la organizaci\u00f3n de Kumulus e IME. Se han realizado tres salidas separadas (Hombres federados, Hombres No Federados y F\u00e9minas) para cubrir los 750m de nataci\u00f3n, casi 20km de ciclismo y 5 km de carrera a pie en un &#8230;<\/p>\n","protected":false},"author":1,"featured_media":0,"comment_status":"open","ping_status":"open","sticky":false,"template":"","format":"standard","meta":{"_uag_custom_page_level_css":"","footnotes":""},"categories":[37],"tags":[],"class_list":["post-580","post","type-post","status-publish","format-standard","hentry","category-latest-news"],"uagb_featured_image_src":{"full":false,"thumbnail":false,"medium":false,"medium_large":false,"large":false,"1536x1536":false,"2048x2048":false,"tie-small":false,"tie-large":false,"slider":false},"uagb_author_info":{"display_name":"admin","author_link":"https:\/\/fetrib.com\/web\/author\/admin\/"},"uagb_comment_info":0,"uagb_excerpt":"El domingo se celebr\u00f3 el XIV Triatl\u00f3 Ciutat de Palma-Quir\u00f3n en la Platja de Palma-Can Pastilla bajo la organizaci\u00f3n de Kumulus e IME. Se han realizado tres salidas separadas (Hombres federados, Hombres No Federados y F\u00e9minas) para cubrir los 750m de nataci\u00f3n, casi 20km de ciclismo y 5 km de carrera a pie en un&hellip;","_links":{"self":[{"href":"https:\/\/fetrib.com\/web\/wp-json\/wp\/v2\/posts\/580","targetHints":{"allow":["GET"]}}],"collection":[{"href":"https:\/\/fetrib.com\/web\/wp-json\/wp\/v2\/posts"}],"about":[{"href":"https:\/\/fetrib.com\/web\/wp-json\/wp\/v2\/types\/post"}],"author":[{"embeddable":true,"href":"https:\/\/fetrib.com\/web\/wp-json\/wp\/v2\/users\/1"}],"replies":[{"embeddable":true,"href":"https:\/\/fetrib.com\/web\/wp-json\/wp\/v2\/comments?post=580"}],"version-history":[{"count":0,"href":"https:\/\/fetrib.com\/web\/wp-json\/wp\/v2\/posts\/580\/revisions"}],"wp:attachment":[{"href":"https:\/\/fetrib.com\/web\/wp-json\/wp\/v2\/media?parent=580"}],"wp:term":[{"taxonomy":"category","embeddable":true,"href":"https:\/\/fetrib.com\/web\/wp-json\/wp\/v2\/categories?post=580"},{"taxonomy":"post_tag","embeddable":true,"href":"https:\/\/fetrib.com\/web\/wp-json\/wp\/v2\/tags?post=580"}],"curies":[{"name":"wp","href":"https:\/\/api.w.org\/{rel}","templated":true}]}}