{"id":5818,"date":"2024-07-19T09:08:41","date_gmt":"2024-07-19T09:08:41","guid":{"rendered":"https:\/\/fetrib.com\/web\/?p=5818"},"modified":"2024-07-19T09:11:35","modified_gmt":"2024-07-19T09:11:35","slug":"acuatlo-ciutat-de-palma-el-corte-ingles","status":"publish","type":"post","link":"https:\/\/fetrib.com\/web\/2024\/07\/19\/acuatlo-ciutat-de-palma-el-corte-ingles\/","title":{"rendered":"Acuatl\u00f3 Ciutat de Palma-El Corte Ingl\u00e9s"},"content":{"rendered":"<p><em>El Acuatl\u00f3 Ciutat de Palma-El Corte Ingl\u00e9s re\u00fane a unos 200 triatletas el domingo en Can Pere Antoni<\/em><\/p>\n<p>Palma de Mallorca, 18 de julio de 2024.<\/p>\n<p>Unos 200 triatletas de las islas participar\u00e1n este domingo en una nueva edici\u00f3n del acuatl\u00f3n Ciutat de Palma-El Corte Ingl\u00e9s, bajo la organizaci\u00f3n de la Federaci\u00f3n balear de Triatl\u00f3n (FETRIB).<br \/>\nEl evento, que cuenta con la colaboraci\u00f3n del ayuntamiento de Palma, el Consell de Mallorca y Autoridad Portuaria de Balears, arrancar\u00e1 a las 9.30 horas en la plaza del Portixol de Palma, con la celebraci\u00f3n del acuatl\u00f3n est\u00e1ndar para las categor\u00edas absolutas masculina y femenina.<br \/>\nEn esta competici\u00f3n, donde participar\u00e1n algunos de los mejores triatletas actuales de Baleares, habr\u00e1 un primer sector de carrera de 2,5 kil\u00f3metros, para posteriormente nadar 1.000 metros en la playa de Can Pere Antoni y finalizar con otros 2,5 kil\u00f3metros de carrera.<br \/>\nPosteriormente, a las 10.30 horas, se celebrar\u00e1 el acuatl\u00f3n super sprint para aquellos que se inician en este deporte y para categor\u00edas cadetes e infantiles (1,250 metros de carrera, 500 metros de nataci\u00f3n y 1,250 metros de carrera). Despu\u00e9s de la entrega de premios a las 11 horas, se celebrar\u00e1n los acuatlones para los m\u00e1s peque\u00f1os (alevines, benjamines y prebenjamines).<\/p>\n","protected":false},"excerpt":{"rendered":"<p>El Acuatl\u00f3 Ciutat de Palma-El Corte Ingl\u00e9s re\u00fane a unos 200 triatletas el domingo en Can Pere Antoni Palma de Mallorca, 18 de julio de 2024. Unos 200 triatletas de las islas participar\u00e1n este domingo en una nueva edici\u00f3n del acuatl\u00f3n Ciutat de Palma-El Corte Ingl\u00e9s, bajo la organizaci\u00f3n de la Federaci\u00f3n balear de Triatl\u00f3n &#8230;<\/p>\n","protected":false},"author":1,"featured_media":5821,"comment_status":"closed","ping_status":"open","sticky":false,"template":"","format":"standard","meta":{"_uag_custom_page_level_css":"","footnotes":""},"categories":[1],"tags":[],"class_list":["post-5818","post","type-post","status-publish","format-standard","has-post-thumbnail","hentry","category-general"],"uagb_featured_image_src":{"full":["https:\/\/fetrib.com\/web\/wp-content\/uploads\/2024\/07\/20240718_140419-scaled.jpg",2223,2560,false],"thumbnail":["https:\/\/fetrib.com\/web\/wp-content\/uploads\/2024\/07\/20240718_140419-150x150.jpg",150,150,true],"medium":["https:\/\/fetrib.com\/web\/wp-content\/uploads\/2024\/07\/20240718_140419-260x300.jpg",260,300,true],"medium_large":["https:\/\/fetrib.com\/web\/wp-content\/uploads\/2024\/07\/20240718_140419-768x884.jpg",620,714,true],"large":["https:\/\/fetrib.com\/web\/wp-content\/uploads\/2024\/07\/20240718_140419-889x1024.jpg",620,714,true],"1536x1536":["https:\/\/fetrib.com\/web\/wp-content\/uploads\/2024\/07\/20240718_140419-1334x1536.jpg",1334,1536,true],"2048x2048":["https:\/\/fetrib.com\/web\/wp-content\/uploads\/2024\/07\/20240718_140419-1778x2048.jpg",1778,2048,true],"tie-small":["https:\/\/fetrib.com\/web\/wp-content\/uploads\/2024\/07\/20240718_140419-70x70.jpg",70,70,true],"tie-large":["https:\/\/fetrib.com\/web\/wp-content\/uploads\/2024\/07\/20240718_140419-300x160.jpg",300,160,true],"slider":["https:\/\/fetrib.com\/web\/wp-content\/uploads\/2024\/07\/20240718_140419-620x330.jpg",620,330,true]},"uagb_author_info":{"display_name":"admin","author_link":"https:\/\/fetrib.com\/web\/author\/admin\/"},"uagb_comment_info":0,"uagb_excerpt":"El Acuatl\u00f3 Ciutat de Palma-El Corte Ingl\u00e9s re\u00fane a unos 200 triatletas el domingo en Can Pere Antoni Palma de Mallorca, 18 de julio de 2024. Unos 200 triatletas de las islas participar\u00e1n este domingo en una nueva edici\u00f3n del acuatl\u00f3n Ciutat de Palma-El Corte Ingl\u00e9s, bajo la organizaci\u00f3n de la Federaci\u00f3n balear de Triatl\u00f3n&hellip;","_links":{"self":[{"href":"https:\/\/fetrib.com\/web\/wp-json\/wp\/v2\/posts\/5818","targetHints":{"allow":["GET"]}}],"collection":[{"href":"https:\/\/fetrib.com\/web\/wp-json\/wp\/v2\/posts"}],"about":[{"href":"https:\/\/fetrib.com\/web\/wp-json\/wp\/v2\/types\/post"}],"author":[{"embeddable":true,"href":"https:\/\/fetrib.com\/web\/wp-json\/wp\/v2\/users\/1"}],"replies":[{"embeddable":true,"href":"https:\/\/fetrib.com\/web\/wp-json\/wp\/v2\/comments?post=5818"}],"version-history":[{"count":1,"href":"https:\/\/fetrib.com\/web\/wp-json\/wp\/v2\/posts\/5818\/revisions"}],"predecessor-version":[{"id":5820,"href":"https:\/\/fetrib.com\/web\/wp-json\/wp\/v2\/posts\/5818\/revisions\/5820"}],"wp:featuredmedia":[{"embeddable":true,"href":"https:\/\/fetrib.com\/web\/wp-json\/wp\/v2\/media\/5821"}],"wp:attachment":[{"href":"https:\/\/fetrib.com\/web\/wp-json\/wp\/v2\/media?parent=5818"}],"wp:term":[{"taxonomy":"category","embeddable":true,"href":"https:\/\/fetrib.com\/web\/wp-json\/wp\/v2\/categories?post=5818"},{"taxonomy":"post_tag","embeddable":true,"href":"https:\/\/fetrib.com\/web\/wp-json\/wp\/v2\/tags?post=5818"}],"curies":[{"name":"wp","href":"https:\/\/api.w.org\/{rel}","templated":true}]}}