{"id":586,"date":"2015-06-15T08:15:29","date_gmt":"2015-06-15T08:15:29","guid":{"rendered":"http:\/\/www.fetrib.com\/web2018\/news\/latest-news\/convocatoria-campionat-d-espanya-en-edat-escolar\/"},"modified":"2015-06-15T08:15:29","modified_gmt":"2015-06-15T08:15:29","slug":"convocatoria-campionat-d-espanya-en-edat-escolar","status":"publish","type":"post","link":"https:\/\/fetrib.com\/web\/2015\/06\/15\/convocatoria-campionat-d-espanya-en-edat-escolar\/","title":{"rendered":"Convocat\u00f2ria Campionat d&#8217;Espanya en Edat Escolar"},"content":{"rendered":"<p class=\"MsoNormal\" style=\"margin-bottom: .0001pt; line-height: normal; background: white;\"><span style=\"font-size: 9.5pt; font-family: Arial; mso-bidi-font-family: Arial; color: #222222; background: white; mso-ansi-language: CA;\" lang=\"CA\"><img loading=\"lazy\" decoding=\"async\" class=\" size-full wp-image-420\" src=\"http:\/\/fetrib.com\/web\/wp-content\/uploads\/2014\/02\/logo-fetrib-web.jpg\" border=\"0\" alt=\"\" style=\"display: block; margin-left: auto; margin-right: auto;\" width=\"196\" height=\"168\" \/><\/span><\/p>\n<p class=\"MsoNormal\" style=\"margin-bottom: .0001pt; line-height: normal; background: white;\"><span style=\"font-size: 9.5pt; font-family: Arial; mso-bidi-font-family: Arial; color: #222222; background: white; mso-ansi-language: CA;\" lang=\"CA\">La Direcci\u00f3 T\u00e8cnica de la Federaci\u00f3 de Triatl\u00f3 de les Illes Balears convoca als seg\u00fcents esportistes per a participar al Campionat d&#8217;Espanya en Edat Escolar que es disputaran el proper 27 i 28 de juny a la localitat Murciana de \u00c1guilas.<\/span><\/p>\n<p class=\"MsoNormal\" style=\"margin-bottom: .0001pt; line-height: normal; background: white;\"><span style=\"font-size: 9.5pt; font-family: Arial; mso-fareast-font-family: 'Times New Roman'; mso-bidi-font-family: Arial; color: #222222; mso-ansi-language: CA; mso-fareast-language: ES;\" lang=\"CA\">Els esportistes disputaran dues jornades de competici\u00f3. El dissabte realitzaran el triatl\u00f3 individual i el diumenge el triatl\u00f3 per relleus mixtes.<\/span><\/p>\n<p class=\"MsoNormal\" style=\"margin-bottom: .0001pt; line-height: normal; background: white;\"><span style=\"font-size: 9.5pt; font-family: Arial; mso-fareast-font-family: 'Times New Roman'; mso-bidi-font-family: Arial; color: #222222; mso-ansi-language: CA; mso-fareast-language: ES;\" lang=\"CA\">Relaci\u00f3 d\u2019esportistes convocats:<\/span><\/p>\n<p class=\"MsoNormal\" style=\"margin-bottom: .0001pt; line-height: normal; background: white;\"><span style=\"font-size: 9.5pt; font-family: Arial; mso-fareast-font-family: 'Times New Roman'; mso-bidi-font-family: Arial; color: #222222; mso-ansi-language: CA; mso-fareast-language: ES;\" lang=\"CA\">Cadet<span style=\"mso-spacerun: yes;\">\u00a0 <\/span>mascul\u00ed<\/span><\/p>\n<p class=\"MsoNormal\" style=\"margin-bottom: .0001pt; line-height: normal; background: white;\"><span style=\"font-size: 9.5pt; font-family: Arial; mso-fareast-font-family: 'Times New Roman'; mso-bidi-font-family: Arial; color: #222222; mso-ansi-language: CA; mso-fareast-language: ES;\" lang=\"CA\">1. Carlos Oliver. <\/span><\/p>\n<p class=\"MsoNormal\" style=\"margin-bottom: .0001pt; line-height: normal; background: white;\"><span style=\"font-size: 9.5pt; font-family: Arial; mso-fareast-font-family: 'Times New Roman'; mso-bidi-font-family: Arial; color: #222222; mso-ansi-language: CA; mso-fareast-language: ES;\" lang=\"CA\">2. Pau Ramon.<\/span><\/p>\n<p class=\"MsoNormal\" style=\"margin-bottom: .0001pt; line-height: normal; background: white;\"><span style=\"font-size: 9.5pt; font-family: Arial; mso-fareast-font-family: 'Times New Roman'; mso-bidi-font-family: Arial; color: #222222; mso-ansi-language: CA; mso-fareast-language: ES;\" lang=\"CA\">3. Biel Tomas. <\/span><\/p>\n<p class=\"MsoNormal\" style=\"margin-bottom: .0001pt; line-height: normal; background: white;\"><span style=\"font-size: 9.5pt; font-family: Arial; mso-fareast-font-family: 'Times New Roman'; mso-bidi-font-family: Arial; color: #222222; mso-ansi-language: CA; mso-fareast-language: ES;\" lang=\"CA\">4. Josep Pages<\/span><br \/><span style=\"font-size: 9.5pt; font-family: Arial; mso-fareast-font-family: 'Times New Roman'; mso-bidi-font-family: Arial; color: #222222; mso-ansi-language: CA; mso-fareast-language: ES;\" lang=\"CA\">\u00a0<\/span><\/p>\n<p>\u00a0<\/p>\n<p class=\"MsoNormal\" style=\"margin-bottom: .0001pt; line-height: normal; background: white;\"><span style=\"font-size: 9.5pt; font-family: Arial; mso-fareast-font-family: 'Times New Roman'; mso-bidi-font-family: Arial; color: #222222; mso-ansi-language: CA; mso-fareast-language: ES;\" lang=\"CA\">Cadet femen\u00ed:<\/span><\/p>\n<p class=\"MsoNormal\" style=\"margin-bottom: .0001pt; line-height: normal; background: white;\"><span style=\"font-size: 9.5pt; font-family: Arial; mso-fareast-font-family: 'Times New Roman'; mso-bidi-font-family: Arial; color: #222222; mso-ansi-language: CA; mso-fareast-language: ES;\" lang=\"CA\">1. Cristina Tortella. <\/span><\/p>\n<p class=\"MsoNormal\" style=\"margin-bottom: .0001pt; line-height: normal; background: white;\"><span style=\"font-size: 9.5pt; font-family: Arial; mso-fareast-font-family: 'Times New Roman'; mso-bidi-font-family: Arial; color: #222222; mso-ansi-language: CA; mso-fareast-language: ES;\" lang=\"CA\">2. Paula Oliver.<\/span><\/p>\n<p class=\"MsoNormal\" style=\"margin-bottom: .0001pt; line-height: normal; background: white;\"><span style=\"font-size: 9.5pt; font-family: Arial; mso-fareast-font-family: 'Times New Roman'; mso-bidi-font-family: Arial; color: #222222; mso-ansi-language: CA; mso-fareast-language: ES;\" lang=\"CA\">3. Laia Riudavets. <\/span><\/p>\n<p class=\"MsoNormal\" style=\"margin-bottom: .0001pt; line-height: normal; background: white;\"><span style=\"font-size: 9.5pt; font-family: Arial; mso-fareast-font-family: 'Times New Roman'; mso-bidi-font-family: Arial; color: #222222; mso-ansi-language: CA; mso-fareast-language: ES;\" lang=\"CA\">4. Ana Soler<\/span><\/p>\n<p>\u00a0<\/p>\n","protected":false},"excerpt":{"rendered":"<p>La Direcci\u00f3 T\u00e8cnica de la Federaci\u00f3 de Triatl\u00f3 de les Illes Balears convoca als seg\u00fcents esportistes per a participar al Campionat d&#8217;Espanya en Edat Escolar que es disputaran el proper 27 i 28 de juny a la localitat Murciana de \u00c1guilas. Els esportistes disputaran dues jornades de competici\u00f3. El dissabte realitzaran el triatl\u00f3 individual i &#8230;<\/p>\n","protected":false},"author":1,"featured_media":420,"comment_status":"open","ping_status":"open","sticky":false,"template":"","format":"standard","meta":{"_uag_custom_page_level_css":"","footnotes":""},"categories":[37],"tags":[],"class_list":["post-586","post","type-post","status-publish","format-standard","has-post-thumbnail","hentry","category-latest-news"],"uagb_featured_image_src":{"full":["https:\/\/fetrib.com\/web\/wp-content\/uploads\/2014\/02\/logo-fetrib-web.jpg",196,168,false],"thumbnail":["https:\/\/fetrib.com\/web\/wp-content\/uploads\/2014\/02\/logo-fetrib-web-150x150.jpg",150,150,true],"medium":["https:\/\/fetrib.com\/web\/wp-content\/uploads\/2014\/02\/logo-fetrib-web.jpg",196,168,false],"medium_large":["https:\/\/fetrib.com\/web\/wp-content\/uploads\/2014\/02\/logo-fetrib-web.jpg",196,168,false],"large":["https:\/\/fetrib.com\/web\/wp-content\/uploads\/2014\/02\/logo-fetrib-web.jpg",196,168,false],"1536x1536":["https:\/\/fetrib.com\/web\/wp-content\/uploads\/2014\/02\/logo-fetrib-web.jpg",196,168,false],"2048x2048":["https:\/\/fetrib.com\/web\/wp-content\/uploads\/2014\/02\/logo-fetrib-web.jpg",196,168,false],"tie-small":["https:\/\/fetrib.com\/web\/wp-content\/uploads\/2014\/02\/logo-fetrib-web-70x70.jpg",70,70,true],"tie-large":["https:\/\/fetrib.com\/web\/wp-content\/uploads\/2014\/02\/logo-fetrib-web-196x160.jpg",196,160,true],"slider":["https:\/\/fetrib.com\/web\/wp-content\/uploads\/2014\/02\/logo-fetrib-web.jpg",196,168,false]},"uagb_author_info":{"display_name":"admin","author_link":"https:\/\/fetrib.com\/web\/author\/admin\/"},"uagb_comment_info":0,"uagb_excerpt":"La Direcci\u00f3 T\u00e8cnica de la Federaci\u00f3 de Triatl\u00f3 de les Illes Balears convoca als seg\u00fcents esportistes per a participar al Campionat d&#8217;Espanya en Edat Escolar que es disputaran el proper 27 i 28 de juny a la localitat Murciana de \u00c1guilas. Els esportistes disputaran dues jornades de competici\u00f3. El dissabte realitzaran el triatl\u00f3 individual i&hellip;","_links":{"self":[{"href":"https:\/\/fetrib.com\/web\/wp-json\/wp\/v2\/posts\/586","targetHints":{"allow":["GET"]}}],"collection":[{"href":"https:\/\/fetrib.com\/web\/wp-json\/wp\/v2\/posts"}],"about":[{"href":"https:\/\/fetrib.com\/web\/wp-json\/wp\/v2\/types\/post"}],"author":[{"embeddable":true,"href":"https:\/\/fetrib.com\/web\/wp-json\/wp\/v2\/users\/1"}],"replies":[{"embeddable":true,"href":"https:\/\/fetrib.com\/web\/wp-json\/wp\/v2\/comments?post=586"}],"version-history":[{"count":0,"href":"https:\/\/fetrib.com\/web\/wp-json\/wp\/v2\/posts\/586\/revisions"}],"wp:featuredmedia":[{"embeddable":true,"href":"https:\/\/fetrib.com\/web\/wp-json\/wp\/v2\/media\/420"}],"wp:attachment":[{"href":"https:\/\/fetrib.com\/web\/wp-json\/wp\/v2\/media?parent=586"}],"wp:term":[{"taxonomy":"category","embeddable":true,"href":"https:\/\/fetrib.com\/web\/wp-json\/wp\/v2\/categories?post=586"},{"taxonomy":"post_tag","embeddable":true,"href":"https:\/\/fetrib.com\/web\/wp-json\/wp\/v2\/tags?post=586"}],"curies":[{"name":"wp","href":"https:\/\/api.w.org\/{rel}","templated":true}]}}