{"id":593,"date":"2015-06-30T08:34:37","date_gmt":"2015-06-30T08:34:37","guid":{"rendered":"http:\/\/www.fetrib.com\/web2018\/news\/latest-news\/criteris-de-seleccio-cteib-2015-2016\/"},"modified":"2018-05-21T11:52:12","modified_gmt":"2018-05-21T11:52:12","slug":"criteris-de-seleccio-cteib-2015-2016","status":"publish","type":"post","link":"https:\/\/fetrib.com\/web\/2015\/06\/30\/criteris-de-seleccio-cteib-2015-2016\/","title":{"rendered":"Criteris de selecci\u00f3 CTEIB 2015-2016"},"content":{"rendered":"<p>La Fundaci\u00f3 per a l&#8217;Esport Balear ha publicat els criteris de selecci\u00f3 per al programa de tecnificaci\u00f3 de triatl\u00f3 del curs 2015-2016.<\/p>\n<p>Data de les proves: <strong>Dissabte 11 de juliol en doble sessi\u00f3,<\/strong> mat\u00ed nataci\u00f3(11h) i tarda carrera(18h), amb un interval de descans de 4h entre i entre.\u00a0<\/p>\n<p><strong>El programa disposa de 12 places<\/strong>.\u00a0Les edats per accedir al programa comprenen les categories cadets (99\/00\/01), j\u00fanior (98\/97) i sub23 (93\/94\/95\/96). El nombre de places per a cada categoria pot variar segons les sol\u00b7licituds, resultat dels criteris de selecci\u00f3 i\/o criteri t\u00e8cnic.<\/p>\n<p>REQUISITS GENERALS I ESPEC\u00cdFICS DELS ASPIRANTS:<\/p>\n<ul>\n<li>Tenir la condici\u00f3 de balear (lloc de naixement o resid\u00e8ncia de 3 anys).<\/li>\n<li>Tenir nacionalitat espanyola.<\/li>\n<li>Haver tramitat la llic\u00e8ncia amb la Federaci\u00f3 Balear de Triatl\u00f3 .<\/li>\n<li>Passar reconeixement m\u00e8dic.\u00a0<\/li>\n<li>No haver estat expulsat ni haver abandonat volunt\u00e0riament amb anterioritat un programa de tecnificaci\u00f3.\u00a0<\/li>\n<li>Realitzar la pr\u00e0ctica del triatl\u00f3 a un Club.<\/li>\n<li>Acreditar un m\u00ednim de resultats esportius en competicions de la nostra Federaci\u00f3 o d\u2019algun esport relacionat (atletisme, ciclisme o nataci\u00f3).<\/li>\n<li>Realitzar, les proves d\u2019aptitud f\u00edsica i complir els criteris de selecci\u00f3 exposats a continuaci \u00f3.\u00a0<\/li>\n<li>Poder assistir a classes dins el IES CTEIB per complir amb el r\u00e8gim d\u2019entrenament del programa. Excepci\u00f3 esportistes en categoria Junior que cursin estudis universitaris, i aix\u00ed ho acreditin, pr\u00e8via autoritzaci\u00f3 del Dr. T\u00e8cnic.<\/li>\n<\/ul>\n<p>Podeu consultar els criteris <a href=\"http:\/\/fundacioesportbalear.es\/sites\/default\/files\/docs\/tecnificacio_criteris_triatlo_15-16_CA.pdf\">aqu\u00ed<\/a><\/p>\n<p>Els interessats heu de presentar el seg\u00fcent formulari a la Fundaci\u00f3 per a l&#8217;Esport Balear abans de dia 10 de juliol. <a href=\"http:\/\/fundacioesportbalear.es\/sites\/default\/files\/docs\/tecnificacio_solicitud_15-16_CA.pdf\">(sol\u00b7licitud)<\/a><\/p>\n","protected":false},"excerpt":{"rendered":"<p>La Fundaci\u00f3 per a l&#8217;Esport Balear ha publicat els criteris de selecci\u00f3 per al programa de tecnificaci\u00f3 de triatl\u00f3 del curs 2015-2016. Data de les proves: Dissabte 11 de juliol en doble sessi\u00f3, mat\u00ed nataci\u00f3(11h) i tarda carrera(18h), amb un interval de descans de 4h entre i entre.\u00a0 El programa disposa de 12 places.\u00a0Les edats &#8230;<\/p>\n","protected":false},"author":1,"featured_media":0,"comment_status":"open","ping_status":"open","sticky":false,"template":"","format":"standard","meta":{"_uag_custom_page_level_css":"","footnotes":""},"categories":[62,37],"tags":[],"class_list":["post-593","post","type-post","status-publish","format-standard","hentry","category-criteris-seleccio","category-latest-news"],"uagb_featured_image_src":{"full":false,"thumbnail":false,"medium":false,"medium_large":false,"large":false,"1536x1536":false,"2048x2048":false,"tie-small":false,"tie-large":false,"slider":false},"uagb_author_info":{"display_name":"admin","author_link":"https:\/\/fetrib.com\/web\/author\/admin\/"},"uagb_comment_info":0,"uagb_excerpt":"La Fundaci\u00f3 per a l&#8217;Esport Balear ha publicat els criteris de selecci\u00f3 per al programa de tecnificaci\u00f3 de triatl\u00f3 del curs 2015-2016. Data de les proves: Dissabte 11 de juliol en doble sessi\u00f3, mat\u00ed nataci\u00f3(11h) i tarda carrera(18h), amb un interval de descans de 4h entre i entre.\u00a0 El programa disposa de 12 places.\u00a0Les edats&hellip;","_links":{"self":[{"href":"https:\/\/fetrib.com\/web\/wp-json\/wp\/v2\/posts\/593","targetHints":{"allow":["GET"]}}],"collection":[{"href":"https:\/\/fetrib.com\/web\/wp-json\/wp\/v2\/posts"}],"about":[{"href":"https:\/\/fetrib.com\/web\/wp-json\/wp\/v2\/types\/post"}],"author":[{"embeddable":true,"href":"https:\/\/fetrib.com\/web\/wp-json\/wp\/v2\/users\/1"}],"replies":[{"embeddable":true,"href":"https:\/\/fetrib.com\/web\/wp-json\/wp\/v2\/comments?post=593"}],"version-history":[{"count":1,"href":"https:\/\/fetrib.com\/web\/wp-json\/wp\/v2\/posts\/593\/revisions"}],"predecessor-version":[{"id":1765,"href":"https:\/\/fetrib.com\/web\/wp-json\/wp\/v2\/posts\/593\/revisions\/1765"}],"wp:attachment":[{"href":"https:\/\/fetrib.com\/web\/wp-json\/wp\/v2\/media?parent=593"}],"wp:term":[{"taxonomy":"category","embeddable":true,"href":"https:\/\/fetrib.com\/web\/wp-json\/wp\/v2\/categories?post=593"},{"taxonomy":"post_tag","embeddable":true,"href":"https:\/\/fetrib.com\/web\/wp-json\/wp\/v2\/tags?post=593"}],"curies":[{"name":"wp","href":"https:\/\/api.w.org\/{rel}","templated":true}]}}