{"id":596,"date":"2015-07-01T07:23:54","date_gmt":"2015-07-01T07:23:54","guid":{"rendered":"http:\/\/www.fetrib.com\/web2018\/news\/latest-news\/la-seleccion-balear-escolar-de-triatlon-vuelve-a-la-isla-con-un-notable\/"},"modified":"2015-07-01T07:23:54","modified_gmt":"2015-07-01T07:23:54","slug":"la-seleccion-balear-escolar-de-triatlon-vuelve-a-la-isla-con-un-notable","status":"publish","type":"post","link":"https:\/\/fetrib.com\/web\/2015\/07\/01\/la-seleccion-balear-escolar-de-triatlon-vuelve-a-la-isla-con-un-notable\/","title":{"rendered":"La selecci\u00f3n Balear Escolar de Triatl\u00f3n vuelve a la Isla con un notable"},"content":{"rendered":"<p class=\"MsoNormal\"><img decoding=\"async\" src=\"images\/ESCOLAR TODOS 1.jpg\" border=\"0\" alt=\"\" width=\"75%\" style=\"display: block; margin-left: auto; margin-right: auto;\" \/><\/p>\n<p class=\"MsoNormal\">La selecci\u00f3n Balear cadete ha disputado \u00a0en tierras Murcianas el Campeonato de Espa\u00f1a de Triatl\u00f3n en Edad Escolar el pasado fin de semana.<\/p>\n<p>  <!--more-->  <\/p>\n<p class=\"MsoNormal\">\u00a0<\/p>\n<p class=\"MsoNormal\">La representaci\u00f3n Balear ha sido la siguiente:<br \/>En categor\u00eda masculina:<\/p>\n<ul>\n<li>Carlos Oliver (M3T)<\/li>\n<li>Biel Tom\u00e0s (Duet- Tri&amp;Bikes)<\/li>\n<li>Josep Pag\u00e9s (Xtrem Calvi\u00e0)<\/li>\n<li>Pau Ram\u00f3n (CC Andratx Triatl\u00f3n)<\/li>\n<\/ul>\n<p class=\"MsoNormal\">En categor\u00eda femenina:<\/p>\n<ul>\n<li>Laia Riudevets\u00a0(Xtrem Calvi\u00e0)<\/li>\n<li>Ana Soler\u00a0(Xtrem Calvi\u00e0)<\/li>\n<li>Paula Oliver (Independiente)<\/li>\n<li>Cristina Tortella\u00a0(Duet- Tri&amp;Bikes)<\/li>\n<\/ul>\n<p class=\"MsoNormal\">La competici\u00f3n del s\u00e1bado se disputa de forma individual en las distancias 750-9200-2500, puntuando los tres primeros del equipo.<\/p>\n<p class=\"MsoNormal\">Los chicos quedaron en sexta posici\u00f3n y las chicas en no menos meritoria s\u00e9ptima posici\u00f3n.<\/p>\n<p class=\"MsoNormal\">A nivel individual cabe resaltar la cuarta posici\u00f3n de Carlos Oliver y la und\u00e9cima de Cristina Tortella.<\/p>\n<p class=\"MsoNormal\">La segunda jornada de competici\u00f3n se disputa por relevos mixtos en las distancias 300-5000-1500.\u00a0<\/p>\n<p class=\"MsoNormal\">Las Autonom\u00edas han de formar dos equipos (A y B) a la postre, equipos muy parejos. La selecci\u00f3n Balear\u00a0demostr\u00f3\u00a0ser muy competitiva y equilibrada en ambos equipos finalizando el Equipo- A en una s\u00e9ptima posici\u00f3n y el Equipo- B una und\u00e9cima posici\u00f3n de un total de\u00a0veintitr\u00e9s equipos.<\/p>\n<p>Para finalizar una excelente quinta posici\u00f3n en el computo general de ambas jornadas, demostrando la regularidad y latente estado de forma de nuestros\u00a0j\u00f3venes\u00a0deportistas.<\/p>\n","protected":false},"excerpt":{"rendered":"<p>La selecci\u00f3n Balear cadete ha disputado \u00a0en tierras Murcianas el Campeonato de Espa\u00f1a de Triatl\u00f3n en Edad Escolar el pasado fin de semana.<\/p>\n","protected":false},"author":1,"featured_media":0,"comment_status":"open","ping_status":"open","sticky":false,"template":"","format":"standard","meta":{"_uag_custom_page_level_css":"","footnotes":""},"categories":[37],"tags":[],"class_list":["post-596","post","type-post","status-publish","format-standard","hentry","category-latest-news"],"uagb_featured_image_src":{"full":false,"thumbnail":false,"medium":false,"medium_large":false,"large":false,"1536x1536":false,"2048x2048":false,"tie-small":false,"tie-large":false,"slider":false},"uagb_author_info":{"display_name":"admin","author_link":"https:\/\/fetrib.com\/web\/author\/admin\/"},"uagb_comment_info":0,"uagb_excerpt":"La selecci\u00f3n Balear cadete ha disputado \u00a0en tierras Murcianas el Campeonato de Espa\u00f1a de Triatl\u00f3n en Edad Escolar el pasado fin de semana.","_links":{"self":[{"href":"https:\/\/fetrib.com\/web\/wp-json\/wp\/v2\/posts\/596","targetHints":{"allow":["GET"]}}],"collection":[{"href":"https:\/\/fetrib.com\/web\/wp-json\/wp\/v2\/posts"}],"about":[{"href":"https:\/\/fetrib.com\/web\/wp-json\/wp\/v2\/types\/post"}],"author":[{"embeddable":true,"href":"https:\/\/fetrib.com\/web\/wp-json\/wp\/v2\/users\/1"}],"replies":[{"embeddable":true,"href":"https:\/\/fetrib.com\/web\/wp-json\/wp\/v2\/comments?post=596"}],"version-history":[{"count":0,"href":"https:\/\/fetrib.com\/web\/wp-json\/wp\/v2\/posts\/596\/revisions"}],"wp:attachment":[{"href":"https:\/\/fetrib.com\/web\/wp-json\/wp\/v2\/media?parent=596"}],"wp:term":[{"taxonomy":"category","embeddable":true,"href":"https:\/\/fetrib.com\/web\/wp-json\/wp\/v2\/categories?post=596"},{"taxonomy":"post_tag","embeddable":true,"href":"https:\/\/fetrib.com\/web\/wp-json\/wp\/v2\/tags?post=596"}],"curies":[{"name":"wp","href":"https:\/\/api.w.org\/{rel}","templated":true}]}}