{"id":608,"date":"2015-08-13T07:38:51","date_gmt":"2015-08-13T07:38:51","guid":{"rendered":"http:\/\/www.fetrib.com\/web2018\/news\/latest-news\/subvencio-desplacaments-entre-illes\/"},"modified":"2015-08-13T07:38:51","modified_gmt":"2015-08-13T07:38:51","slug":"subvencio-desplacaments-entre-illes","status":"publish","type":"post","link":"https:\/\/fetrib.com\/web\/2015\/08\/13\/subvencio-desplacaments-entre-illes\/","title":{"rendered":"SUBVENCI\u00d3 DESPLA\u00c7AMENTS ENTRE ILLES"},"content":{"rendered":"<p><img loading=\"lazy\" decoding=\"async\" class=\" size-full wp-image-420\" src=\"http:\/\/fetrib.com\/web\/wp-content\/uploads\/2014\/02\/logo-fetrib-web.jpg\" border=\"0\" alt=\"\" style=\"display: block; margin-left: auto; margin-right: auto;\" width=\"196\" height=\"168\" \/><\/p>\n<div>al BOIB\u00a0 s&#8217;ha publicat la Resoluci\u00f3 de la consellera de Participaci\u00f3, Transpar\u00e8ncia i Cultura de convocat\u00f2ria de les subvencions pels despla\u00e7aments entre illes que es facin des del 3 de desembre 2015 fins al 31 de desembre de 2016.<\/div>\n<div>\u00a0<\/div>\n<div>Aquesta convocat\u00f2ria est\u00e0 vinculada amb un contracte de prestaci\u00f3 de serveis d&#8217;ag\u00e8ncia de viatges amb HALCON VIAJES.<\/div>\n<div>\u00a0<\/div>\n<div>Trobareu el texte de la convocat\u00f2ria i els impresos de sol\u00b7licitud a aquest enlla\u00e7 de <a href=\"https:\/\/www.caib.es\/seucaib\/ca\/tramites\/tramite\/2521695\/\" target=\"_blank\" title=\"https:\/\/www.caib.es\/seucaib\/ca\/tramites\/tramite\/2521695\/\" rel=\"noreferrer\"> Subvencions 2016 <\/a>de la p\u00e0gina web de la Direcci\u00f3 General d&#8217;Esports i Joventut.<\/div>\n<p>\u00a0<\/p>\n","protected":false},"excerpt":{"rendered":"<p>al BOIB\u00a0 s&#8217;ha publicat la Resoluci\u00f3 de la consellera de Participaci\u00f3, Transpar\u00e8ncia i Cultura de convocat\u00f2ria de les subvencions pels despla\u00e7aments entre illes que es facin des del 3 de desembre 2015 fins al 31 de desembre de 2016. \u00a0 Aquesta convocat\u00f2ria est\u00e0 vinculada amb un contracte de prestaci\u00f3 de serveis d&#8217;ag\u00e8ncia de viatges amb &#8230;<\/p>\n","protected":false},"author":1,"featured_media":420,"comment_status":"open","ping_status":"open","sticky":false,"template":"","format":"standard","meta":{"_uag_custom_page_level_css":"","footnotes":""},"categories":[37],"tags":[],"class_list":["post-608","post","type-post","status-publish","format-standard","has-post-thumbnail","hentry","category-latest-news"],"uagb_featured_image_src":{"full":["https:\/\/fetrib.com\/web\/wp-content\/uploads\/2014\/02\/logo-fetrib-web.jpg",196,168,false],"thumbnail":["https:\/\/fetrib.com\/web\/wp-content\/uploads\/2014\/02\/logo-fetrib-web-150x150.jpg",150,150,true],"medium":["https:\/\/fetrib.com\/web\/wp-content\/uploads\/2014\/02\/logo-fetrib-web.jpg",196,168,false],"medium_large":["https:\/\/fetrib.com\/web\/wp-content\/uploads\/2014\/02\/logo-fetrib-web.jpg",196,168,false],"large":["https:\/\/fetrib.com\/web\/wp-content\/uploads\/2014\/02\/logo-fetrib-web.jpg",196,168,false],"1536x1536":["https:\/\/fetrib.com\/web\/wp-content\/uploads\/2014\/02\/logo-fetrib-web.jpg",196,168,false],"2048x2048":["https:\/\/fetrib.com\/web\/wp-content\/uploads\/2014\/02\/logo-fetrib-web.jpg",196,168,false],"tie-small":["https:\/\/fetrib.com\/web\/wp-content\/uploads\/2014\/02\/logo-fetrib-web-70x70.jpg",70,70,true],"tie-large":["https:\/\/fetrib.com\/web\/wp-content\/uploads\/2014\/02\/logo-fetrib-web-196x160.jpg",196,160,true],"slider":["https:\/\/fetrib.com\/web\/wp-content\/uploads\/2014\/02\/logo-fetrib-web.jpg",196,168,false]},"uagb_author_info":{"display_name":"admin","author_link":"https:\/\/fetrib.com\/web\/author\/admin\/"},"uagb_comment_info":0,"uagb_excerpt":"al BOIB\u00a0 s&#8217;ha publicat la Resoluci\u00f3 de la consellera de Participaci\u00f3, Transpar\u00e8ncia i Cultura de convocat\u00f2ria de les subvencions pels despla\u00e7aments entre illes que es facin des del 3 de desembre 2015 fins al 31 de desembre de 2016. \u00a0 Aquesta convocat\u00f2ria est\u00e0 vinculada amb un contracte de prestaci\u00f3 de serveis d&#8217;ag\u00e8ncia de viatges amb&hellip;","_links":{"self":[{"href":"https:\/\/fetrib.com\/web\/wp-json\/wp\/v2\/posts\/608","targetHints":{"allow":["GET"]}}],"collection":[{"href":"https:\/\/fetrib.com\/web\/wp-json\/wp\/v2\/posts"}],"about":[{"href":"https:\/\/fetrib.com\/web\/wp-json\/wp\/v2\/types\/post"}],"author":[{"embeddable":true,"href":"https:\/\/fetrib.com\/web\/wp-json\/wp\/v2\/users\/1"}],"replies":[{"embeddable":true,"href":"https:\/\/fetrib.com\/web\/wp-json\/wp\/v2\/comments?post=608"}],"version-history":[{"count":0,"href":"https:\/\/fetrib.com\/web\/wp-json\/wp\/v2\/posts\/608\/revisions"}],"wp:featuredmedia":[{"embeddable":true,"href":"https:\/\/fetrib.com\/web\/wp-json\/wp\/v2\/media\/420"}],"wp:attachment":[{"href":"https:\/\/fetrib.com\/web\/wp-json\/wp\/v2\/media?parent=608"}],"wp:term":[{"taxonomy":"category","embeddable":true,"href":"https:\/\/fetrib.com\/web\/wp-json\/wp\/v2\/categories?post=608"},{"taxonomy":"post_tag","embeddable":true,"href":"https:\/\/fetrib.com\/web\/wp-json\/wp\/v2\/tags?post=608"}],"curies":[{"name":"wp","href":"https:\/\/api.w.org\/{rel}","templated":true}]}}