{"id":61,"date":"2011-03-11T19:34:54","date_gmt":"2011-03-11T19:34:54","guid":{"rendered":"http:\/\/www.fetrib.com\/web2018\/comite-tecnico\/campeonatos-autonomicos\/"},"modified":"2011-03-11T19:34:54","modified_gmt":"2011-03-11T19:34:54","slug":"campeonatos-autonomicos","status":"publish","type":"post","link":"https:\/\/fetrib.com\/web\/2011\/03\/11\/campeonatos-autonomicos\/","title":{"rendered":"CAMPEONATOS AUTONOMICOS"},"content":{"rendered":"<p class=\"Textoindependiente21\" style=\"margin: 0cm 0cm 0pt;\"><strong style=\"mso-bidi-font-weight: normal;\"><span style=\"text-decoration: underline;\"><span style=\"font-family: &quot;Gill Sans MT&quot;,&quot;sans-serif&quot;; font-size: 12pt; mso-bidi-font-size: 10.0pt; mso-fareast-font-family: 'Arial Unicode MS'; mso-bidi-font-family: 'Arial Unicode MS'; mso-ansi-language: CA;\" lang=\"CA\"><span style=\"color: #000000;\">Circular Direcci\u00f3 T\u00e8cnica de la Federaci\u00f3 de Triatl\u00f3 de les Illes Balears<\/span><\/span><\/span><\/strong><\/p>\n<p class=\"Textoindependiente21\" style=\"margin: 0cm 0cm 0pt;\"><span style=\"font-family: &quot;Gill Sans MT&quot;,&quot;sans-serif&quot;; font-size: 12pt; mso-bidi-font-size: 10.0pt; mso-fareast-font-family: 'Arial Unicode MS'; mso-bidi-font-family: 'Arial Unicode MS'; mso-ansi-language: CA;\" lang=\"CA\"><span style=\"color: #000000;\">\u00a0<\/span><\/span><\/p>\n<p class=\"Textoindependiente21\" style=\"margin: 0cm 0cm 0pt;\"><span style=\"font-family: &quot;Gill Sans MT&quot;,&quot;sans-serif&quot;; font-size: 12pt; mso-bidi-font-size: 10.0pt; mso-fareast-font-family: 'Arial Unicode MS'; mso-bidi-font-family: 'Arial Unicode MS'; mso-ansi-language: CA;\" lang=\"CA\"><span style=\"color: #000000;\">Es comunica el seg\u00fcent;<\/span><\/span><\/p>\n<p class=\"Textoindependiente21\" style=\"margin: 0cm 0cm 0pt;\"><span style=\"font-family: &quot;Gill Sans MT&quot;,&quot;sans-serif&quot;; font-size: 12pt; mso-bidi-font-size: 10.0pt; mso-fareast-font-family: 'Arial Unicode MS'; mso-bidi-font-family: 'Arial Unicode MS'; mso-ansi-language: CA;\" lang=\"CA\"><span style=\"color: #000000;\">\u00a0<\/span><\/span><\/p>\n<p class=\"Textoindependiente21\" style=\"text-indent: -18pt; margin: 0cm 0cm 0pt 36pt; mso-list: l0 level1 lfo1;\"><span style=\"color: #000000;\"><span style=\"font-family: &quot;Gill Sans MT&quot;,&quot;sans-serif&quot;; font-size: 12pt; mso-bidi-font-size: 10.0pt; mso-fareast-font-family: 'Gill Sans MT'; mso-bidi-font-family: 'Gill Sans MT'; mso-ansi-language: CA;\" lang=\"CA\"><span style=\"mso-list: Ignore;\">&#8211;<span style=\"font: 7pt &quot;Times New Roman&quot;;\">\u00a0\u00a0\u00a0\u00a0\u00a0\u00a0 <\/span><\/span><\/span><span style=\"font-family: &quot;Gill Sans MT&quot;,&quot;sans-serif&quot;; font-size: 12pt; mso-bidi-font-size: 10.0pt; mso-fareast-font-family: 'Arial Unicode MS'; mso-bidi-font-family: 'Arial Unicode MS'; mso-ansi-language: CA;\" lang=\"CA\">Degut a la situaci\u00f3 econ\u00f2mica actual, aquesta temporada 2010-2011 no s\u2019assistir\u00e0 als diferents Campionats d\u2019Espanya per Autonomies de Duatl\u00f3 i Triatl\u00f3, en cap de les dues categories.<\/span><\/span><\/p>\n<p class=\"Textoindependiente21\" style=\"margin: 0cm 0cm 0pt 36pt;\"><span style=\"font-family: &quot;Gill Sans MT&quot;,&quot;sans-serif&quot;; font-size: 12pt; mso-bidi-font-size: 10.0pt; mso-fareast-font-family: 'Arial Unicode MS'; mso-bidi-font-family: 'Arial Unicode MS'; mso-ansi-language: CA;\" lang=\"CA\"><span style=\"color: #000000;\">\u00a0<\/span><\/span><\/p>\n<p class=\"Textoindependiente21\" style=\"text-indent: -18pt; margin: 0cm 0cm 0pt 36pt; mso-list: l0 level1 lfo1;\"><span style=\"color: #000000;\"><span style=\"font-family: &quot;Gill Sans MT&quot;,&quot;sans-serif&quot;; font-size: 12pt; mso-bidi-font-size: 10.0pt; mso-fareast-font-family: 'Gill Sans MT'; mso-bidi-font-family: 'Gill Sans MT'; mso-ansi-language: CA;\" lang=\"CA\"><span style=\"mso-list: Ignore;\">&#8211;<span style=\"font: 7pt &quot;Times New Roman&quot;;\">\u00a0\u00a0\u00a0\u00a0\u00a0\u00a0 <\/span><\/span><\/span><span style=\"font-family: &quot;Gill Sans MT&quot;,&quot;sans-serif&quot;; font-size: 12pt; mso-bidi-font-size: 10.0pt; mso-fareast-font-family: 'Arial Unicode MS'; mso-bidi-font-family: 'Arial Unicode MS'; mso-ansi-language: CA;\" lang=\"CA\">A l\u2019\u00fanic Campionat d\u2019Espanya que participar\u00e0 la nostra Federaci\u00f3, ser\u00e0 el de categoria escolar, cadets, (CSD) de Triatl\u00f3 a celebrar a Gal\u00edcia, ja que les despeses corren a c\u00e0rrec del Govern Balear.<\/span><\/span><\/p>\n<p class=\"Textoindependiente21\" style=\"margin: 0cm 0cm 0pt;\"><span style=\"font-family: &quot;Gill Sans MT&quot;,&quot;sans-serif&quot;; font-size: 12pt; mso-bidi-font-size: 10.0pt; mso-fareast-font-family: 'Arial Unicode MS'; mso-bidi-font-family: 'Arial Unicode MS'; mso-ansi-language: CA;\" lang=\"CA\"><span style=\"color: #000000;\">\u00a0<\/span><\/span><\/p>\n<p class=\"Textoindependiente21\" style=\"text-indent: -18pt; margin: 0cm 0cm 0pt 36pt; mso-list: l0 level1 lfo1;\"><span style=\"font-family: &quot;Gill Sans MT&quot;,&quot;sans-serif&quot;; font-size: 12pt; mso-bidi-font-size: 10.0pt; mso-fareast-font-family: 'Gill Sans MT'; mso-bidi-font-family: 'Gill Sans MT'; mso-ansi-language: CA;\" lang=\"CA\"><span style=\"mso-list: Ignore;\"><span style=\"color: #000000;\">&#8211;<span style=\"font: 7pt &quot;Times New Roman&quot;;\">\u00a0\u00a0\u00a0\u00a0\u00a0\u00a0 <\/span><\/span><\/span><\/span><span style=\"font-family: &quot;Gill Sans MT&quot;,&quot;sans-serif&quot;; font-size: 12pt; mso-bidi-font-size: 10.0pt; mso-fareast-font-family: 'Arial Unicode MS'; mso-bidi-font-family: 'Arial Unicode MS'; mso-ansi-language: CA;\" lang=\"CA\"><span style=\"color: #000000;\">Tamb\u00e9 es comunica que els triatletes o duatletes que vulguin participar al Campionat d\u2019Espanya de les seves categories, ho podran fer representant el seu Club i s\u2019han d\u2019inscriure a la web de la Federaci\u00f3 Espanyola de Triatl\u00f3 (<\/span><a href=\"http:\/\/www.triatlon.org\/\"><span style=\"text-decoration: underline;\"><span style=\"color: #800080;\">www.triatlon.org<\/span><\/span><\/a><span style=\"color: #000000;\">) . En aquest cas, totes les despeses aniran a c\u00e0rrec del Club o de l\u2019esportista interessat, podr\u00e0 optar a les ajudes del Govern Balear per despla\u00e7aments.<\/span><\/span><\/p>\n<p class=\"Textoindependiente21\" style=\"margin: 0cm 0cm 0pt 18pt;\"><span style=\"font-family: &quot;Gill Sans MT&quot;,&quot;sans-serif&quot;; font-size: 12pt; mso-bidi-font-size: 10.0pt; mso-fareast-font-family: 'Arial Unicode MS'; mso-bidi-font-family: 'Arial Unicode MS'; mso-ansi-language: CA;\" lang=\"CA\"><span style=\"color: #000000;\">\u00a0<\/span><\/span><\/p>\n<p class=\"Textoindependiente21\" style=\"margin: 0cm 0cm 0pt 18pt;\"><span style=\"font-family: &quot;Gill Sans MT&quot;,&quot;sans-serif&quot;; font-size: 12pt; mso-bidi-font-size: 10.0pt; mso-fareast-font-family: 'Arial Unicode MS'; mso-bidi-font-family: 'Arial Unicode MS'; mso-ansi-language: CA;\" lang=\"CA\"><span style=\"color: #000000;\">\u00a0<\/span><\/span><\/p>\n<p class=\"Textoindependiente21\" style=\"margin: 0cm 0cm 0pt 18pt;\"><span style=\"font-family: &quot;Gill Sans MT&quot;,&quot;sans-serif&quot;; font-size: 12pt; mso-bidi-font-size: 10.0pt; mso-fareast-font-family: 'Arial Unicode MS'; mso-bidi-font-family: 'Arial Unicode MS'; mso-ansi-language: CA;\" lang=\"CA\"><span style=\"color: #000000;\">Palma, 2 de mar\u00e7 de 2011<\/span><\/span><\/p>\n<p class=\"Textoindependiente21\" style=\"margin: 0cm 0cm 0pt 18pt;\"><span style=\"font-family: &quot;Gill Sans MT&quot;,&quot;sans-serif&quot;; font-size: 12pt; mso-bidi-font-size: 10.0pt; mso-fareast-font-family: 'Arial Unicode MS'; mso-bidi-font-family: 'Arial Unicode MS'; mso-ansi-language: CA;\" lang=\"CA\"><span style=\"color: #000000;\">\u00a0<\/span><\/span><\/p>\n<p class=\"Textoindependiente21\" style=\"margin: 0cm 0cm 0pt 18pt;\"><span style=\"font-family: &quot;Gill Sans MT&quot;,&quot;sans-serif&quot;; font-size: 12pt; mso-bidi-font-size: 10.0pt; mso-fareast-font-family: 'Arial Unicode MS'; mso-bidi-font-family: 'Arial Unicode MS'; mso-ansi-language: CA;\" lang=\"CA\"><span style=\"color: #000000;\">\u00a0<\/span><\/span><\/p>\n<p class=\"Textoindependiente21\" style=\"margin: 0cm 0cm 0pt 18pt;\"><span style=\"font-family: &quot;Gill Sans MT&quot;,&quot;sans-serif&quot;; font-size: 12pt; mso-bidi-font-size: 10.0pt; mso-fareast-font-family: 'Arial Unicode MS'; mso-bidi-font-family: 'Arial Unicode MS'; mso-ansi-language: CA;\" lang=\"CA\"><span style=\"color: #000000;\">Direcci\u00f3 T\u00e8cnica de la FETRIB<\/span><\/span><\/p>\n","protected":false},"excerpt":{"rendered":"<p>Circular Direcci\u00f3 T\u00e8cnica de la Federaci\u00f3 de Triatl\u00f3 de les Illes Balears \u00a0 Es comunica el seg\u00fcent; \u00a0 &#8211;\u00a0\u00a0\u00a0\u00a0\u00a0\u00a0 Degut a la situaci\u00f3 econ\u00f2mica actual, aquesta temporada 2010-2011 no s\u2019assistir\u00e0 als diferents Campionats d\u2019Espanya per Autonomies de Duatl\u00f3 i Triatl\u00f3, en cap de les dues categories. \u00a0 &#8211;\u00a0\u00a0\u00a0\u00a0\u00a0\u00a0 A l\u2019\u00fanic Campionat d\u2019Espanya que participar\u00e0 la &#8230;<\/p>\n","protected":false},"author":1,"featured_media":0,"comment_status":"open","ping_status":"open","sticky":false,"template":"","format":"standard","meta":{"_uag_custom_page_level_css":"","footnotes":""},"categories":[27],"tags":[],"class_list":["post-61","post","type-post","status-publish","format-standard","hentry","category-comite-tecnico"],"uagb_featured_image_src":{"full":false,"thumbnail":false,"medium":false,"medium_large":false,"large":false,"1536x1536":false,"2048x2048":false,"tie-small":false,"tie-large":false,"slider":false},"uagb_author_info":{"display_name":"admin","author_link":"https:\/\/fetrib.com\/web\/author\/admin\/"},"uagb_comment_info":0,"uagb_excerpt":"Circular Direcci\u00f3 T\u00e8cnica de la Federaci\u00f3 de Triatl\u00f3 de les Illes Balears \u00a0 Es comunica el seg\u00fcent; \u00a0 &#8211;\u00a0\u00a0\u00a0\u00a0\u00a0\u00a0 Degut a la situaci\u00f3 econ\u00f2mica actual, aquesta temporada 2010-2011 no s\u2019assistir\u00e0 als diferents Campionats d\u2019Espanya per Autonomies de Duatl\u00f3 i Triatl\u00f3, en cap de les dues categories. \u00a0 &#8211;\u00a0\u00a0\u00a0\u00a0\u00a0\u00a0 A l\u2019\u00fanic Campionat d\u2019Espanya que participar\u00e0 la&hellip;","_links":{"self":[{"href":"https:\/\/fetrib.com\/web\/wp-json\/wp\/v2\/posts\/61","targetHints":{"allow":["GET"]}}],"collection":[{"href":"https:\/\/fetrib.com\/web\/wp-json\/wp\/v2\/posts"}],"about":[{"href":"https:\/\/fetrib.com\/web\/wp-json\/wp\/v2\/types\/post"}],"author":[{"embeddable":true,"href":"https:\/\/fetrib.com\/web\/wp-json\/wp\/v2\/users\/1"}],"replies":[{"embeddable":true,"href":"https:\/\/fetrib.com\/web\/wp-json\/wp\/v2\/comments?post=61"}],"version-history":[{"count":0,"href":"https:\/\/fetrib.com\/web\/wp-json\/wp\/v2\/posts\/61\/revisions"}],"wp:attachment":[{"href":"https:\/\/fetrib.com\/web\/wp-json\/wp\/v2\/media?parent=61"}],"wp:term":[{"taxonomy":"category","embeddable":true,"href":"https:\/\/fetrib.com\/web\/wp-json\/wp\/v2\/categories?post=61"},{"taxonomy":"post_tag","embeddable":true,"href":"https:\/\/fetrib.com\/web\/wp-json\/wp\/v2\/tags?post=61"}],"curies":[{"name":"wp","href":"https:\/\/api.w.org\/{rel}","templated":true}]}}