{"id":610,"date":"2015-09-01T10:19:38","date_gmt":"2015-09-01T10:19:38","guid":{"rendered":"http:\/\/www.fetrib.com\/web2018\/news\/latest-news\/el-triatlon-balear-en-sus-mejores-momentos\/"},"modified":"2015-09-01T10:19:38","modified_gmt":"2015-09-01T10:19:38","slug":"el-triatlon-balear-en-sus-mejores-momentos","status":"publish","type":"post","link":"https:\/\/fetrib.com\/web\/2015\/09\/01\/el-triatlon-balear-en-sus-mejores-momentos\/","title":{"rendered":"El triatl\u00f3n Balear en sus mejores momentos"},"content":{"rendered":"<p class=\"MsoNormal\"><img decoding=\"async\" src=\"images\/eventlist\/fidalgo y lucas.jpg\" border=\"0\" alt=\"\" width=\"75%\" style=\"display: block; margin-left: auto; margin-right: auto;\" \/><\/p>\n<p class=\"MsoNormal\">El triatl\u00f3n balear est\u00e1 viviendo los mejores momentos, constatados, gracias a los hist\u00f3ricos resultados cosechados el pasado fin de semana tanto en pruebas nacionales como internacionales.<\/p>\n<p>  <!--more-->  <\/p>\n<p class=\"MsoNormal\">En la localidad de Altafulla se disput\u00f3 la prueba reina del panorama nacional con el Campeonato de Espa\u00f1a de Triatl\u00f3n Ol\u00edmpico con la participaci\u00f3n balear m\u00e1s fuerte de los \u00faltimos a\u00f1os. En la prueba f\u00e9mina, Xisca Tous se llev\u00f3 la medalla de bronce en categor\u00eda sub-23 y un m\u00e1s que excelente 9\u00baposici\u00f3n absoluta del nacional y campeona de Espa\u00f1a pos clubs.<\/p>\n<p class=\"MsoNormal\">En masculino, la sorpresa la di\u00f3 el especialista en larga distancia, Miguel Angel Fidalgo ( CT Ferrer Hotels ) que pese a no tener la velocidad que requiere estas pruebas, se code\u00f3 con triatletas habituales de las series mundiales hasta los \u00faltimos metros donde finalmente finaliz\u00f3 con un hist\u00f3rico 4 lugar \u00a0absoluto, subcampe\u00f3n de Espa\u00f1a en categor\u00eda \u00c9lite, y mejor resultado personal. Por otro lado, Lucas Mola finaliz\u00f3 en 32\u00ba y 13\u00ba sub-23 tras sufrir problemas en la carrera a pie y liderar el sector ciclista.<\/p>\n<p class=\"MsoNormal\">En grupos de edad tambi\u00e9n participaron Albert Ribas, ( campe\u00f3n de Espa\u00f1a 18-19), Joan Ferrer 6\u00ba ( 20-24 ) ,Manuel Monclus 37\u00ba ( 40-44),Federico Rodriguez 4\u00ba ( 45-49), Andoni Valencia 10\u00ba ( 50-54)<\/p>\n<p class=\"MsoNormal\">En Guadalajara se disput\u00f3 el 30\u00ba edici\u00f3n de su Triatl\u00f3n nacional de media distancia donde el triatleta Josep Torres ( CT Ferrer Hotels ) finaliz\u00f3 en 3\u00ba posici\u00f3n de la general absoluta.<\/p>\n<p>En el mundial de media distancia en formato IronMan 70.3, Miguel Ensenyat \u00a0( Garden Hotels) finaliz\u00f3 en un destacado 4\u00ba posici\u00f3n en su grupo de edad ( 40-44 ) donde tambi\u00e9n participaron otros destacados triatletas como Miguel Fernandez Mini\u00f1o que finaliz\u00f3 el 32\u00ba del mundial, as\u00ed como Carol Sitjes, Ivan Mu\u00f1oz y Biel Oliver , que tambi\u00e9n subieron a p\u00f3dium de su categor\u00eda en la prueba open, todos ellos del ( MallorcaTraining-m3t)<\/p>\n<p class=\"MsoNormal\">\u00a0<\/p>\n","protected":false},"excerpt":{"rendered":"<p>El triatl\u00f3n balear est\u00e1 viviendo los mejores momentos, constatados, gracias a los hist\u00f3ricos resultados cosechados el pasado fin de semana tanto en pruebas nacionales como internacionales.<\/p>\n","protected":false},"author":1,"featured_media":0,"comment_status":"open","ping_status":"open","sticky":false,"template":"","format":"standard","meta":{"_uag_custom_page_level_css":"","footnotes":""},"categories":[37],"tags":[],"class_list":["post-610","post","type-post","status-publish","format-standard","hentry","category-latest-news"],"uagb_featured_image_src":{"full":false,"thumbnail":false,"medium":false,"medium_large":false,"large":false,"1536x1536":false,"2048x2048":false,"tie-small":false,"tie-large":false,"slider":false},"uagb_author_info":{"display_name":"admin","author_link":"https:\/\/fetrib.com\/web\/author\/admin\/"},"uagb_comment_info":0,"uagb_excerpt":"El triatl\u00f3n balear est\u00e1 viviendo los mejores momentos, constatados, gracias a los hist\u00f3ricos resultados cosechados el pasado fin de semana tanto en pruebas nacionales como internacionales.","_links":{"self":[{"href":"https:\/\/fetrib.com\/web\/wp-json\/wp\/v2\/posts\/610","targetHints":{"allow":["GET"]}}],"collection":[{"href":"https:\/\/fetrib.com\/web\/wp-json\/wp\/v2\/posts"}],"about":[{"href":"https:\/\/fetrib.com\/web\/wp-json\/wp\/v2\/types\/post"}],"author":[{"embeddable":true,"href":"https:\/\/fetrib.com\/web\/wp-json\/wp\/v2\/users\/1"}],"replies":[{"embeddable":true,"href":"https:\/\/fetrib.com\/web\/wp-json\/wp\/v2\/comments?post=610"}],"version-history":[{"count":0,"href":"https:\/\/fetrib.com\/web\/wp-json\/wp\/v2\/posts\/610\/revisions"}],"wp:attachment":[{"href":"https:\/\/fetrib.com\/web\/wp-json\/wp\/v2\/media?parent=610"}],"wp:term":[{"taxonomy":"category","embeddable":true,"href":"https:\/\/fetrib.com\/web\/wp-json\/wp\/v2\/categories?post=610"},{"taxonomy":"post_tag","embeddable":true,"href":"https:\/\/fetrib.com\/web\/wp-json\/wp\/v2\/tags?post=610"}],"curies":[{"name":"wp","href":"https:\/\/api.w.org\/{rel}","templated":true}]}}