{"id":6272,"date":"2025-01-15T14:23:01","date_gmt":"2025-01-15T14:23:01","guid":{"rendered":"https:\/\/fetrib.com\/web\/?p=6272"},"modified":"2025-01-15T14:23:01","modified_gmt":"2025-01-15T14:23:01","slug":"proces-electoral-24-28","status":"publish","type":"post","link":"https:\/\/fetrib.com\/web\/2025\/01\/15\/proces-electoral-24-28\/","title":{"rendered":"Proc\u00e9s Electoral 24-28"},"content":{"rendered":"<p>A data 15 de gener de 2025 la Junta Electoral ha publicat el llistat de candidatures presentades per a ser assembleistes a la Federaci\u00f3 de Triatl\u00f3 de les Illes Balears<\/p>\n<p>Davant aquesta resoluci\u00f3 es pot presentar un recurs davant el TEIB en els propers 3 dies h\u00e0bils<\/p>\n<ul>\n<li><a href=\"https:\/\/fetrib.com\/web\/wp-content\/uploads\/2025\/01\/03.-Junta-Electoral-Publicacio-Avals-Provisional.pdf\">Candidats provissionals a Assembleistes<\/a><\/li>\n<\/ul>\n<p>&nbsp;<\/p>\n","protected":false},"excerpt":{"rendered":"<p>A data 15 de gener de 2025 la Junta Electoral ha publicat el llistat de candidatures presentades per a ser assembleistes a la Federaci\u00f3 de Triatl\u00f3 de les Illes Balears Davant aquesta resoluci\u00f3 es pot presentar un recurs davant el TEIB en els propers 3 dies h\u00e0bils Candidats provissionals a Assembleistes &nbsp;<\/p>\n","protected":false},"author":1,"featured_media":3918,"comment_status":"closed","ping_status":"open","sticky":false,"template":"","format":"standard","meta":{"_uag_custom_page_level_css":"","footnotes":""},"categories":[1],"tags":[],"class_list":["post-6272","post","type-post","status-publish","format-standard","has-post-thumbnail","hentry","category-general"],"uagb_featured_image_src":{"full":["https:\/\/fetrib.com\/web\/wp-content\/uploads\/2022\/07\/Logo-Quadrat-FETRIB-2-e1659420304386.png",200,199,false],"thumbnail":["https:\/\/fetrib.com\/web\/wp-content\/uploads\/2022\/07\/Logo-Quadrat-FETRIB-2-150x150.png",150,150,true],"medium":["https:\/\/fetrib.com\/web\/wp-content\/uploads\/2022\/07\/Logo-Quadrat-FETRIB-2-300x300.png",300,300,true],"medium_large":["https:\/\/fetrib.com\/web\/wp-content\/uploads\/2022\/07\/Logo-Quadrat-FETRIB-2-e1659420304386.png",200,199,false],"large":["https:\/\/fetrib.com\/web\/wp-content\/uploads\/2022\/07\/Logo-Quadrat-FETRIB-2-e1659420304386.png",200,199,false],"1536x1536":["https:\/\/fetrib.com\/web\/wp-content\/uploads\/2022\/07\/Logo-Quadrat-FETRIB-2-e1659420304386.png",200,199,false],"2048x2048":["https:\/\/fetrib.com\/web\/wp-content\/uploads\/2022\/07\/Logo-Quadrat-FETRIB-2-e1659420304386.png",200,199,false],"tie-small":["https:\/\/fetrib.com\/web\/wp-content\/uploads\/2022\/07\/Logo-Quadrat-FETRIB-2-70x70.png",70,70,true],"tie-large":["https:\/\/fetrib.com\/web\/wp-content\/uploads\/2022\/07\/Logo-Quadrat-FETRIB-2-300x160.png",300,160,true],"slider":["https:\/\/fetrib.com\/web\/wp-content\/uploads\/2022\/07\/Logo-Quadrat-FETRIB-2-417x330.png",417,330,true]},"uagb_author_info":{"display_name":"admin","author_link":"https:\/\/fetrib.com\/web\/author\/admin\/"},"uagb_comment_info":0,"uagb_excerpt":"A data 15 de gener de 2025 la Junta Electoral ha publicat el llistat de candidatures presentades per a ser assembleistes a la Federaci\u00f3 de Triatl\u00f3 de les Illes Balears Davant aquesta resoluci\u00f3 es pot presentar un recurs davant el TEIB en els propers 3 dies h\u00e0bils Candidats provissionals a Assembleistes &nbsp;","_links":{"self":[{"href":"https:\/\/fetrib.com\/web\/wp-json\/wp\/v2\/posts\/6272","targetHints":{"allow":["GET"]}}],"collection":[{"href":"https:\/\/fetrib.com\/web\/wp-json\/wp\/v2\/posts"}],"about":[{"href":"https:\/\/fetrib.com\/web\/wp-json\/wp\/v2\/types\/post"}],"author":[{"embeddable":true,"href":"https:\/\/fetrib.com\/web\/wp-json\/wp\/v2\/users\/1"}],"replies":[{"embeddable":true,"href":"https:\/\/fetrib.com\/web\/wp-json\/wp\/v2\/comments?post=6272"}],"version-history":[{"count":1,"href":"https:\/\/fetrib.com\/web\/wp-json\/wp\/v2\/posts\/6272\/revisions"}],"predecessor-version":[{"id":6273,"href":"https:\/\/fetrib.com\/web\/wp-json\/wp\/v2\/posts\/6272\/revisions\/6273"}],"wp:featuredmedia":[{"embeddable":true,"href":"https:\/\/fetrib.com\/web\/wp-json\/wp\/v2\/media\/3918"}],"wp:attachment":[{"href":"https:\/\/fetrib.com\/web\/wp-json\/wp\/v2\/media?parent=6272"}],"wp:term":[{"taxonomy":"category","embeddable":true,"href":"https:\/\/fetrib.com\/web\/wp-json\/wp\/v2\/categories?post=6272"},{"taxonomy":"post_tag","embeddable":true,"href":"https:\/\/fetrib.com\/web\/wp-json\/wp\/v2\/tags?post=6272"}],"curies":[{"name":"wp","href":"https:\/\/api.w.org\/{rel}","templated":true}]}}