{"id":6274,"date":"2025-01-15T14:53:16","date_gmt":"2025-01-15T14:53:16","guid":{"rendered":"https:\/\/fetrib.com\/web\/?p=6274"},"modified":"2025-01-15T16:54:07","modified_gmt":"2025-01-15T16:54:07","slug":"toma-de-tiempos-2025","status":"publish","type":"post","link":"https:\/\/fetrib.com\/web\/2025\/01\/15\/toma-de-tiempos-2025\/","title":{"rendered":"Presa de temps 2025"},"content":{"rendered":"<p>La FETRI convoca la tradicional presa de temps Nacional per aquest 2025.<\/p>\n<p>Les proves es duran a terme el 8 de febrer de 2025 al CTEIB.<\/p>\n<p><strong>HORARI<\/strong><\/p>\n<p>10:30 Escalfament a la piscina<\/p>\n<p>11:00 Inici de la prova de nataci\u00f3<\/p>\n<p>14:00 Inici de la prova de carrera<\/p>\n<p>&nbsp;<\/p>\n<p><strong>NORMATIVA<\/strong><\/p>\n<p>Prova per les categories Cadet, Juvenil i Junior<\/p>\n<p>.Tots els esportistes han d&#8217;estar en possessi\u00f3 de la llic\u00e8ncia federativa per aquest 2025 o en el seu defecte tramitar l&#8217;asseguran\u00e7a d&#8217;un dia.<\/p>\n<p>Les proves que es realitzaran seran les seg\u00fcents:<\/p>\n<p><strong>&#8211; Nataci\u00f3: 300mts<\/strong><\/p>\n<p>La sortida ser\u00e0 des de fora de l&#8217;aigua. No es permeten banyadors que no compleixin la normativa FINA<\/p>\n<p><strong>&#8211; Carrera: 1600mts<\/strong><\/p>\n<p>No es permeten les sabatilles amb claus<\/p>\n<p>&nbsp;<\/p>\n<p><strong>INSCRIPCIONS<\/strong><\/p>\n<p>S&#8217;ha d&#8217;enviar la seg\u00fcent plantilla amb les dades dels participants<\/p>\n<p><a href=\"https:\/\/fetrib.com\/web\/wp-content\/uploads\/2025\/01\/Formulario-inscripcion-toma-tiempos-fetrib-2025.xls\">Formulari inscripci\u00f3<\/a><\/p>\n","protected":false},"excerpt":{"rendered":"<p>La FETRI convoca la tradicional presa de temps Nacional per aquest 2025. Les proves es duran a terme el 8 de febrer de 2025 al CTEIB. HORARI 10:30 Escalfament a la piscina 11:00 Inici de la prova de nataci\u00f3 14:00 Inici de la prova de carrera &nbsp; NORMATIVA Prova per les categories Cadet, Juvenil i &#8230;<\/p>\n","protected":false},"author":1,"featured_media":6275,"comment_status":"closed","ping_status":"open","sticky":false,"template":"","format":"standard","meta":{"_uag_custom_page_level_css":"","footnotes":""},"categories":[1],"tags":[],"class_list":["post-6274","post","type-post","status-publish","format-standard","has-post-thumbnail","hentry","category-general"],"uagb_featured_image_src":{"full":["https:\/\/fetrib.com\/web\/wp-content\/uploads\/2025\/01\/WhatsApp-Image-2025-01-13-at-12.43.23.jpeg",2048,2048,false],"thumbnail":["https:\/\/fetrib.com\/web\/wp-content\/uploads\/2025\/01\/WhatsApp-Image-2025-01-13-at-12.43.23-150x150.jpeg",150,150,true],"medium":["https:\/\/fetrib.com\/web\/wp-content\/uploads\/2025\/01\/WhatsApp-Image-2025-01-13-at-12.43.23-300x300.jpeg",300,300,true],"medium_large":["https:\/\/fetrib.com\/web\/wp-content\/uploads\/2025\/01\/WhatsApp-Image-2025-01-13-at-12.43.23-768x768.jpeg",620,620,true],"large":["https:\/\/fetrib.com\/web\/wp-content\/uploads\/2025\/01\/WhatsApp-Image-2025-01-13-at-12.43.23-1024x1024.jpeg",620,620,true],"1536x1536":["https:\/\/fetrib.com\/web\/wp-content\/uploads\/2025\/01\/WhatsApp-Image-2025-01-13-at-12.43.23-1536x1536.jpeg",1536,1536,true],"2048x2048":["https:\/\/fetrib.com\/web\/wp-content\/uploads\/2025\/01\/WhatsApp-Image-2025-01-13-at-12.43.23.jpeg",2048,2048,false],"tie-small":["https:\/\/fetrib.com\/web\/wp-content\/uploads\/2025\/01\/WhatsApp-Image-2025-01-13-at-12.43.23-70x70.jpeg",70,70,true],"tie-large":["https:\/\/fetrib.com\/web\/wp-content\/uploads\/2025\/01\/WhatsApp-Image-2025-01-13-at-12.43.23-300x160.jpeg",300,160,true],"slider":["https:\/\/fetrib.com\/web\/wp-content\/uploads\/2025\/01\/WhatsApp-Image-2025-01-13-at-12.43.23-620x330.jpeg",620,330,true]},"uagb_author_info":{"display_name":"admin","author_link":"https:\/\/fetrib.com\/web\/author\/admin\/"},"uagb_comment_info":0,"uagb_excerpt":"La FETRI convoca la tradicional presa de temps Nacional per aquest 2025. Les proves es duran a terme el 8 de febrer de 2025 al CTEIB. HORARI 10:30 Escalfament a la piscina 11:00 Inici de la prova de nataci\u00f3 14:00 Inici de la prova de carrera &nbsp; NORMATIVA Prova per les categories Cadet, Juvenil i&hellip;","_links":{"self":[{"href":"https:\/\/fetrib.com\/web\/wp-json\/wp\/v2\/posts\/6274","targetHints":{"allow":["GET"]}}],"collection":[{"href":"https:\/\/fetrib.com\/web\/wp-json\/wp\/v2\/posts"}],"about":[{"href":"https:\/\/fetrib.com\/web\/wp-json\/wp\/v2\/types\/post"}],"author":[{"embeddable":true,"href":"https:\/\/fetrib.com\/web\/wp-json\/wp\/v2\/users\/1"}],"replies":[{"embeddable":true,"href":"https:\/\/fetrib.com\/web\/wp-json\/wp\/v2\/comments?post=6274"}],"version-history":[{"count":4,"href":"https:\/\/fetrib.com\/web\/wp-json\/wp\/v2\/posts\/6274\/revisions"}],"predecessor-version":[{"id":6280,"href":"https:\/\/fetrib.com\/web\/wp-json\/wp\/v2\/posts\/6274\/revisions\/6280"}],"wp:featuredmedia":[{"embeddable":true,"href":"https:\/\/fetrib.com\/web\/wp-json\/wp\/v2\/media\/6275"}],"wp:attachment":[{"href":"https:\/\/fetrib.com\/web\/wp-json\/wp\/v2\/media?parent=6274"}],"wp:term":[{"taxonomy":"category","embeddable":true,"href":"https:\/\/fetrib.com\/web\/wp-json\/wp\/v2\/categories?post=6274"},{"taxonomy":"post_tag","embeddable":true,"href":"https:\/\/fetrib.com\/web\/wp-json\/wp\/v2\/tags?post=6274"}],"curies":[{"name":"wp","href":"https:\/\/api.w.org\/{rel}","templated":true}]}}