{"id":6304,"date":"2025-01-20T09:50:54","date_gmt":"2025-01-20T09:50:54","guid":{"rendered":"https:\/\/fetrib.com\/web\/?p=6304"},"modified":"2025-01-20T09:50:54","modified_gmt":"2025-01-20T09:50:54","slug":"inici-de-la-temporada-de-duatlons","status":"publish","type":"post","link":"https:\/\/fetrib.com\/web\/2025\/01\/20\/inici-de-la-temporada-de-duatlons\/","title":{"rendered":"Inici de la temporada de duatlons"},"content":{"rendered":"\n<p>Despr\u00e9s d\u2019haver-se cancelat el passat desembre, finalment es va poder celebrar el Duatl\u00f3 sprint de Sa Pobla.<\/p>\n\n\n\n<p>Amb unes condicions dures per la pluja, que no va aturar durant tota la prova, prop de 100 duatletes s\u2019atracaren al Poliesportiu de Sa Pobla per participar en aquest cl\u00e0ssic duatl\u00f3 d\u2019hivern.<\/p>\n\n\n\n<p>Sobre unes dist\u00e0ncies cl\u00e0ssiques de 5km de carrera, 20 de ciclisme i altres 2,5km de carrera, des del primers kil\u00f2metres es formava el grup que lideraria la prova.<\/p>\n\n\n\n<p>Durant el ciclisme, Guillem Soler, Guiem Tomeu Vadell, Joan Ferrer i Adri\u00e0 Miralles, s\u2019anaven alternant fent relleus, i obrint dist\u00e0ncia amb el grup perseguidor.<\/p>\n\n\n\n<p>En el darrer segment, Guillem Soler va fer valer el seu bon estat de forma i s\u2019imposa amb un temps de 1h 02\u2019 02\u201d, seguit de Guillem Tomeu Vanrell i Joan Ferrer.<\/p>\n\n\n\n<p>En Dones, Victoria Benavides realitz\u00e0 la prova pr\u00e0cticament en solitari, vencent amb un temps de 1h 10\u2019 38\u201d, per davant de Nuria Tauler i Marga Llobera<\/p>\n\n\n\n<p>Resultats<\/p>\n\n\n\n<p><a href=\"https:\/\/www.elitechip.net\/index.php?zwshow=compdet&#038;idcomp=7251063\">https:\/\/www.elitechip.net\/index.php?zwshow=compdet&amp;idcomp=7251063<\/a><\/p>\n","protected":false},"excerpt":{"rendered":"<p>Despr\u00e9s d\u2019haver-se cancelat el passat desembre, finalment es va poder celebrar el Duatl\u00f3 sprint de Sa Pobla. Amb unes condicions dures per la pluja, que no va aturar durant tota la prova, prop de 100 duatletes s\u2019atracaren al Poliesportiu de Sa Pobla per participar en aquest cl\u00e0ssic duatl\u00f3 d\u2019hivern. Sobre unes dist\u00e0ncies cl\u00e0ssiques de 5km &#8230;<\/p>\n","protected":false},"author":1,"featured_media":0,"comment_status":"closed","ping_status":"open","sticky":false,"template":"","format":"standard","meta":{"_uag_custom_page_level_css":"","footnotes":""},"categories":[1],"tags":[],"class_list":["post-6304","post","type-post","status-publish","format-standard","hentry","category-general"],"uagb_featured_image_src":{"full":false,"thumbnail":false,"medium":false,"medium_large":false,"large":false,"1536x1536":false,"2048x2048":false,"tie-small":false,"tie-large":false,"slider":false},"uagb_author_info":{"display_name":"admin","author_link":"https:\/\/fetrib.com\/web\/author\/admin\/"},"uagb_comment_info":0,"uagb_excerpt":"Despr\u00e9s d\u2019haver-se cancelat el passat desembre, finalment es va poder celebrar el Duatl\u00f3 sprint de Sa Pobla. Amb unes condicions dures per la pluja, que no va aturar durant tota la prova, prop de 100 duatletes s\u2019atracaren al Poliesportiu de Sa Pobla per participar en aquest cl\u00e0ssic duatl\u00f3 d\u2019hivern. Sobre unes dist\u00e0ncies cl\u00e0ssiques de 5km&hellip;","_links":{"self":[{"href":"https:\/\/fetrib.com\/web\/wp-json\/wp\/v2\/posts\/6304","targetHints":{"allow":["GET"]}}],"collection":[{"href":"https:\/\/fetrib.com\/web\/wp-json\/wp\/v2\/posts"}],"about":[{"href":"https:\/\/fetrib.com\/web\/wp-json\/wp\/v2\/types\/post"}],"author":[{"embeddable":true,"href":"https:\/\/fetrib.com\/web\/wp-json\/wp\/v2\/users\/1"}],"replies":[{"embeddable":true,"href":"https:\/\/fetrib.com\/web\/wp-json\/wp\/v2\/comments?post=6304"}],"version-history":[{"count":1,"href":"https:\/\/fetrib.com\/web\/wp-json\/wp\/v2\/posts\/6304\/revisions"}],"predecessor-version":[{"id":6305,"href":"https:\/\/fetrib.com\/web\/wp-json\/wp\/v2\/posts\/6304\/revisions\/6305"}],"wp:attachment":[{"href":"https:\/\/fetrib.com\/web\/wp-json\/wp\/v2\/media?parent=6304"}],"wp:term":[{"taxonomy":"category","embeddable":true,"href":"https:\/\/fetrib.com\/web\/wp-json\/wp\/v2\/categories?post=6304"},{"taxonomy":"post_tag","embeddable":true,"href":"https:\/\/fetrib.com\/web\/wp-json\/wp\/v2\/tags?post=6304"}],"curies":[{"name":"wp","href":"https:\/\/api.w.org\/{rel}","templated":true}]}}