{"id":6314,"date":"2025-02-08T20:21:41","date_gmt":"2025-02-08T20:21:41","guid":{"rendered":"https:\/\/fetrib.com\/web\/?p=6314"},"modified":"2025-02-08T20:25:05","modified_gmt":"2025-02-08T20:25:05","slug":"presa-de-temps-2025","status":"publish","type":"post","link":"https:\/\/fetrib.com\/web\/2025\/02\/08\/presa-de-temps-2025\/","title":{"rendered":"Presa de temps 2025"},"content":{"rendered":"\n<p>Aquest dissabte va tenir lloc la Presa de Temps de Triatl\u00f3, organitzada per la FETRIB. Un esdeveniment esportiu que va reunir joves talents de les categories cadet, juvenil i junior. La competici\u00f3 va tenir com a objectiu fomentar l&#8217;esperit esportiu i destacar el potencial dels futurs triatletes de les Illes<\/p>\n\n\n\n<p>L&#8217;esdeveniment va comptar amb dues proves:&nbsp;&nbsp;<\/p>\n\n\n\n<p>&#8211; Nataci\u00f3: 300 metres.<\/p>\n\n\n\n<p>&#8211; Carrera 1.600 metres.<\/p>\n\n\n\n<p>Tots els participants van haver de completar ambdues proves, demostrant la seva resist\u00e8ncia, t\u00e8cnica i dedicaci\u00f3 en cada disciplina. Aquesta edici\u00f3 va estar marcada per un dia vent\u00f3s, que va complicar especialment el segment de la cursa, afegint un repte extra als atletes, qui van haver de lluitar contra les condicions meteorol\u00f2giques per aconseguir les seves millors marques.&nbsp;&nbsp;<\/p>\n\n\n\n<p>Aquest esdeveniment no nom\u00e9s ha estat una oportunitat per mesurar el rendiment dels joves atletes, sin\u00f3 tamb\u00e9 per promoure valors com la disciplina, el treball en equip i la superaci\u00f3 personal, especialment en condicions adverses.&nbsp;&nbsp;<\/p>\n\n\n\n<p>La FETRIB agraeix a tots els assistents el seu suport per celebrar el talent i l&#8217;esfor\u00e7 d&#8217;aquests joves esportistes, que van demostrar una gran capacitat d&#8217;adaptaci\u00f3 i determinaci\u00f3 en un dia complicat per les condicions meteorol\u00f2giques.&nbsp;<\/p>\n","protected":false},"excerpt":{"rendered":"<p>Aquest dissabte va tenir lloc la Presa de Temps de Triatl\u00f3, organitzada per la FETRIB. Un esdeveniment esportiu que va reunir joves talents de les categories cadet, juvenil i junior. La competici\u00f3 va tenir com a objectiu fomentar l&#8217;esperit esportiu i destacar el potencial dels futurs triatletes de les Illes L&#8217;esdeveniment va comptar amb dues &#8230;<\/p>\n","protected":false},"author":1,"featured_media":6316,"comment_status":"closed","ping_status":"open","sticky":false,"template":"","format":"standard","meta":{"_uag_custom_page_level_css":"","footnotes":""},"categories":[1],"tags":[],"class_list":["post-6314","post","type-post","status-publish","format-standard","has-post-thumbnail","hentry","category-general"],"uagb_featured_image_src":{"full":["https:\/\/fetrib.com\/web\/wp-content\/uploads\/2025\/02\/img-20250208-wa0043.jpg",1600,1200,false],"thumbnail":["https:\/\/fetrib.com\/web\/wp-content\/uploads\/2025\/02\/img-20250208-wa0043-150x150.jpg",150,150,true],"medium":["https:\/\/fetrib.com\/web\/wp-content\/uploads\/2025\/02\/img-20250208-wa0043-300x225.jpg",300,225,true],"medium_large":["https:\/\/fetrib.com\/web\/wp-content\/uploads\/2025\/02\/img-20250208-wa0043-768x576.jpg",620,465,true],"large":["https:\/\/fetrib.com\/web\/wp-content\/uploads\/2025\/02\/img-20250208-wa0043-1024x768.jpg",620,465,true],"1536x1536":["https:\/\/fetrib.com\/web\/wp-content\/uploads\/2025\/02\/img-20250208-wa0043-1536x1152.jpg",1536,1152,true],"2048x2048":["https:\/\/fetrib.com\/web\/wp-content\/uploads\/2025\/02\/img-20250208-wa0043.jpg",1600,1200,false],"tie-small":["https:\/\/fetrib.com\/web\/wp-content\/uploads\/2025\/02\/img-20250208-wa0043-70x70.jpg",70,70,true],"tie-large":["https:\/\/fetrib.com\/web\/wp-content\/uploads\/2025\/02\/img-20250208-wa0043-300x160.jpg",300,160,true],"slider":["https:\/\/fetrib.com\/web\/wp-content\/uploads\/2025\/02\/img-20250208-wa0043-620x330.jpg",620,330,true]},"uagb_author_info":{"display_name":"admin","author_link":"https:\/\/fetrib.com\/web\/author\/admin\/"},"uagb_comment_info":0,"uagb_excerpt":"Aquest dissabte va tenir lloc la Presa de Temps de Triatl\u00f3, organitzada per la FETRIB. Un esdeveniment esportiu que va reunir joves talents de les categories cadet, juvenil i junior. La competici\u00f3 va tenir com a objectiu fomentar l&#8217;esperit esportiu i destacar el potencial dels futurs triatletes de les Illes L&#8217;esdeveniment va comptar amb dues&hellip;","_links":{"self":[{"href":"https:\/\/fetrib.com\/web\/wp-json\/wp\/v2\/posts\/6314","targetHints":{"allow":["GET"]}}],"collection":[{"href":"https:\/\/fetrib.com\/web\/wp-json\/wp\/v2\/posts"}],"about":[{"href":"https:\/\/fetrib.com\/web\/wp-json\/wp\/v2\/types\/post"}],"author":[{"embeddable":true,"href":"https:\/\/fetrib.com\/web\/wp-json\/wp\/v2\/users\/1"}],"replies":[{"embeddable":true,"href":"https:\/\/fetrib.com\/web\/wp-json\/wp\/v2\/comments?post=6314"}],"version-history":[{"count":1,"href":"https:\/\/fetrib.com\/web\/wp-json\/wp\/v2\/posts\/6314\/revisions"}],"predecessor-version":[{"id":6315,"href":"https:\/\/fetrib.com\/web\/wp-json\/wp\/v2\/posts\/6314\/revisions\/6315"}],"wp:featuredmedia":[{"embeddable":true,"href":"https:\/\/fetrib.com\/web\/wp-json\/wp\/v2\/media\/6316"}],"wp:attachment":[{"href":"https:\/\/fetrib.com\/web\/wp-json\/wp\/v2\/media?parent=6314"}],"wp:term":[{"taxonomy":"category","embeddable":true,"href":"https:\/\/fetrib.com\/web\/wp-json\/wp\/v2\/categories?post=6314"},{"taxonomy":"post_tag","embeddable":true,"href":"https:\/\/fetrib.com\/web\/wp-json\/wp\/v2\/tags?post=6314"}],"curies":[{"name":"wp","href":"https:\/\/api.w.org\/{rel}","templated":true}]}}