{"id":6317,"date":"2025-02-09T14:57:16","date_gmt":"2025-02-09T14:57:16","guid":{"rendered":"https:\/\/fetrib.com\/web\/?p=6317"},"modified":"2025-02-09T15:06:22","modified_gmt":"2025-02-09T15:06:22","slug":"exit-rotund-en-el-duatlo-contrarellotge-per-equips-ciutat-de-palma","status":"publish","type":"post","link":"https:\/\/fetrib.com\/web\/2025\/02\/09\/exit-rotund-en-el-duatlo-contrarellotge-per-equips-ciutat-de-palma\/","title":{"rendered":"\u00c8xit rotund en el Duatl\u00f3 Contrarellotge per Equips Ciutat de Palma"},"content":{"rendered":"\n<p><strong>Palma, 9 de febrer de 2025 <\/strong><\/p>\n\n\n\n<p>Aquest mat\u00ed s&#8217;ha celebrat a Palma l&#8217;esperat duatl\u00f3 contrarellotge per equips <strong>Ciutat de Palma,<\/strong> que a m\u00e9s era Campionat de Balears. Un esdeveniment que ha reunit els millors clubs i atletes de la regi\u00f3 en una jornada plena d&#8217;emoci\u00f3, esfor\u00e7 i esperit esportiu. Amb un dia assolellat i un ambient inmillorable, els participants han deixat tot, oferint un espectacle digne d&#8217;admiraci\u00f3.<\/p>\n\n\n\n<p><strong>Classificaci\u00f3 en la categoria masculina:<\/strong><\/p>\n\n\n\n<p>El <strong>Club Atl\u00e8tic Mallorca<\/strong> s&#8217;ha imposat en la categoria masculina, completant la prova en un temps de 46:51. En segon lloc ha quedat l&#8217;equip de <strong>Triacademiy<\/strong>, amb un temps de 47:09, mentre que el tercer lloc ha estat per al <strong>Club Marathon Mallorca VAS<\/strong> que ha registrat un temps de 47:47.<\/p>\n\n\n\n<p><strong>Classificaci\u00f3 en la categoria femenina:<\/strong><\/p>\n\n\n\n<p>En la competici\u00f3 femenina, el <strong>Triacademy<\/strong> ha demostrat la seva for\u00e7a, enduent-se el primer lloc amb un temps d&#8217;1 hora, 3 minuts i 28 segons. L&#8217;equip femen\u00ed del <strong>RDS<\/strong> <strong>Triatl\u00f3<\/strong> ha aconseguit la segona posici\u00f3 amb un temps d&#8217;1 hora, 5 minuts i 22 segons, i el tercer lloc ha estat per al <strong>CE Illes Balears<\/strong>, que ha finalitzat la prova en 1 hora, 6 minuts i 7 segons.<\/p>\n\n\n\n<p><strong>Classificaci\u00f3 en la categoria mixta:<\/strong><\/p>\n\n\n\n<p>En la categoria mixta, el <strong>Triacademy<\/strong> ha tornat a brillar, aconseguint el primer lloc amb un temps de 53 minuts i 9 segons. L&#8217;equip <strong>RDS<\/strong> <strong>Triatl\u00f3<\/strong> ha ocupat el segon lloc amb un temps de 54 minuts i 11 segons, mentre que el <strong>Club Marathon Mallorca VAS<\/strong> ha tancat el podi amb un temps de 57 minuts i 47 segons.<\/p>\n\n\n\n<figure class=\"wp-block-image size-large\"><img loading=\"lazy\" decoding=\"async\" width=\"1024\" height=\"683\" src=\"https:\/\/fetrib.com\/web\/wp-content\/uploads\/2025\/02\/Duatlo-CRE-Ciutat-de-Palma_090225_1117-_2WF1623-1024x683.jpg\" alt=\"\" class=\"wp-image-6320\" srcset=\"https:\/\/fetrib.com\/web\/wp-content\/uploads\/2025\/02\/Duatlo-CRE-Ciutat-de-Palma_090225_1117-_2WF1623-1024x683.jpg 1024w, https:\/\/fetrib.com\/web\/wp-content\/uploads\/2025\/02\/Duatlo-CRE-Ciutat-de-Palma_090225_1117-_2WF1623-300x200.jpg 300w, https:\/\/fetrib.com\/web\/wp-content\/uploads\/2025\/02\/Duatlo-CRE-Ciutat-de-Palma_090225_1117-_2WF1623-768x512.jpg 768w, https:\/\/fetrib.com\/web\/wp-content\/uploads\/2025\/02\/Duatlo-CRE-Ciutat-de-Palma_090225_1117-_2WF1623-1536x1024.jpg 1536w, https:\/\/fetrib.com\/web\/wp-content\/uploads\/2025\/02\/Duatlo-CRE-Ciutat-de-Palma_090225_1117-_2WF1623.jpg 1920w\" sizes=\"auto, (max-width: 1024px) 100vw, 1024px\" \/><\/figure>\n\n\n\n<p><strong>Curses infantils:<\/strong><\/p>\n\n\n\n<p>Despr\u00e9s de les competicions dels majors, els m\u00e9s petits tamb\u00e9 han tingut el seu moment de gl\u00f2ria a les curses infantils. Els nens han gaudit d&#8217;una jornada plena de diversi\u00f3 i esport, demostrant que el futur del duatl\u00f3 a Palma est\u00e0 en bones mans.<\/p>\n\n\n\n<p><strong>Agra\u00efments:<\/strong><\/p>\n\n\n\n<p>Volem expressar el nostre m\u00e9s sincer agra\u00efment a totes les entitats i col\u00b7laboradors que han fet possible aquest esdeveniment: a l&#8217;<strong>Ajuntament de Palma<\/strong>, a l&#8217;<strong>IME<\/strong>, a <strong>El Corte Ingl\u00e9s<\/strong>, a <strong>Frutas Montiel<\/strong> i al <strong>Consell de Mallorca<\/strong>. Gr\u00e0cies al seu suport i col\u00b7laboraci\u00f3, hem pogut organitzar aquesta prova, que ha estat un \u00e8xit rotund.<\/p>\n\n\n\n<p>La prova ha estat organitzada per la <strong>Federaci\u00f3 de Triatl\u00f3 de les Illes Balears<\/strong>, que ha treballat sense descans per garantir que tot estigues a punt per als participants i el p\u00fablic.<\/p>\n\n\n\n<p><strong>Ambient i organitzaci\u00f3:<\/strong><\/p>\n\n\n\n<p>L&#8217;esdeveniment ha transcorregut sense incid\u00e8ncies, amb un clima ideal i una gran aflu\u00e8ncia de p\u00fablic que ha animat als participants en tot moment. Els organitzadors han destacat el bon ambient i l&#8217;esportivitat mostrada per tots els equips, cosa que ha contribu\u00eft a l&#8217;\u00e8xit rotund d&#8217;aquesta edici\u00f3.<\/p>\n\n\n\n<p>En definitiva, el duatl\u00f3 contrarellotge per equips <strong>Ciutat de Palma<\/strong> ha estat un exemple de superaci\u00f3, treball en equip i passi\u00f3 per l&#8217;esport. Enhorabona a tots els participants i fins a la propera edici\u00f3!<\/p>\n\n\n\n<p><a href=\"https:\/\/www.elitechip.net\/system\/public\/download\/eecdc73870c19d700b60f059a5659f89.pdf\">Resultats Duatl\u00f3 CRE Ciutat de Palma Mascul\u00ed<\/a><\/p>\n\n\n\n<p><a href=\"https:\/\/www.elitechip.net\/system\/public\/download\/2df13a709c45c86d138f646be0d36292.pdf\">Resultats Duatl\u00f3 CRE Ciutat de Palma Femen\u00ed<\/a><\/p>\n\n\n\n<p><a href=\"https:\/\/www.elitechip.net\/system\/public\/download\/09780651f12bca82c72a3ed18938732a.pdf\">Resultats Duatl\u00f3 CRE Ciutat de Palma Mixte<\/a><\/p>\n\n\n\n<figure class=\"wp-block-image size-large\"><img loading=\"lazy\" decoding=\"async\" width=\"1024\" height=\"683\" src=\"https:\/\/fetrib.com\/web\/wp-content\/uploads\/2025\/02\/Duatlo-CRE-Ciutat-de-Palma_090225_1114-_2WF1604-1024x683.jpg\" alt=\"\" class=\"wp-image-6318\" srcset=\"https:\/\/fetrib.com\/web\/wp-content\/uploads\/2025\/02\/Duatlo-CRE-Ciutat-de-Palma_090225_1114-_2WF1604-1024x683.jpg 1024w, https:\/\/fetrib.com\/web\/wp-content\/uploads\/2025\/02\/Duatlo-CRE-Ciutat-de-Palma_090225_1114-_2WF1604-300x200.jpg 300w, https:\/\/fetrib.com\/web\/wp-content\/uploads\/2025\/02\/Duatlo-CRE-Ciutat-de-Palma_090225_1114-_2WF1604-768x512.jpg 768w, https:\/\/fetrib.com\/web\/wp-content\/uploads\/2025\/02\/Duatlo-CRE-Ciutat-de-Palma_090225_1114-_2WF1604-1536x1024.jpg 1536w, https:\/\/fetrib.com\/web\/wp-content\/uploads\/2025\/02\/Duatlo-CRE-Ciutat-de-Palma_090225_1114-_2WF1604.jpg 1920w\" sizes=\"auto, (max-width: 1024px) 100vw, 1024px\" \/><\/figure>\n","protected":false},"excerpt":{"rendered":"<p>Palma, 9 de febrer de 2025 Aquest mat\u00ed s&#8217;ha celebrat a Palma l&#8217;esperat duatl\u00f3 contrarellotge per equips Ciutat de Palma, que a m\u00e9s era Campionat de Balears. Un esdeveniment que ha reunit els millors clubs i atletes de la regi\u00f3 en una jornada plena d&#8217;emoci\u00f3, esfor\u00e7 i esperit esportiu. Amb un dia assolellat i un &#8230;<\/p>\n","protected":false},"author":1,"featured_media":6319,"comment_status":"closed","ping_status":"open","sticky":false,"template":"","format":"standard","meta":{"_uag_custom_page_level_css":"","footnotes":""},"categories":[1],"tags":[],"class_list":["post-6317","post","type-post","status-publish","format-standard","has-post-thumbnail","hentry","category-general"],"uagb_featured_image_src":{"full":["https:\/\/fetrib.com\/web\/wp-content\/uploads\/2025\/02\/Duatlo-CRE-Ciutat-de-Palma_090225_1119-_2WF1663.jpg",1920,1280,false],"thumbnail":["https:\/\/fetrib.com\/web\/wp-content\/uploads\/2025\/02\/Duatlo-CRE-Ciutat-de-Palma_090225_1119-_2WF1663-150x150.jpg",150,150,true],"medium":["https:\/\/fetrib.com\/web\/wp-content\/uploads\/2025\/02\/Duatlo-CRE-Ciutat-de-Palma_090225_1119-_2WF1663-300x200.jpg",300,200,true],"medium_large":["https:\/\/fetrib.com\/web\/wp-content\/uploads\/2025\/02\/Duatlo-CRE-Ciutat-de-Palma_090225_1119-_2WF1663-768x512.jpg",620,413,true],"large":["https:\/\/fetrib.com\/web\/wp-content\/uploads\/2025\/02\/Duatlo-CRE-Ciutat-de-Palma_090225_1119-_2WF1663-1024x683.jpg",620,414,true],"1536x1536":["https:\/\/fetrib.com\/web\/wp-content\/uploads\/2025\/02\/Duatlo-CRE-Ciutat-de-Palma_090225_1119-_2WF1663-1536x1024.jpg",1536,1024,true],"2048x2048":["https:\/\/fetrib.com\/web\/wp-content\/uploads\/2025\/02\/Duatlo-CRE-Ciutat-de-Palma_090225_1119-_2WF1663.jpg",1920,1280,false],"tie-small":["https:\/\/fetrib.com\/web\/wp-content\/uploads\/2025\/02\/Duatlo-CRE-Ciutat-de-Palma_090225_1119-_2WF1663-70x70.jpg",70,70,true],"tie-large":["https:\/\/fetrib.com\/web\/wp-content\/uploads\/2025\/02\/Duatlo-CRE-Ciutat-de-Palma_090225_1119-_2WF1663-300x160.jpg",300,160,true],"slider":["https:\/\/fetrib.com\/web\/wp-content\/uploads\/2025\/02\/Duatlo-CRE-Ciutat-de-Palma_090225_1119-_2WF1663-620x330.jpg",620,330,true]},"uagb_author_info":{"display_name":"admin","author_link":"https:\/\/fetrib.com\/web\/author\/admin\/"},"uagb_comment_info":0,"uagb_excerpt":"Palma, 9 de febrer de 2025 Aquest mat\u00ed s&#8217;ha celebrat a Palma l&#8217;esperat duatl\u00f3 contrarellotge per equips Ciutat de Palma, que a m\u00e9s era Campionat de Balears. Un esdeveniment que ha reunit els millors clubs i atletes de la regi\u00f3 en una jornada plena d&#8217;emoci\u00f3, esfor\u00e7 i esperit esportiu. Amb un dia assolellat i un&hellip;","_links":{"self":[{"href":"https:\/\/fetrib.com\/web\/wp-json\/wp\/v2\/posts\/6317","targetHints":{"allow":["GET"]}}],"collection":[{"href":"https:\/\/fetrib.com\/web\/wp-json\/wp\/v2\/posts"}],"about":[{"href":"https:\/\/fetrib.com\/web\/wp-json\/wp\/v2\/types\/post"}],"author":[{"embeddable":true,"href":"https:\/\/fetrib.com\/web\/wp-json\/wp\/v2\/users\/1"}],"replies":[{"embeddable":true,"href":"https:\/\/fetrib.com\/web\/wp-json\/wp\/v2\/comments?post=6317"}],"version-history":[{"count":2,"href":"https:\/\/fetrib.com\/web\/wp-json\/wp\/v2\/posts\/6317\/revisions"}],"predecessor-version":[{"id":6322,"href":"https:\/\/fetrib.com\/web\/wp-json\/wp\/v2\/posts\/6317\/revisions\/6322"}],"wp:featuredmedia":[{"embeddable":true,"href":"https:\/\/fetrib.com\/web\/wp-json\/wp\/v2\/media\/6319"}],"wp:attachment":[{"href":"https:\/\/fetrib.com\/web\/wp-json\/wp\/v2\/media?parent=6317"}],"wp:term":[{"taxonomy":"category","embeddable":true,"href":"https:\/\/fetrib.com\/web\/wp-json\/wp\/v2\/categories?post=6317"},{"taxonomy":"post_tag","embeddable":true,"href":"https:\/\/fetrib.com\/web\/wp-json\/wp\/v2\/tags?post=6317"}],"curies":[{"name":"wp","href":"https:\/\/api.w.org\/{rel}","templated":true}]}}