{"id":6343,"date":"2025-04-07T15:39:52","date_gmt":"2025-04-07T15:39:52","guid":{"rendered":"https:\/\/fetrib.com\/web\/?p=6343"},"modified":"2025-04-09T07:13:15","modified_gmt":"2025-04-09T07:13:15","slug":"segona-convocatoria-seguiment-2025","status":"publish","type":"post","link":"https:\/\/fetrib.com\/web\/2025\/04\/07\/segona-convocatoria-seguiment-2025\/","title":{"rendered":"SEGONA CONVOCAT\u00d2RIA SEGUIMENT 2025"},"content":{"rendered":"\n<p>La Federaci\u00f3 de Triatl\u00f3 de les Illes Balears continua amb el programa de seguiment per aquest 2025.<br \/>El segon cicle de la temporada constar\u00e0 de 8 entrenaments:<\/p>\n\n\n\n<p>&nbsp;<\/p>\n\n\n\n<ul class=\"wp-block-list\">\n<li>15 abril, nataci\u00f3<\/li>\n\n\n\n<li>18 abril, carrera<\/li>\n\n\n\n<li>22 abril, nataci\u00f3<\/li>\n\n\n\n<li>29 abril, nataci\u00f3<\/li>\n\n\n\n<li>2 maig, carrera<\/li>\n\n\n\n<li>6 maig, nataci\u00f3<\/li>\n\n\n\n<li>10 maig, ciclisme<\/li>\n\n\n\n<li>13 maig, nataci\u00f3<\/li>\n\n\n\n<li>16 maig, carrera<\/li>\n\n\n\n<li>20 maig, nataci\u00f3<\/li>\n\n\n\n<li>24 maig, bici<\/li>\n<\/ul>\n\n\n\n<p>Les sessions es duran a terme a les 17:30 al CTEIB excepte les de ciclisme que es determinar\u00e0 l\u2019hora el dia abans.<\/p>\n\n\n\n<p><br \/>Esportistes convocats en aquesta convocat\u00f2ria:<\/p>\n\n\n\n<ul class=\"wp-block-list\">\n<li>Marc Reus Espases, RDS Triatl\u00f3<\/li>\n\n\n\n<li>Carlos Montalv\u00e1 Mas, RDS TRiatl\u00f3<\/li>\n\n\n\n<li>Miquel Mas, CT Portocolom<\/li>\n\n\n\n<li>Gracia Hevia, CT Portocolom<\/li>\n\n\n\n<li>Maria Obrador, CT Portocolom<\/li>\n\n\n\n<li>Claudia Fern\u00e1nez, CT Ghost<\/li>\n\n\n\n<li>Maria Bonet, Saltoki Trikideak<\/li>\n<\/ul>\n\n\n\n<p>&nbsp;<\/p>\n\n\n\n<p>&nbsp;<\/p>\n\n\n\n<p><\/p>\n","protected":false},"excerpt":{"rendered":"<p>La Federaci\u00f3 de Triatl\u00f3 de les Illes Balears continua amb el programa de seguiment per aquest 2025.El segon cicle de la temporada constar\u00e0 de 8 entrenaments: &nbsp; 15 abril, nataci\u00f3 18 abril, carrera 22 abril, nataci\u00f3 29 abril, nataci\u00f3 2 maig, carrera 6 maig, nataci\u00f3 10 maig, ciclisme 13 maig, nataci\u00f3 16 maig, carrera 20 &#8230;<\/p>\n","protected":false},"author":1,"featured_media":3918,"comment_status":"closed","ping_status":"open","sticky":false,"template":"","format":"standard","meta":{"_uag_custom_page_level_css":"","footnotes":""},"categories":[1],"tags":[],"class_list":["post-6343","post","type-post","status-publish","format-standard","has-post-thumbnail","hentry","category-general"],"uagb_featured_image_src":{"full":["https:\/\/fetrib.com\/web\/wp-content\/uploads\/2022\/07\/Logo-Quadrat-FETRIB-2-e1659420304386.png",200,199,false],"thumbnail":["https:\/\/fetrib.com\/web\/wp-content\/uploads\/2022\/07\/Logo-Quadrat-FETRIB-2-150x150.png",150,150,true],"medium":["https:\/\/fetrib.com\/web\/wp-content\/uploads\/2022\/07\/Logo-Quadrat-FETRIB-2-300x300.png",300,300,true],"medium_large":["https:\/\/fetrib.com\/web\/wp-content\/uploads\/2022\/07\/Logo-Quadrat-FETRIB-2-e1659420304386.png",200,199,false],"large":["https:\/\/fetrib.com\/web\/wp-content\/uploads\/2022\/07\/Logo-Quadrat-FETRIB-2-e1659420304386.png",200,199,false],"1536x1536":["https:\/\/fetrib.com\/web\/wp-content\/uploads\/2022\/07\/Logo-Quadrat-FETRIB-2-e1659420304386.png",200,199,false],"2048x2048":["https:\/\/fetrib.com\/web\/wp-content\/uploads\/2022\/07\/Logo-Quadrat-FETRIB-2-e1659420304386.png",200,199,false],"tie-small":["https:\/\/fetrib.com\/web\/wp-content\/uploads\/2022\/07\/Logo-Quadrat-FETRIB-2-70x70.png",70,70,true],"tie-large":["https:\/\/fetrib.com\/web\/wp-content\/uploads\/2022\/07\/Logo-Quadrat-FETRIB-2-300x160.png",300,160,true],"slider":["https:\/\/fetrib.com\/web\/wp-content\/uploads\/2022\/07\/Logo-Quadrat-FETRIB-2-417x330.png",417,330,true]},"uagb_author_info":{"display_name":"admin","author_link":"https:\/\/fetrib.com\/web\/author\/admin\/"},"uagb_comment_info":0,"uagb_excerpt":"La Federaci\u00f3 de Triatl\u00f3 de les Illes Balears continua amb el programa de seguiment per aquest 2025.El segon cicle de la temporada constar\u00e0 de 8 entrenaments: &nbsp; 15 abril, nataci\u00f3 18 abril, carrera 22 abril, nataci\u00f3 29 abril, nataci\u00f3 2 maig, carrera 6 maig, nataci\u00f3 10 maig, ciclisme 13 maig, nataci\u00f3 16 maig, carrera 20&hellip;","_links":{"self":[{"href":"https:\/\/fetrib.com\/web\/wp-json\/wp\/v2\/posts\/6343","targetHints":{"allow":["GET"]}}],"collection":[{"href":"https:\/\/fetrib.com\/web\/wp-json\/wp\/v2\/posts"}],"about":[{"href":"https:\/\/fetrib.com\/web\/wp-json\/wp\/v2\/types\/post"}],"author":[{"embeddable":true,"href":"https:\/\/fetrib.com\/web\/wp-json\/wp\/v2\/users\/1"}],"replies":[{"embeddable":true,"href":"https:\/\/fetrib.com\/web\/wp-json\/wp\/v2\/comments?post=6343"}],"version-history":[{"count":2,"href":"https:\/\/fetrib.com\/web\/wp-json\/wp\/v2\/posts\/6343\/revisions"}],"predecessor-version":[{"id":6345,"href":"https:\/\/fetrib.com\/web\/wp-json\/wp\/v2\/posts\/6343\/revisions\/6345"}],"wp:featuredmedia":[{"embeddable":true,"href":"https:\/\/fetrib.com\/web\/wp-json\/wp\/v2\/media\/3918"}],"wp:attachment":[{"href":"https:\/\/fetrib.com\/web\/wp-json\/wp\/v2\/media?parent=6343"}],"wp:term":[{"taxonomy":"category","embeddable":true,"href":"https:\/\/fetrib.com\/web\/wp-json\/wp\/v2\/categories?post=6343"},{"taxonomy":"post_tag","embeddable":true,"href":"https:\/\/fetrib.com\/web\/wp-json\/wp\/v2\/tags?post=6343"}],"curies":[{"name":"wp","href":"https:\/\/api.w.org\/{rel}","templated":true}]}}