{"id":6347,"date":"2025-04-25T05:53:34","date_gmt":"2025-04-25T05:53:34","guid":{"rendered":"https:\/\/fetrib.com\/web\/?p=6347"},"modified":"2025-04-25T05:56:17","modified_gmt":"2025-04-25T05:56:17","slug":"11-nines-participen-de-la-primera-jornada-amazonas-2025","status":"publish","type":"post","link":"https:\/\/fetrib.com\/web\/2025\/04\/25\/11-nines-participen-de-la-primera-jornada-amazonas-2025\/","title":{"rendered":"11 nines participen de la primera jornada Amazonas 2025"},"content":{"rendered":"\n<p>Aquest 24 d&#8217;abril, el centre Global Training de Palma va acollir la primera jornada per a nines del programa Amazonas d&#8217;aquest 2025.<\/p>\n\n\n\n<p>Les participants de la jornada varen poder participar d&#8217;una sessi\u00f3 d&#8217;exercicis de for\u00e7a i una xarla sobre nutrici\u00f3 dirigida expl\u00edcitament a les triatletes joves.<\/p>\n\n\n\n<p>El Programa Amazones \u00e9s un programa integral i transversal de la FETRI amb la col\u00b7laboraci\u00f3 de la Federaci\u00f3 de Triatl\u00f3 de les Illes Balears, per al desenvolupament de la dona i la seva evoluci\u00f3 dins del triatl\u00f3, emmarcat dins del Programa Universo Mujer II.<\/p>\n\n\n\n<p>El principal objectiu d&#8217;aquest Programa Amazones \u00e9s promocionar i visibilitzar el triatl\u00f3 femen\u00ed a tots els seus \u00e0mbits. A m\u00e9s de seleccionar joves talentoses i apropar-les a l&#8217;esport d&#8217;elit en un programa compartit entre la FETRI i la Federaci\u00f3 de Triatl\u00f3 de les Illes Balears.<\/p>\n\n\n<div class=\"wp-block-image\">\n<figure class=\"aligncenter size-medium\"><img loading=\"lazy\" decoding=\"async\" width=\"225\" height=\"300\" src=\"https:\/\/fetrib.com\/web\/wp-content\/uploads\/2025\/04\/WhatsApp-Image-2025-04-24-at-20.01.04-1-225x300.jpeg\" alt=\"\" class=\"wp-image-6348\" srcset=\"https:\/\/fetrib.com\/web\/wp-content\/uploads\/2025\/04\/WhatsApp-Image-2025-04-24-at-20.01.04-1-225x300.jpeg 225w, https:\/\/fetrib.com\/web\/wp-content\/uploads\/2025\/04\/WhatsApp-Image-2025-04-24-at-20.01.04-1-768x1024.jpeg 768w, https:\/\/fetrib.com\/web\/wp-content\/uploads\/2025\/04\/WhatsApp-Image-2025-04-24-at-20.01.04-1-1152x1536.jpeg 1152w, https:\/\/fetrib.com\/web\/wp-content\/uploads\/2025\/04\/WhatsApp-Image-2025-04-24-at-20.01.04-1.jpeg 1536w\" sizes=\"auto, (max-width: 225px) 100vw, 225px\" \/><\/figure><\/div>","protected":false},"excerpt":{"rendered":"<p>Aquest 24 d&#8217;abril, el centre Global Training de Palma va acollir la primera jornada per a nines del programa Amazonas d&#8217;aquest 2025. Les participants de la jornada varen poder participar d&#8217;una sessi\u00f3 d&#8217;exercicis de for\u00e7a i una xarla sobre nutrici\u00f3 dirigida expl\u00edcitament a les triatletes joves. El Programa Amazones \u00e9s un programa integral i transversal &#8230;<\/p>\n","protected":false},"author":1,"featured_media":6349,"comment_status":"closed","ping_status":"open","sticky":false,"template":"","format":"standard","meta":{"_uag_custom_page_level_css":"","footnotes":""},"categories":[1],"tags":[],"class_list":["post-6347","post","type-post","status-publish","format-standard","has-post-thumbnail","hentry","category-general"],"uagb_featured_image_src":{"full":["https:\/\/fetrib.com\/web\/wp-content\/uploads\/2025\/04\/WhatsApp-Image-2025-04-24-at-20.01.04.jpeg",2048,1536,false],"thumbnail":["https:\/\/fetrib.com\/web\/wp-content\/uploads\/2025\/04\/WhatsApp-Image-2025-04-24-at-20.01.04-150x150.jpeg",150,150,true],"medium":["https:\/\/fetrib.com\/web\/wp-content\/uploads\/2025\/04\/WhatsApp-Image-2025-04-24-at-20.01.04-300x225.jpeg",300,225,true],"medium_large":["https:\/\/fetrib.com\/web\/wp-content\/uploads\/2025\/04\/WhatsApp-Image-2025-04-24-at-20.01.04-768x576.jpeg",620,465,true],"large":["https:\/\/fetrib.com\/web\/wp-content\/uploads\/2025\/04\/WhatsApp-Image-2025-04-24-at-20.01.04-1024x768.jpeg",620,465,true],"1536x1536":["https:\/\/fetrib.com\/web\/wp-content\/uploads\/2025\/04\/WhatsApp-Image-2025-04-24-at-20.01.04-1536x1152.jpeg",1536,1152,true],"2048x2048":["https:\/\/fetrib.com\/web\/wp-content\/uploads\/2025\/04\/WhatsApp-Image-2025-04-24-at-20.01.04.jpeg",2048,1536,false],"tie-small":["https:\/\/fetrib.com\/web\/wp-content\/uploads\/2025\/04\/WhatsApp-Image-2025-04-24-at-20.01.04-70x70.jpeg",70,70,true],"tie-large":["https:\/\/fetrib.com\/web\/wp-content\/uploads\/2025\/04\/WhatsApp-Image-2025-04-24-at-20.01.04-300x160.jpeg",300,160,true],"slider":["https:\/\/fetrib.com\/web\/wp-content\/uploads\/2025\/04\/WhatsApp-Image-2025-04-24-at-20.01.04-620x330.jpeg",620,330,true]},"uagb_author_info":{"display_name":"admin","author_link":"https:\/\/fetrib.com\/web\/author\/admin\/"},"uagb_comment_info":0,"uagb_excerpt":"Aquest 24 d&#8217;abril, el centre Global Training de Palma va acollir la primera jornada per a nines del programa Amazonas d&#8217;aquest 2025. Les participants de la jornada varen poder participar d&#8217;una sessi\u00f3 d&#8217;exercicis de for\u00e7a i una xarla sobre nutrici\u00f3 dirigida expl\u00edcitament a les triatletes joves. El Programa Amazones \u00e9s un programa integral i transversal&hellip;","_links":{"self":[{"href":"https:\/\/fetrib.com\/web\/wp-json\/wp\/v2\/posts\/6347","targetHints":{"allow":["GET"]}}],"collection":[{"href":"https:\/\/fetrib.com\/web\/wp-json\/wp\/v2\/posts"}],"about":[{"href":"https:\/\/fetrib.com\/web\/wp-json\/wp\/v2\/types\/post"}],"author":[{"embeddable":true,"href":"https:\/\/fetrib.com\/web\/wp-json\/wp\/v2\/users\/1"}],"replies":[{"embeddable":true,"href":"https:\/\/fetrib.com\/web\/wp-json\/wp\/v2\/comments?post=6347"}],"version-history":[{"count":2,"href":"https:\/\/fetrib.com\/web\/wp-json\/wp\/v2\/posts\/6347\/revisions"}],"predecessor-version":[{"id":6352,"href":"https:\/\/fetrib.com\/web\/wp-json\/wp\/v2\/posts\/6347\/revisions\/6352"}],"wp:featuredmedia":[{"embeddable":true,"href":"https:\/\/fetrib.com\/web\/wp-json\/wp\/v2\/media\/6349"}],"wp:attachment":[{"href":"https:\/\/fetrib.com\/web\/wp-json\/wp\/v2\/media?parent=6347"}],"wp:term":[{"taxonomy":"category","embeddable":true,"href":"https:\/\/fetrib.com\/web\/wp-json\/wp\/v2\/categories?post=6347"},{"taxonomy":"post_tag","embeddable":true,"href":"https:\/\/fetrib.com\/web\/wp-json\/wp\/v2\/tags?post=6347"}],"curies":[{"name":"wp","href":"https:\/\/api.w.org\/{rel}","templated":true}]}}