{"id":6361,"date":"2025-05-30T08:09:19","date_gmt":"2025-05-30T08:09:19","guid":{"rendered":"https:\/\/fetrib.com\/web\/?p=6361"},"modified":"2025-05-30T08:10:07","modified_gmt":"2025-05-30T08:10:07","slug":"convocatoria-seleccio-balear-pel-campionat-despanya-dautonomies-merida-2025","status":"publish","type":"post","link":"https:\/\/fetrib.com\/web\/2025\/05\/30\/convocatoria-seleccio-balear-pel-campionat-despanya-dautonomies-merida-2025\/","title":{"rendered":"Convocat\u00f2ria Selecci\u00f3 Balear pel Campionat d\u2019Espanya d\u2019Autonomies M\u00e9rida 2025"},"content":{"rendered":"\n<p>El proper 5 i 6 de juliol es disputa el Campionat d\u2019Espanya per Autonomies, i Escolar (CSD) a la localitat de M\u00e9rida.<\/p>\n\n\n\n<p>La FETRIB assumir\u00e0 les despeses de despla\u00e7ament, allotjament i dietes.<\/p>\n\n\n\n<p>La Federaci\u00f3 de Triatl\u00f3 de les Illes Balears estar\u00e0 representada pels seg\u00fcents esportistes:<\/p>\n\n\n\n<p><strong>Selecci\u00f3 Absoluta <\/strong><\/p>\n\n\n\n<p>Mascul\u00ed<\/p>\n\n\n\n<ol class=\"wp-block-list\">\n<li>Tadeo Baruffato.       C.E. Illes Balears<\/li>\n\n\n\n<li>Antoni Juan.             <em>C.E.A. BETERA<\/em><\/li>\n\n\n\n<li>Ivan Torres.              C.E. Triacademy <\/li>\n\n\n\n<li>Roberto Almansa.    C.E. Triacademy<\/li>\n<\/ol>\n\n\n\n<p>Femen\u00ed:<\/p>\n\n\n\n<ol class=\"wp-block-list\">\n<li>Xisca Tous                Diablillos de Rivas<\/li>\n\n\n\n<li>Maria Barcel\u00f3.          Club Triatl\u00f3n Soriano <\/li>\n\n\n\n<li>Patricia Quir\u00f3s.         Saltoki Trikideak<\/li>\n\n\n\n<li>Maria Sbert.              C.E. Triacademy<\/li>\n<\/ol>\n\n\n\n<p><strong>Selecci\u00f3 Juvenil<\/strong><\/p>\n\n\n\n<p>Mascul\u00ed:<\/p>\n\n\n\n<ol id=\"block-fe0366d2-ee4d-4cba-9dff-7174a20d4ccb\" class=\"wp-block-list\">\n<li>Toni Andujar              TOTAL TEAM MALLORCA<\/li>\n\n\n\n<li>Telmo Oiz                  CLUB TRIATLON GHOST<\/li>\n\n\n\n<li>Hector Bauza            TOTAL TEAM MALLORCA<\/li>\n\n\n\n<li>Izan Baidez                RDS Triatl\u00f3<\/li>\n<\/ol>\n\n\n\n<p>   Femen\u00ed:<\/p>\n\n\n\n<ol id=\"block-fe0366d2-ee4d-4cba-9dff-7174a20d4ccb\" class=\"wp-block-list\">\n<li>Mireia Caldentey      TRIATL\u00d3 PORTOCOLOM<\/li>\n\n\n\n<li>Lucie Dupr\u00e9             Ciudade de Lugo<\/li>\n\n\n\n<li>Marta Bonet            Saltoki Trikideak<\/li>\n\n\n\n<li>Ana Mart\u00ednez.          C.E. Triacademy<\/li>\n<\/ol>\n\n\n\n<p><\/p>\n\n\n\n<p><strong>Selecci\u00f3 Cadete<\/strong><\/p>\n\n\n\n<p>Mascul\u00ed<\/p>\n\n\n\n<ol id=\"block-fe0366d2-ee4d-4cba-9dff-7174a20d4ccb\" class=\"wp-block-list\">\n<li>Marc Reus.             RDS Triatl\u00f3<\/li>\n\n\n\n<li>Toni Autonell.         TOTAL TEAM MALLORCA<\/li>\n\n\n\n<li>Carlos Montalv\u00e1     RDS Triatl\u00f3<\/li>\n\n\n\n<li>Pau Gaya                TOTAL TEAM MALLORCA<\/li>\n<\/ol>\n\n\n\n<p><\/p>\n\n\n\n<p>Femen\u00ed:<\/p>\n\n\n\n<ol id=\"block-fe0366d2-ee4d-4cba-9dff-7174a20d4ccb\" class=\"wp-block-list\">\n<li>Gracia Hevia.            TRIATL\u00d3 PORTOCOLOM<\/li>\n\n\n\n<li>Claudia Fernandez.   CLUB TRIATLON GHOST<\/li>\n\n\n\n<li>Maria Obrador.          TRIATL\u00d3 PORTOCOLOM<\/li>\n\n\n\n<li>Maria Bonet.              Saltoki Trikideak<\/li>\n<\/ol>\n\n\n\n<p>Relleu Inclusiu<br>1. Bartomeu Caldentey TRIATL\u00d3 PORTOCOLOM<\/p>\n\n\n\n<p>Properament es convocar\u00e0 a una reuni\u00f3 informativa sobre el pla de viatge establert.<\/p>\n\n\n\n<p><a href=\"https:\/\/fetrib.com\/web\/wp-content\/uploads\/2025\/05\/Convocatoria-seleccio-Autonomies-Absolut-2025-1.pdf\">https:\/\/fetrib.com\/web\/wp-content\/uploads\/2025\/05\/Convocatoria-seleccio-Autonomies-Absolut-2025-1.pdf<\/a><\/p>\n","protected":false},"excerpt":{"rendered":"<p>El proper 5 i 6 de juliol es disputa el Campionat d\u2019Espanya per Autonomies, i Escolar (CSD) a la localitat de M\u00e9rida. La FETRIB assumir\u00e0 les despeses de despla\u00e7ament, allotjament i dietes. La Federaci\u00f3 de Triatl\u00f3 de les Illes Balears estar\u00e0 representada pels seg\u00fcents esportistes: Selecci\u00f3 Absoluta Mascul\u00ed Tadeo Baruffato. C.E. Illes Balears Antoni Juan. &#8230;<\/p>\n","protected":false},"author":1,"featured_media":6362,"comment_status":"closed","ping_status":"open","sticky":false,"template":"","format":"standard","meta":{"_uag_custom_page_level_css":"","footnotes":""},"categories":[1],"tags":[],"class_list":["post-6361","post","type-post","status-publish","format-standard","has-post-thumbnail","hentry","category-general"],"uagb_featured_image_src":{"full":["https:\/\/fetrib.com\/web\/wp-content\/uploads\/2025\/05\/autonomies-merida-24.png",1076,525,false],"thumbnail":["https:\/\/fetrib.com\/web\/wp-content\/uploads\/2025\/05\/autonomies-merida-24-150x150.png",150,150,true],"medium":["https:\/\/fetrib.com\/web\/wp-content\/uploads\/2025\/05\/autonomies-merida-24-300x146.png",300,146,true],"medium_large":["https:\/\/fetrib.com\/web\/wp-content\/uploads\/2025\/05\/autonomies-merida-24-768x375.png",620,303,true],"large":["https:\/\/fetrib.com\/web\/wp-content\/uploads\/2025\/05\/autonomies-merida-24-1024x500.png",620,303,true],"1536x1536":["https:\/\/fetrib.com\/web\/wp-content\/uploads\/2025\/05\/autonomies-merida-24.png",1076,525,false],"2048x2048":["https:\/\/fetrib.com\/web\/wp-content\/uploads\/2025\/05\/autonomies-merida-24.png",1076,525,false],"tie-small":["https:\/\/fetrib.com\/web\/wp-content\/uploads\/2025\/05\/autonomies-merida-24-70x70.png",70,70,true],"tie-large":["https:\/\/fetrib.com\/web\/wp-content\/uploads\/2025\/05\/autonomies-merida-24-300x160.png",300,160,true],"slider":["https:\/\/fetrib.com\/web\/wp-content\/uploads\/2025\/05\/autonomies-merida-24-620x330.png",620,330,true]},"uagb_author_info":{"display_name":"admin","author_link":"https:\/\/fetrib.com\/web\/author\/admin\/"},"uagb_comment_info":0,"uagb_excerpt":"El proper 5 i 6 de juliol es disputa el Campionat d\u2019Espanya per Autonomies, i Escolar (CSD) a la localitat de M\u00e9rida. La FETRIB assumir\u00e0 les despeses de despla\u00e7ament, allotjament i dietes. La Federaci\u00f3 de Triatl\u00f3 de les Illes Balears estar\u00e0 representada pels seg\u00fcents esportistes: Selecci\u00f3 Absoluta Mascul\u00ed Tadeo Baruffato. C.E. Illes Balears Antoni Juan.&hellip;","_links":{"self":[{"href":"https:\/\/fetrib.com\/web\/wp-json\/wp\/v2\/posts\/6361","targetHints":{"allow":["GET"]}}],"collection":[{"href":"https:\/\/fetrib.com\/web\/wp-json\/wp\/v2\/posts"}],"about":[{"href":"https:\/\/fetrib.com\/web\/wp-json\/wp\/v2\/types\/post"}],"author":[{"embeddable":true,"href":"https:\/\/fetrib.com\/web\/wp-json\/wp\/v2\/users\/1"}],"replies":[{"embeddable":true,"href":"https:\/\/fetrib.com\/web\/wp-json\/wp\/v2\/comments?post=6361"}],"version-history":[{"count":2,"href":"https:\/\/fetrib.com\/web\/wp-json\/wp\/v2\/posts\/6361\/revisions"}],"predecessor-version":[{"id":6366,"href":"https:\/\/fetrib.com\/web\/wp-json\/wp\/v2\/posts\/6361\/revisions\/6366"}],"wp:featuredmedia":[{"embeddable":true,"href":"https:\/\/fetrib.com\/web\/wp-json\/wp\/v2\/media\/6362"}],"wp:attachment":[{"href":"https:\/\/fetrib.com\/web\/wp-json\/wp\/v2\/media?parent=6361"}],"wp:term":[{"taxonomy":"category","embeddable":true,"href":"https:\/\/fetrib.com\/web\/wp-json\/wp\/v2\/categories?post=6361"},{"taxonomy":"post_tag","embeddable":true,"href":"https:\/\/fetrib.com\/web\/wp-json\/wp\/v2\/tags?post=6361"}],"curies":[{"name":"wp","href":"https:\/\/api.w.org\/{rel}","templated":true}]}}