{"id":6368,"date":"2025-07-08T05:34:17","date_gmt":"2025-07-08T05:34:17","guid":{"rendered":"https:\/\/fetrib.com\/web\/?p=6368"},"modified":"2025-07-08T05:34:19","modified_gmt":"2025-07-08T05:34:19","slug":"el-acuatlo-ciutat-de-palma-el-corte-ingles-reune-el-domingo-a-200-triatletas-en-el-campeonato-de-balears","status":"publish","type":"post","link":"https:\/\/fetrib.com\/web\/2025\/07\/08\/el-acuatlo-ciutat-de-palma-el-corte-ingles-reune-el-domingo-a-200-triatletas-en-el-campeonato-de-balears\/","title":{"rendered":"El Acuatl\u00f3 Ciutat de Palma-El Corte Ingl\u00e9s re\u00fane el domingo a 200 triatletas en el Campeonato de Balears"},"content":{"rendered":"\n<p>El evento se celebra este domingo, a las 9.30 horas, en la playa de Can Pere Antoni y pla\u00e7a del Portixol de Palma<\/p>\n\n\n\n<p>Unos 200 triatletas de las islas participar\u00e1n este domingo, 13 de julio, en una nueva edici\u00f3n del acuatl\u00f3n Ciutat de Palma-El Corte Ingl\u00e9s, que en esta ocasi\u00f3n ser\u00e1 adem\u00e1s Campeonato de Baleares en las diferentes categor\u00edas, bajo la organizaci\u00f3n de la Federaci\u00f3n balear de Triatl\u00f3n (FETRIB).<br>La prueba se ha presentado esta ma\u00f1ana en la planta de Deportes de El Corte Ingl\u00e9s de Avenidas, con la asistencia del director general de Deportes del ayuntamiento de Palma, David Salom; el presidente de la Federaci\u00f3n balear de Triatl\u00f3n (FETRIB), Ignasi Colom; y el director de Relaciones Institucionales de El Corte Ingl\u00e9s en Balears, Antonio S\u00e1nchez.<br>El evento, que cuenta con la colaboraci\u00f3n del ayuntamiento de Palma, arrancar\u00e1 a las 9.30 horas en la pla\u00e7a del Portixol de Palma, con la celebraci\u00f3n del acuatl\u00f3n est\u00e1ndar para las categor\u00edas absolutas masculina y femenina.<br>En esta competici\u00f3n habr\u00e1 un primer sector de carrera de 2,5 kil\u00f3metros, para posteriormente nadar 1.000 metros en la playa de Can Pere Antoni y finalizar con otros 2,5 kil\u00f3metros de carrera.<br>Posteriormente, a las 10.30 horas, se celebrar\u00e1 el acuatl\u00f3n sprint para cadetes e infantiles (1,250 metros de carrera, 500 metros de nataci\u00f3n y 1,250 metros de carrera). Despu\u00e9s de la entrega de premios a las 11 horas, se celebrar\u00e1n los acuatlones para los m\u00e1s peque\u00f1os (alevines, benjamines y prebenjamines).<\/p>\n","protected":false},"excerpt":{"rendered":"<p>El evento se celebra este domingo, a las 9.30 horas, en la playa de Can Pere Antoni y pla\u00e7a del Portixol de Palma Unos 200 triatletas de las islas participar\u00e1n este domingo, 13 de julio, en una nueva edici\u00f3n del acuatl\u00f3n Ciutat de Palma-El Corte Ingl\u00e9s, que en esta ocasi\u00f3n ser\u00e1 adem\u00e1s Campeonato de Baleares &#8230;<\/p>\n","protected":false},"author":1,"featured_media":6369,"comment_status":"closed","ping_status":"open","sticky":false,"template":"","format":"standard","meta":{"_uag_custom_page_level_css":"","footnotes":""},"categories":[1],"tags":[],"class_list":["post-6368","post","type-post","status-publish","format-standard","has-post-thumbnail","hentry","category-general"],"uagb_featured_image_src":{"full":["https:\/\/fetrib.com\/web\/wp-content\/uploads\/2025\/07\/foto-corte-ingles-scaled.jpg",2560,1848,false],"thumbnail":["https:\/\/fetrib.com\/web\/wp-content\/uploads\/2025\/07\/foto-corte-ingles-150x150.jpg",150,150,true],"medium":["https:\/\/fetrib.com\/web\/wp-content\/uploads\/2025\/07\/foto-corte-ingles-300x217.jpg",300,217,true],"medium_large":["https:\/\/fetrib.com\/web\/wp-content\/uploads\/2025\/07\/foto-corte-ingles-768x554.jpg",620,447,true],"large":["https:\/\/fetrib.com\/web\/wp-content\/uploads\/2025\/07\/foto-corte-ingles-1024x739.jpg",620,447,true],"1536x1536":["https:\/\/fetrib.com\/web\/wp-content\/uploads\/2025\/07\/foto-corte-ingles-1536x1109.jpg",1536,1109,true],"2048x2048":["https:\/\/fetrib.com\/web\/wp-content\/uploads\/2025\/07\/foto-corte-ingles-2048x1478.jpg",2048,1478,true],"tie-small":["https:\/\/fetrib.com\/web\/wp-content\/uploads\/2025\/07\/foto-corte-ingles-70x70.jpg",70,70,true],"tie-large":["https:\/\/fetrib.com\/web\/wp-content\/uploads\/2025\/07\/foto-corte-ingles-300x160.jpg",300,160,true],"slider":["https:\/\/fetrib.com\/web\/wp-content\/uploads\/2025\/07\/foto-corte-ingles-620x330.jpg",620,330,true]},"uagb_author_info":{"display_name":"admin","author_link":"https:\/\/fetrib.com\/web\/author\/admin\/"},"uagb_comment_info":0,"uagb_excerpt":"El evento se celebra este domingo, a las 9.30 horas, en la playa de Can Pere Antoni y pla\u00e7a del Portixol de Palma Unos 200 triatletas de las islas participar\u00e1n este domingo, 13 de julio, en una nueva edici\u00f3n del acuatl\u00f3n Ciutat de Palma-El Corte Ingl\u00e9s, que en esta ocasi\u00f3n ser\u00e1 adem\u00e1s Campeonato de Baleares&hellip;","_links":{"self":[{"href":"https:\/\/fetrib.com\/web\/wp-json\/wp\/v2\/posts\/6368","targetHints":{"allow":["GET"]}}],"collection":[{"href":"https:\/\/fetrib.com\/web\/wp-json\/wp\/v2\/posts"}],"about":[{"href":"https:\/\/fetrib.com\/web\/wp-json\/wp\/v2\/types\/post"}],"author":[{"embeddable":true,"href":"https:\/\/fetrib.com\/web\/wp-json\/wp\/v2\/users\/1"}],"replies":[{"embeddable":true,"href":"https:\/\/fetrib.com\/web\/wp-json\/wp\/v2\/comments?post=6368"}],"version-history":[{"count":1,"href":"https:\/\/fetrib.com\/web\/wp-json\/wp\/v2\/posts\/6368\/revisions"}],"predecessor-version":[{"id":6370,"href":"https:\/\/fetrib.com\/web\/wp-json\/wp\/v2\/posts\/6368\/revisions\/6370"}],"wp:featuredmedia":[{"embeddable":true,"href":"https:\/\/fetrib.com\/web\/wp-json\/wp\/v2\/media\/6369"}],"wp:attachment":[{"href":"https:\/\/fetrib.com\/web\/wp-json\/wp\/v2\/media?parent=6368"}],"wp:term":[{"taxonomy":"category","embeddable":true,"href":"https:\/\/fetrib.com\/web\/wp-json\/wp\/v2\/categories?post=6368"},{"taxonomy":"post_tag","embeddable":true,"href":"https:\/\/fetrib.com\/web\/wp-json\/wp\/v2\/tags?post=6368"}],"curies":[{"name":"wp","href":"https:\/\/api.w.org\/{rel}","templated":true}]}}