{"id":639,"date":"2015-12-22T16:10:37","date_gmt":"2015-12-22T16:10:37","guid":{"rendered":"http:\/\/www.fetrib.com\/web2018\/uncategorised\/convocatoria-presa-de-temps-2016\/"},"modified":"2015-12-22T16:10:37","modified_gmt":"2015-12-22T16:10:37","slug":"convocatoria-presa-de-temps-2016","status":"publish","type":"post","link":"https:\/\/fetrib.com\/web\/2015\/12\/22\/convocatoria-presa-de-temps-2016\/","title":{"rendered":"Convocat\u00f2ria presa de temps 2016"},"content":{"rendered":"<p>\u00a0<img decoding=\"async\" src=\"images\/eventlist\/Cartel Toma de Tiempos 2016.jpg\" border=\"0\" alt=\"\" width=\"300\" style=\"display: block; margin-left: auto; margin-right: auto;\" \/><\/p>\n<p class=\"MsoNormal\" style=\"text-align: justify;\"><span style=\"mso-ansi-language: CA;\" lang=\"CA\">La FETRIB convoca una presa de temps integrada en el Pla Nacional de Tecnificaci\u00f3 de la Federaci\u00f3 Espa\u00f1ola de Triatl\u00f3. <\/span><\/p>\n<p class=\"MsoNormal\" style=\"text-align: justify;\"><span style=\"mso-ansi-language: CA;\" lang=\"CA\">Llocs: Poliesportiu Pr\u00ednceps d\u2019Espanya de Palma i pista d\u2019atletisme de Calvi\u00e0.<\/span><\/p>\n<p><span style=\"mso-ansi-language: CA;\" lang=\"CA\">Dia: Dissabte 09 de gener de 2016.<\/span><\/p>\n<p class=\"MsoNormal\" style=\"text-align: justify;\"><span style=\"mso-ansi-language: CA;\" lang=\"CA\">Convocats: Tots els <strong style=\"mso-bidi-font-weight: normal;\">esportistes cadets<\/strong> (1999, 2000, 2001) i <strong style=\"mso-bidi-font-weight: normal;\">junior<\/strong> (1997, 1998) en la temporada 2015 aix\u00ed com tots els<strong style=\"mso-bidi-font-weight: normal;\"> paratriatletes<\/strong>.<\/span><\/p>\n<p class=\"MsoNormal\" style=\"text-align: justify;\"><span style=\"mso-ansi-language: CA;\" lang=\"CA\">Tots els esportistes han de estar en possessi\u00f3 de la llic\u00e8ncia Federativa en vigor o tramitar la llic\u00e8ncia per a un dia.<\/span><\/p>\n<p class=\"MsoNormal\" style=\"text-align: justify;\"><span style=\"mso-ansi-language: CA;\" lang=\"CA\">S\u2019han de realitzar 4 proves, 2 de nataci\u00f3 (100 i 1000 m.) i 2 de carrera (400 i 1000 m.)<\/span><\/p>\n<p><strong style=\"mso-bidi-font-weight: normal;\"><span style=\"mso-ansi-language: CA;\" lang=\"CA\">Jornada de mat\u00ed: Nataci\u00f3<\/span><\/strong><span style=\"mso-ansi-language: CA;\" lang=\"CA\">. Convocat\u00f2ria a les 12:00 canviats a la piscina de Pr\u00ednceps d\u2019Espanya:<\/span><\/p>\n<p class=\"MsoListParagraphCxSpFirst\" style=\"margin-left: 25.5pt; mso-add-space: auto; text-align: justify; text-indent: -18.0pt; mso-list: l0 level1 lfo1;\"><span style=\"mso-ascii-font-family: Calibri; mso-fareast-font-family: Calibri; mso-hansi-font-family: Calibri; mso-bidi-font-family: Calibri; mso-ansi-language: CA;\" lang=\"CA\"><span style=\"mso-list: Ignore;\">&#8211;<span style=\"font: 7.0pt 'Times New Roman';\">\u00a0\u00a0\u00a0\u00a0\u00a0\u00a0\u00a0 <\/span><\/span><\/span><span style=\"mso-ansi-language: CA;\" lang=\"CA\">Cadets i junior: 1\u00aa prova 100 m, descans m\u00ednim de 15\u2019. 2\u00aa prova 1000 m.<\/span><\/p>\n<p class=\"MsoListParagraphCxSpLast\" style=\"margin-left: 25.5pt; mso-add-space: auto; text-align: justify; text-indent: -18.0pt; mso-list: l0 level1 lfo1;\"><span style=\"mso-ascii-font-family: Calibri; mso-fareast-font-family: Calibri; mso-hansi-font-family: Calibri; mso-bidi-font-family: Calibri; mso-ansi-language: CA;\" lang=\"CA\"><span style=\"mso-list: Ignore;\">&#8211;<span style=\"font: 7.0pt 'Times New Roman';\">\u00a0\u00a0\u00a0\u00a0\u00a0\u00a0\u00a0 <\/span><\/span><\/span><span style=\"mso-ansi-language: CA;\" lang=\"CA\">Paratriatletes: 500 m<\/span><\/p>\n<p class=\"MsoNormal\" style=\"text-align: justify;\"><strong style=\"mso-bidi-font-weight: normal;\"><span style=\"mso-ansi-language: CA;\" lang=\"CA\">Jornada de tarda: Carrera.<\/span><\/strong><span style=\"mso-ansi-language: CA;\" lang=\"CA\"> Convocat\u00f2ria a les 18:00 canviats a la pista d\u2019atletisme de Calvi\u00e0.<\/span><\/p>\n<p class=\"MsoListParagraphCxSpFirst\" style=\"margin-left: 25.5pt; mso-add-space: auto; text-align: justify; text-indent: -18.0pt; mso-list: l0 level1 lfo1;\"><span style=\"mso-ascii-font-family: Calibri; mso-fareast-font-family: Calibri; mso-hansi-font-family: Calibri; mso-bidi-font-family: Calibri; mso-ansi-language: CA;\" lang=\"CA\"><span style=\"mso-list: Ignore;\">&#8211;<span style=\"font: 7.0pt 'Times New Roman';\">\u00a0\u00a0\u00a0\u00a0\u00a0\u00a0\u00a0 <\/span><\/span><\/span><span style=\"mso-ansi-language: CA;\" lang=\"CA\">Cadets i junior: 1\u00aa prova 1000 m, descans m\u00ednim 15\u2019. 2\u00aa prova 400 m.<\/span><\/p>\n<p class=\"MsoListParagraphCxSpLast\" style=\"margin-left: 25.5pt; mso-add-space: auto; text-align: justify; text-indent: -18.0pt; mso-list: l0 level1 lfo1;\"><span style=\"mso-ascii-font-family: Calibri; mso-fareast-font-family: Calibri; mso-hansi-font-family: Calibri; mso-bidi-font-family: Calibri; mso-ansi-language: CA;\" lang=\"CA\"><span style=\"mso-list: Ignore;\">&#8211;<span style=\"font: 7.0pt 'Times New Roman';\">\u00a0\u00a0\u00a0\u00a0\u00a0\u00a0\u00a0 <\/span><\/span><\/span><span style=\"mso-ansi-language: CA;\" lang=\"CA\">Paratriatletes: 1000 m<\/span><\/p>\n<p class=\"MsoNormal\" style=\"text-align: justify;\"><strong style=\"mso-bidi-font-weight: normal;\"><span style=\"mso-ansi-language: CA;\" lang=\"CA\">Inscripci\u00f3: <\/span><\/strong><span style=\"mso-ansi-language: CA;\" lang=\"CA\">un representant de cada club enviar\u00e0 el formulari que facilitem emplenat abans del dijous 07 de gener a dtecnica@fetrib.com.<\/span><\/p>\n<p class=\"MsoNormal\" style=\"text-align: justify;\"><span style=\"mso-ansi-language: CA;\" lang=\"CA\">S\u2019adjunten les taules de baremaci\u00f3 dels temps.<\/span><\/p>\n<p><span style=\"mso-ansi-language: CA;\" lang=\"CA\">Les delegacions de Menorca i Eivissa tamb\u00e9 realitzaran presa de temps. S\u2019estan fent gestions per a confirmar els horaris definitius.<\/span><\/p>\n<p class=\"MsoNormal\" style=\"text-align: justify;\"><span style=\"mso-ansi-language: CA;\" lang=\"CA\">Persones de contacte:<\/span><\/p>\n<p class=\"caption\"><span style=\"mso-ansi-language: CA;\" lang=\"CA\">Mallorca: Miquel Torres. Tel: 679917360. Mail: <\/span><span lang=\"ES\"><a href=\"mailto:dtecnica@fetrib.com\"><span style=\"mso-ansi-language: CA;\" lang=\"CA\">dtecnica@fetrib.com<\/span><\/a><\/span><span style=\"mso-ansi-language: CA;\" lang=\"CA\">.<\/span><\/p>\n<p class=\"caption\" style=\"text-align: justify;\"><span style=\"mso-ansi-language: CA;\" lang=\"CA\">Menorca: Paco Arnau. Tel: 646082843. Mail: <\/span><span lang=\"ES\"><a href=\"mailto:parnau@gmail.com\"><span style=\"mso-ansi-language: CA;\" lang=\"CA\">parnau@gmail.com<\/span><\/a><\/span><\/p>\n<p class=\"caption\" style=\"text-align: justify;\"><span style=\"mso-ansi-language: CA;\" lang=\"CA\">Eivissa: Javi Bonet. Tel: 636277425. Mail: <\/span><span lang=\"ES\"><a href=\"mailto:coachjavi@gmail.com\"><span style=\"mso-ansi-language: CA;\" lang=\"CA\">coachjavi@gmail.com<\/span><\/a><\/span><\/p>\n<p class=\"caption\" style=\"text-align: justify;\"><span style=\"mso-ansi-language: CA;\" lang=\"CA\"> <a href=\"images\/pdf\/Baremos%20Masculinos%20Toma%20de%20Tiempos%202016.pdf\">Baremaci\u00f3 masculina<\/a><br \/><\/span><\/p>\n<p><a href=\"images\/pdf\/Baremos%20Femeninos%20Toma%20de%20Tiempos%202016.pdf\">Baremaci\u00f3 femenina<\/a><\/p>\n","protected":false},"excerpt":{"rendered":"<p>\u00a0 La FETRIB convoca una presa de temps integrada en el Pla Nacional de Tecnificaci\u00f3 de la Federaci\u00f3 Espa\u00f1ola de Triatl\u00f3. Llocs: Poliesportiu Pr\u00ednceps d\u2019Espanya de Palma i pista d\u2019atletisme de Calvi\u00e0. Dia: Dissabte 09 de gener de 2016. Convocats: Tots els esportistes cadets (1999, 2000, 2001) i junior (1997, 1998) en la temporada 2015 &#8230;<\/p>\n","protected":false},"author":1,"featured_media":0,"comment_status":"open","ping_status":"open","sticky":false,"template":"","format":"standard","meta":{"_uag_custom_page_level_css":"","footnotes":""},"categories":[46],"tags":[],"class_list":["post-639","post","type-post","status-publish","format-standard","hentry","category-triatlo"],"uagb_featured_image_src":{"full":false,"thumbnail":false,"medium":false,"medium_large":false,"large":false,"1536x1536":false,"2048x2048":false,"tie-small":false,"tie-large":false,"slider":false},"uagb_author_info":{"display_name":"admin","author_link":"https:\/\/fetrib.com\/web\/author\/admin\/"},"uagb_comment_info":0,"uagb_excerpt":"\u00a0 La FETRIB convoca una presa de temps integrada en el Pla Nacional de Tecnificaci\u00f3 de la Federaci\u00f3 Espa\u00f1ola de Triatl\u00f3. Llocs: Poliesportiu Pr\u00ednceps d\u2019Espanya de Palma i pista d\u2019atletisme de Calvi\u00e0. Dia: Dissabte 09 de gener de 2016. Convocats: Tots els esportistes cadets (1999, 2000, 2001) i junior (1997, 1998) en la temporada 2015&hellip;","_links":{"self":[{"href":"https:\/\/fetrib.com\/web\/wp-json\/wp\/v2\/posts\/639","targetHints":{"allow":["GET"]}}],"collection":[{"href":"https:\/\/fetrib.com\/web\/wp-json\/wp\/v2\/posts"}],"about":[{"href":"https:\/\/fetrib.com\/web\/wp-json\/wp\/v2\/types\/post"}],"author":[{"embeddable":true,"href":"https:\/\/fetrib.com\/web\/wp-json\/wp\/v2\/users\/1"}],"replies":[{"embeddable":true,"href":"https:\/\/fetrib.com\/web\/wp-json\/wp\/v2\/comments?post=639"}],"version-history":[{"count":0,"href":"https:\/\/fetrib.com\/web\/wp-json\/wp\/v2\/posts\/639\/revisions"}],"wp:attachment":[{"href":"https:\/\/fetrib.com\/web\/wp-json\/wp\/v2\/media?parent=639"}],"wp:term":[{"taxonomy":"category","embeddable":true,"href":"https:\/\/fetrib.com\/web\/wp-json\/wp\/v2\/categories?post=639"},{"taxonomy":"post_tag","embeddable":true,"href":"https:\/\/fetrib.com\/web\/wp-json\/wp\/v2\/tags?post=639"}],"curies":[{"name":"wp","href":"https:\/\/api.w.org\/{rel}","templated":true}]}}