{"id":6399,"date":"2025-12-23T13:32:44","date_gmt":"2025-12-23T13:32:44","guid":{"rendered":"https:\/\/fetrib.com\/web\/?p=6399"},"modified":"2025-12-23T13:32:45","modified_gmt":"2025-12-23T13:32:45","slug":"grup-de-seguiment-triatlo","status":"publish","type":"post","link":"https:\/\/fetrib.com\/web\/2025\/12\/23\/grup-de-seguiment-triatlo\/","title":{"rendered":"GRUP DE SEGUIMENT TRIATL\u00d3"},"content":{"rendered":"\n<p>Amb l&#8217;objectiu d&#8217;ampliar el seguiment dels triatletes de la nostra Comunitat, es convoca als seg\u00fcents esportistes a participar en aquest grup:<\/p>\n\n\n\n<p>Seguiment de triatl\u00f3 Mallorca:<\/p>\n\n\n\n<ul class=\"wp-block-list\">\n<li>Claudia Fern\u00e1ndez, Club Triatl\u00f3n Ghost<\/li>\n\n\n\n<li>Roberto Almansa, CE Triacademy<\/li>\n\n\n\n<li>Carlos Montalv\u00e1, RDS Triatl\u00f3<\/li>\n\n\n\n<li>Iv\u00e1n Torres, CE Triacademy<\/li>\n\n\n\n<li>Maria Obrador, Triatl\u00e7o Portocolom<\/li>\n\n\n\n<li>Lucas Quetlas, C.E. CONECTA BALEAR XTREM CALVI\u00c0 <\/li>\n<\/ul>\n\n\n\n<p><\/p>\n\n\n\n<p>Seguiment multiesport:<\/p>\n\n\n\n<ul class=\"wp-block-list\">\n<li>Pau Gay\u00e1, Total Team Mallorca<\/li>\n\n\n\n<li>Gemma Llabr\u00e9s, CA Amistat<\/li>\n\n\n\n<li>Miquel A. Cap\u00f3, Saltoki Trikideak<\/li>\n\n\n\n<li>Pau Luque, CA Joan Comes Sa Pobla<\/li>\n\n\n\n<li>Miquel Cap\u00f3, CA Joan Comes <\/li>\n<\/ul>\n\n\n\n<p><\/p>\n\n\n\n<p>Sa Pobla Seguiment Eivissa:<\/p>\n\n\n\n<ul class=\"wp-block-list\">\n<li>Maria Bonet, Saltoki Trikideak<\/li>\n\n\n\n<li>Marta Bonet, Saltoki Trikideak<\/li>\n\n\n\n<li>Izan Ribas, Tribombers Eivissa <\/li>\n<\/ul>\n\n\n\n<p><\/p>\n\n\n\n<p>En breu els entrenadors es posaran en contacte amb els convocats per preparar les sessions d\u2019entrenament.<\/p>\n\n\n\n<p><\/p>\n\n\n\n<p><a href=\"https:\/\/fetrib.com\/web\/wp-content\/uploads\/2025\/12\/Convocatoria-seguiment-260101pdf.pdf\">Convocat\u00f2ria<\/a><\/p>\n\n\n\n<p><\/p>\n","protected":false},"excerpt":{"rendered":"<p>Amb l&#8217;objectiu d&#8217;ampliar el seguiment dels triatletes de la nostra Comunitat, es convoca als seg\u00fcents esportistes a participar en aquest grup: Seguiment de triatl\u00f3 Mallorca: Claudia Fern\u00e1ndez, Club Triatl\u00f3n Ghost Roberto Almansa, CE Triacademy Carlos Montalv\u00e1, RDS Triatl\u00f3 Iv\u00e1n Torres, CE Triacademy Maria Obrador, Triatl\u00e7o Portocolom Lucas Quetlas, C.E. CONECTA BALEAR XTREM CALVI\u00c0 Seguiment multiesport: &#8230;<\/p>\n","protected":false},"author":1,"featured_media":0,"comment_status":"closed","ping_status":"open","sticky":false,"template":"","format":"standard","meta":{"_uag_custom_page_level_css":"","footnotes":""},"categories":[1],"tags":[],"class_list":["post-6399","post","type-post","status-publish","format-standard","hentry","category-general"],"uagb_featured_image_src":{"full":false,"thumbnail":false,"medium":false,"medium_large":false,"large":false,"1536x1536":false,"2048x2048":false,"tie-small":false,"tie-large":false,"slider":false},"uagb_author_info":{"display_name":"admin","author_link":"https:\/\/fetrib.com\/web\/author\/admin\/"},"uagb_comment_info":0,"uagb_excerpt":"Amb l&#8217;objectiu d&#8217;ampliar el seguiment dels triatletes de la nostra Comunitat, es convoca als seg\u00fcents esportistes a participar en aquest grup: Seguiment de triatl\u00f3 Mallorca: Claudia Fern\u00e1ndez, Club Triatl\u00f3n Ghost Roberto Almansa, CE Triacademy Carlos Montalv\u00e1, RDS Triatl\u00f3 Iv\u00e1n Torres, CE Triacademy Maria Obrador, Triatl\u00e7o Portocolom Lucas Quetlas, C.E. CONECTA BALEAR XTREM CALVI\u00c0 Seguiment multiesport:&hellip;","_links":{"self":[{"href":"https:\/\/fetrib.com\/web\/wp-json\/wp\/v2\/posts\/6399","targetHints":{"allow":["GET"]}}],"collection":[{"href":"https:\/\/fetrib.com\/web\/wp-json\/wp\/v2\/posts"}],"about":[{"href":"https:\/\/fetrib.com\/web\/wp-json\/wp\/v2\/types\/post"}],"author":[{"embeddable":true,"href":"https:\/\/fetrib.com\/web\/wp-json\/wp\/v2\/users\/1"}],"replies":[{"embeddable":true,"href":"https:\/\/fetrib.com\/web\/wp-json\/wp\/v2\/comments?post=6399"}],"version-history":[{"count":1,"href":"https:\/\/fetrib.com\/web\/wp-json\/wp\/v2\/posts\/6399\/revisions"}],"predecessor-version":[{"id":6400,"href":"https:\/\/fetrib.com\/web\/wp-json\/wp\/v2\/posts\/6399\/revisions\/6400"}],"wp:attachment":[{"href":"https:\/\/fetrib.com\/web\/wp-json\/wp\/v2\/media?parent=6399"}],"wp:term":[{"taxonomy":"category","embeddable":true,"href":"https:\/\/fetrib.com\/web\/wp-json\/wp\/v2\/categories?post=6399"},{"taxonomy":"post_tag","embeddable":true,"href":"https:\/\/fetrib.com\/web\/wp-json\/wp\/v2\/tags?post=6399"}],"curies":[{"name":"wp","href":"https:\/\/api.w.org\/{rel}","templated":true}]}}