{"id":64,"date":"2011-03-25T09:11:46","date_gmt":"2011-03-25T09:11:46","guid":{"rendered":"http:\/\/www.fetrib.com\/web2018\/news\/latest-news\/campeonato-baleares-de-triatlon-distancia-olimpica\/"},"modified":"2011-03-25T09:11:46","modified_gmt":"2011-03-25T09:11:46","slug":"campeonato-baleares-de-triatlon-distancia-olimpica","status":"publish","type":"post","link":"https:\/\/fetrib.com\/web\/2011\/03\/25\/campeonato-baleares-de-triatlon-distancia-olimpica\/","title":{"rendered":"Campeonato Baleares de Triatl\u00f3n, Distancia Ol\u00edmpica"},"content":{"rendered":"<p class=\"MsoNormal\" style=\"text-align: center; line-height: normal; margin: 0cm 0cm 10pt; mso-margin-top-alt: auto; mso-margin-bottom-alt: auto;\"><span style=\"mso-fareast-font-family: 'Times New Roman'; mso-bidi-font-family: 'Times New Roman'; mso-ansi-language: ES-TRAD; mso-fareast-language: ES;\" lang=\"ES-TRAD\"><span style=\"color: #000000;\"><span style=\"font-size: small;\"><span style=\"font-family: Calibri;\"><img loading=\"lazy\" decoding=\"async\" src=\"images\/stories\/coloniasantjordi.jpg\" border=\"0\" width=\"215\" height=\"45\" \/><\/span><\/span><\/span><\/span><\/p>\n<p class=\"MsoNormal\" style=\"line-height: normal; margin: 0cm 0cm 10pt; mso-margin-top-alt: auto; mso-margin-bottom-alt: auto;\"><span style=\"mso-fareast-font-family: 'Times New Roman'; mso-bidi-font-family: 'Times New Roman'; mso-ansi-language: ES-TRAD; mso-fareast-language: ES;\" lang=\"ES-TRAD\"><span style=\"color: #000000;\"><span style=\"font-size: small;\"><\/span><\/span><\/span><\/p>\n<p class=\"MsoNormal\" style=\"line-height: normal; margin: 0cm 0cm 10pt; mso-margin-top-alt: auto; mso-margin-bottom-alt: auto;\"><span style=\"mso-fareast-font-family: 'Times New Roman'; mso-bidi-font-family: 'Times New Roman'; mso-ansi-language: ES-TRAD; mso-fareast-language: ES;\" lang=\"ES-TRAD\"><span style=\"color: #000000;\"><span style=\"font-size: small;\"><span style=\"font-family: Calibri;\">El pr\u00f3ximo s\u00e1bado 7 de mayo se celebrar\u00e1 el Campeonato de Baleares de Triatl\u00f3n sobre Distancia Ol\u00edmpica en la bella localidad costera de Colonia de Sant Jordi<\/span><\/span><\/span><\/span><\/p>\n<p class=\"MsoNormal\" style=\"line-height: normal; margin: 0cm 0cm 10pt; mso-margin-top-alt: auto; mso-margin-bottom-alt: auto;\"><span style=\"mso-fareast-font-family: 'Times New Roman'; mso-bidi-font-family: 'Times New Roman'; mso-ansi-language: ES-TRAD; mso-fareast-language: ES;\" lang=\"ES-TRAD\"><span style=\"color: #000000;\"><span style=\"font-size: small;\"><span style=\"font-family: Calibri;\">Ya pod\u00e9is realizar vuestras inscripciones individuales o por equipos,<\/span><\/span><\/span><\/span><\/p>\n<p class=\"MsoNormal\" style=\"line-height: normal; margin: 0cm 0cm 10pt; mso-margin-top-alt: auto; mso-margin-bottom-alt: auto;\"><span style=\"font-size: small;\"><span style=\"font-family: Calibri;\"><strong><span style=\"text-decoration: underline;\"><span style=\"mso-fareast-font-family: 'Times New Roman'; mso-bidi-font-family: 'Times New Roman'; mso-ansi-language: ES-TRAD; mso-fareast-language: ES;\" lang=\"ES-TRAD\"><span style=\"color: #000000;\">Entra Ahora<\/span><\/span><\/span><\/strong><span style=\"mso-fareast-font-family: 'Times New Roman'; mso-bidi-font-family: 'Times New Roman'; mso-ansi-language: ES-TRAD; mso-fareast-language: ES;\" lang=\"ES-TRAD\"><span style=\"color: #000000;\"> <\/span><a href=\"http:\/\/www.mallorcatriathlon.com\/es\/\"><span style=\"text-decoration: underline;\"><span style=\"color: #800080;\">www.MallorcaTriathlon.com\/es\/<\/span><\/span><\/a><\/span><\/span><\/span><\/p>\n<p class=\"MsoNormal\" style=\"line-height: normal; margin: 0cm 0cm 10pt; mso-margin-top-alt: auto; mso-margin-bottom-alt: auto;\"><span style=\"mso-fareast-font-family: 'Times New Roman'; mso-bidi-font-family: 'Times New Roman'; mso-ansi-language: ES-TRAD; mso-fareast-language: ES;\" lang=\"ES-TRAD\"><span style=\"font-family: Calibri; color: #000000; font-size: small;\">\u00a0<\/span><\/span><\/p>\n<p class=\"MsoNormal\" style=\"line-height: normal; margin: 0cm 0cm 10pt; mso-margin-top-alt: auto; mso-margin-bottom-alt: auto;\"><span style=\"mso-fareast-font-family: 'Times New Roman'; mso-bidi-font-family: 'Times New Roman'; mso-ansi-language: ES-TRAD; mso-fareast-language: ES;\" lang=\"ES-TRAD\"><span style=\"font-size: small;\"><span style=\"color: #000000;\"><span style=\"font-family: Calibri;\">La Colonia de Sant Jordi es el lugar perfecto para una competici\u00f3n de triatl\u00f3n con un carrera llana y r\u00e1pida.<\/span><\/span><\/span><\/span><\/p>\n<p class=\"MsoNormal\" style=\"line-height: normal; text-indent: -18pt; margin: 0cm 0cm 10pt; mso-margin-top-alt: auto; mso-margin-bottom-alt: auto;\"><span style=\"mso-fareast-font-family: 'Times New Roman'; mso-bidi-font-family: 'Times New Roman'; mso-ansi-language: ES-TRAD; mso-fareast-language: ES;\" lang=\"ES-TRAD\"><span style=\"font-size: small;\"><span style=\"color: #000000;\"><span style=\"font-family: Calibri;\">\u00b7\u00a0\u00a0\u00a0\u00a0\u00a0\u00a0\u00a0\u00a0 Nada bordeando la preciosa playa Es Carb\u00f3<\/span><\/span><\/span><\/span><\/p>\n<p class=\"MsoNormal\" style=\"line-height: normal; text-indent: -18pt; margin: 0cm 0cm 10pt; mso-margin-top-alt: auto; mso-margin-bottom-alt: auto;\"><span style=\"mso-fareast-font-family: 'Times New Roman'; mso-bidi-font-family: 'Times New Roman'; mso-ansi-language: ES-TRAD; mso-fareast-language: ES;\" lang=\"ES-TRAD\"><span style=\"font-size: small;\"><span style=\"color: #000000;\"><span style=\"font-family: Calibri;\">\u00b7\u00a0\u00a0\u00a0\u00a0\u00a0\u00a0\u00a0\u00a0 Rueda a trav\u00e9s de los bosques hasta Cap de Ses Salines<\/span><\/span><\/span><\/span><\/p>\n<p class=\"MsoNormal\" style=\"line-height: normal; text-indent: -18pt; margin: 0cm 0cm 10pt; mso-margin-top-alt: auto; mso-margin-bottom-alt: auto;\"><span style=\"mso-fareast-font-family: 'Times New Roman'; mso-bidi-font-family: 'Times New Roman'; mso-ansi-language: ES-TRAD; mso-fareast-language: ES;\" lang=\"ES-TRAD\"><span style=\"font-size: small;\"><span style=\"color: #000000;\"><span style=\"font-family: Calibri;\">\u00b7\u00a0\u00a0\u00a0\u00a0\u00a0\u00a0\u00a0\u00a0 Corre bordeando la costa y por la Colonia de Sant Jordi<\/span><\/span><\/span><\/span><\/p>\n<p class=\"MsoNormal\" style=\"line-height: normal; margin: 0cm 0cm 10pt; mso-margin-top-alt: auto; mso-margin-bottom-alt: auto;\"><span style=\"mso-fareast-font-family: 'Times New Roman'; mso-bidi-font-family: 'Times New Roman'; mso-ansi-language: ES-TRAD; mso-fareast-language: ES;\" lang=\"ES-TRAD\"><span style=\"font-family: Calibri; color: #000000; font-size: small;\">\u00a0<\/span><\/span><\/p>\n<p class=\"MsoNormal\" style=\"line-height: normal; margin: 0cm 0cm 10pt; mso-margin-top-alt: auto; mso-margin-bottom-alt: auto;\"><span style=\"mso-fareast-font-family: 'Times New Roman'; mso-bidi-font-family: 'Times New Roman'; mso-ansi-language: ES-TRAD; mso-fareast-language: ES;\" lang=\"ES-TRAD\"><span style=\"font-size: small;\"><span style=\"color: #000000;\"><span style=\"font-family: Calibri;\">Esta localidad se est\u00e1 convirtiendo r\u00e1pidamente en el destino elegido por clubes y triatletas de elite. Aqu\u00ed es donde Andreas Raelert y Marino Vanhoenacker entrenaron antes de participar en Hawai 2010. Aqu\u00ed es donde Norman Stadler, Jan Frodeno y Daniel Unger entrenaron la pasada primavera, y la lista de grandes figuras de este deporte que escogen la Colonia de Sant Jordi va creciendo.<\/span><\/span><\/span><\/span><\/p>\n<p class=\"MsoNormal\" style=\"line-height: normal; margin: 0cm 0cm 10pt; mso-margin-top-alt: auto; mso-margin-bottom-alt: auto;\"><span style=\"mso-fareast-font-family: 'Times New Roman'; mso-bidi-font-family: 'Times New Roman'; mso-ansi-language: FR; mso-fareast-language: ES;\" lang=\"FR\"><span style=\"font-size: small;\"><span style=\"color: #000000;\"><span style=\"font-family: Calibri;\">Saludos,<\/span><\/span><\/span><\/span><\/p>\n<p class=\"MsoNormal\" style=\"line-height: normal; margin: 0cm 0cm 10pt; mso-margin-top-alt: auto; mso-margin-bottom-alt: auto;\"><span style=\"mso-fareast-font-family: 'Times New Roman'; mso-bidi-font-family: 'Times New Roman'; mso-ansi-language: EN-GB; mso-fareast-language: ES;\" lang=\"EN-GB\"><span style=\"font-size: small;\"><span style=\"color: #000000;\"><span style=\"font-family: Calibri;\">James Parrack<\/span><\/span><\/span><\/span><\/p>\n<p class=\"MsoNormal\" style=\"line-height: normal; margin: 0cm 0cm 10pt; mso-margin-top-alt: auto; mso-margin-bottom-alt: auto;\"><span style=\"mso-fareast-font-family: 'Times New Roman'; mso-bidi-font-family: 'Times New Roman'; mso-ansi-language: EN-GB; mso-fareast-language: ES;\" lang=\"EN-GB\"><span style=\"font-size: small;\"><span style=\"color: #000000;\"><span style=\"font-family: Calibri;\">BEST Centre<\/span><\/span><\/span><\/span><\/p>\n<p class=\"MsoNormal\" style=\"line-height: normal; margin: 0cm 0cm 10pt; mso-margin-top-alt: auto; mso-margin-bottom-alt: auto;\"><span style=\"text-decoration: underline;\"><span style=\"mso-fareast-font-family: 'Times New Roman'; mso-bidi-font-family: 'Times New Roman'; mso-ansi-language: EN-GB; mso-fareast-language: ES;\" lang=\"EN-GB\"><span style=\"font-size: small;\"><span style=\"color: #000000;\"><span style=\"font-family: Calibri;\">www.BESTswimCentre.com<\/span><\/span><\/span><\/span><\/span><\/p>\n","protected":false},"excerpt":{"rendered":"<p>El pr\u00f3ximo s\u00e1bado 7 de mayo se celebrar\u00e1 el Campeonato de Baleares de Triatl\u00f3n sobre Distancia Ol\u00edmpica en la bella localidad costera de Colonia de Sant Jordi Ya pod\u00e9is realizar vuestras inscripciones individuales o por equipos, Entra Ahora www.MallorcaTriathlon.com\/es\/ \u00a0 La Colonia de Sant Jordi es el lugar perfecto para una competici\u00f3n de triatl\u00f3n con &#8230;<\/p>\n","protected":false},"author":1,"featured_media":0,"comment_status":"open","ping_status":"open","sticky":false,"template":"","format":"standard","meta":{"_uag_custom_page_level_css":"","footnotes":""},"categories":[37],"tags":[],"class_list":["post-64","post","type-post","status-publish","format-standard","hentry","category-latest-news"],"uagb_featured_image_src":{"full":false,"thumbnail":false,"medium":false,"medium_large":false,"large":false,"1536x1536":false,"2048x2048":false,"tie-small":false,"tie-large":false,"slider":false},"uagb_author_info":{"display_name":"admin","author_link":"https:\/\/fetrib.com\/web\/author\/admin\/"},"uagb_comment_info":0,"uagb_excerpt":"El pr\u00f3ximo s\u00e1bado 7 de mayo se celebrar\u00e1 el Campeonato de Baleares de Triatl\u00f3n sobre Distancia Ol\u00edmpica en la bella localidad costera de Colonia de Sant Jordi Ya pod\u00e9is realizar vuestras inscripciones individuales o por equipos, Entra Ahora www.MallorcaTriathlon.com\/es\/ \u00a0 La Colonia de Sant Jordi es el lugar perfecto para una competici\u00f3n de triatl\u00f3n con&hellip;","_links":{"self":[{"href":"https:\/\/fetrib.com\/web\/wp-json\/wp\/v2\/posts\/64","targetHints":{"allow":["GET"]}}],"collection":[{"href":"https:\/\/fetrib.com\/web\/wp-json\/wp\/v2\/posts"}],"about":[{"href":"https:\/\/fetrib.com\/web\/wp-json\/wp\/v2\/types\/post"}],"author":[{"embeddable":true,"href":"https:\/\/fetrib.com\/web\/wp-json\/wp\/v2\/users\/1"}],"replies":[{"embeddable":true,"href":"https:\/\/fetrib.com\/web\/wp-json\/wp\/v2\/comments?post=64"}],"version-history":[{"count":0,"href":"https:\/\/fetrib.com\/web\/wp-json\/wp\/v2\/posts\/64\/revisions"}],"wp:attachment":[{"href":"https:\/\/fetrib.com\/web\/wp-json\/wp\/v2\/media?parent=64"}],"wp:term":[{"taxonomy":"category","embeddable":true,"href":"https:\/\/fetrib.com\/web\/wp-json\/wp\/v2\/categories?post=64"},{"taxonomy":"post_tag","embeddable":true,"href":"https:\/\/fetrib.com\/web\/wp-json\/wp\/v2\/tags?post=64"}],"curies":[{"name":"wp","href":"https:\/\/api.w.org\/{rel}","templated":true}]}}