{"id":6408,"date":"2026-01-12T18:39:02","date_gmt":"2026-01-12T18:39:02","guid":{"rendered":"https:\/\/fetrib.com\/web\/?p=6408"},"modified":"2026-01-12T18:41:08","modified_gmt":"2026-01-12T18:41:08","slug":"el-duatlo-cre-ciutat-de-palma-obre-inscripcions-aquest-dimarts-13-de-gener","status":"publish","type":"post","link":"https:\/\/fetrib.com\/web\/2026\/01\/12\/el-duatlo-cre-ciutat-de-palma-obre-inscripcions-aquest-dimarts-13-de-gener\/","title":{"rendered":"El\u00a0Duatl\u00f3\u00a0CRE Ciutat de Palma obre inscripcions aquest dimarts 13 de gener"},"content":{"rendered":"<div class=\"wp-block-image\">\n<figure class=\"aligncenter size-large is-resized\"><img loading=\"lazy\" decoding=\"async\" width=\"973\" height=\"1024\" src=\"https:\/\/fetrib.com\/web\/wp-content\/uploads\/2026\/01\/Duatlo-CRE-Ciutat-de-Palma_090225_1033-_2WF1200-973x1024.jpg\" alt=\"\" class=\"wp-image-6409\" style=\"width:632px;height:auto\" srcset=\"https:\/\/fetrib.com\/web\/wp-content\/uploads\/2026\/01\/Duatlo-CRE-Ciutat-de-Palma_090225_1033-_2WF1200-973x1024.jpg 973w, https:\/\/fetrib.com\/web\/wp-content\/uploads\/2026\/01\/Duatlo-CRE-Ciutat-de-Palma_090225_1033-_2WF1200-285x300.jpg 285w, https:\/\/fetrib.com\/web\/wp-content\/uploads\/2026\/01\/Duatlo-CRE-Ciutat-de-Palma_090225_1033-_2WF1200-768x808.jpg 768w, https:\/\/fetrib.com\/web\/wp-content\/uploads\/2026\/01\/Duatlo-CRE-Ciutat-de-Palma_090225_1033-_2WF1200-1460x1536.jpg 1460w, https:\/\/fetrib.com\/web\/wp-content\/uploads\/2026\/01\/Duatlo-CRE-Ciutat-de-Palma_090225_1033-_2WF1200.jpg 1514w\" sizes=\"auto, (max-width: 973px) 100vw, 973px\" \/><\/figure><\/div>\n\n\n<p>El&nbsp;<strong>Duatl\u00f3<\/strong><strong>&nbsp;Per Equips (CRE) Ciutat de Palma<\/strong>&nbsp;es posa en marxa i obre inscripcions aquest dimarts&nbsp;<strong>13 de gener<\/strong>. La capital acollir\u00e0 el pr\u00f2xim&nbsp;<strong>8 de febrer<\/strong>&nbsp;una nova edici\u00f3 de la prova que exercir\u00e0 com a esdeveniment inaugural del calendari de&nbsp;duatlons&nbsp;oficials de la FETRIB i reunir\u00e0 un gran nombre de participants i p\u00fablic arribat de tots els&nbsp;indrets de la regi\u00f3.<\/p>\n\n\n\n<p>Organitzat per la&nbsp;<strong>FETRIB<\/strong>&nbsp;i la col\u00b7laboraci\u00f3 de&nbsp;<strong>l&#8217;Ajuntament de Palma<\/strong>, la competici\u00f3 es disputar\u00e0 en el Parc Bit sobre&nbsp;<strong>un format de contrarellotge per equips en dist\u00e0ncia&nbsp;<\/strong><strong><em>sprint<\/em><\/strong>&nbsp;que constar\u00e0 d&#8217;una primera carrera a peu de&nbsp;<strong>4,8km<\/strong>, seguit de&nbsp;<strong>16km.<\/strong>&nbsp;de ciclisme, i finalitzar\u00e0 amb&nbsp;<strong>1,6km<\/strong>. de carrera a peu.<\/p>\n\n\n\n<p>Aix\u00ed mateix, la participaci\u00f3 en el&nbsp;<strong>Campionat de Balears<\/strong>&nbsp;est\u00e0 reservada&nbsp;a clubs i esportistes amb llic\u00e8ncia federativa en vigor i es permetr\u00e0 la participaci\u00f3 en categoria OPEN a clubs sense llic\u00e8ncia FETRIB. En tots dos casos, ho faran dividits en&nbsp;<strong>categoria absoluta masculina, femenina i&nbsp;<\/strong><strong>\u2018<\/strong><strong>mixt<\/strong><strong>e<\/strong><strong>\u2019<\/strong>&nbsp;en conjunts formats per un m\u00e0xim de sis i un m\u00ednim de quatre&nbsp;duatletes, sent el quart atleta qui marqui el temps final del seu equip.<\/p>\n\n\n\n<p>A m\u00e9s, la jornada es completar\u00e0 amb la celebraci\u00f3 de diverses&nbsp;<strong>proves escolars<\/strong>&nbsp;que congregaran a&nbsp;duatletes&nbsp;de categoria&nbsp;<strong>Infantil<\/strong>&nbsp;(1,5km \u2013 6km \u20131km),&nbsp;<strong>Alev\u00ed<\/strong>&nbsp;(1km \u2013 4km \u2013 500mts),&nbsp;<strong>Benjam\u00ed<\/strong>&nbsp;(500mts \u2013 2km \u2013 250mts) i&nbsp;<strong>P<\/strong><strong>rebenjam\u00ed<\/strong>&nbsp;(250mts \u2013 1km \u2013 125mts).<\/p>\n\n\n\n<p><strong>OBERTURA INSCRIPCIONS EL 12 DE GENER DE 2026<\/strong><\/p>\n\n\n\n<p>A les&nbsp;<strong>09:00h<\/strong>&nbsp;d&#8217;aquest&nbsp;<strong>dimarts 12 de gener<\/strong>&nbsp;de 2026 la FETRIB obrir\u00e0 el termini d&#8217;inscripcions i&nbsp;aquest&nbsp;es tancar\u00e0 el&nbsp;<strong>7 de febrer a les 20:00h<\/strong>. Les mateixes es podran realitzar a trav\u00e9s de la p\u00e0gina web&nbsp;<strong>www.elitechip.net<\/strong>&nbsp;i&nbsp;constar\u00e0n&nbsp;de dos trams econ\u00f2mics: el primer, finalitzar\u00e0 el 3 de febrer (25\u20ac) i el definitiu abastar\u00e0 entre el 4 i el 7 de febrer (45\u20ac).<\/p>\n\n\n\n<p><\/p>\n","protected":false},"excerpt":{"rendered":"<p>El&nbsp;Duatl\u00f3&nbsp;Per Equips (CRE) Ciutat de Palma&nbsp;es posa en marxa i obre inscripcions aquest dimarts&nbsp;13 de gener. La capital acollir\u00e0 el pr\u00f2xim&nbsp;8 de febrer&nbsp;una nova edici\u00f3 de la prova que exercir\u00e0 com a esdeveniment inaugural del calendari de&nbsp;duatlons&nbsp;oficials de la FETRIB i reunir\u00e0 un gran nombre de participants i p\u00fablic arribat de tots els&nbsp;indrets de la &#8230;<\/p>\n","protected":false},"author":1,"featured_media":6409,"comment_status":"closed","ping_status":"open","sticky":false,"template":"","format":"standard","meta":{"_uag_custom_page_level_css":"","footnotes":""},"categories":[1],"tags":[],"class_list":["post-6408","post","type-post","status-publish","format-standard","has-post-thumbnail","hentry","category-general"],"uagb_featured_image_src":{"full":["https:\/\/fetrib.com\/web\/wp-content\/uploads\/2026\/01\/Duatlo-CRE-Ciutat-de-Palma_090225_1033-_2WF1200.jpg",1514,1593,false],"thumbnail":["https:\/\/fetrib.com\/web\/wp-content\/uploads\/2026\/01\/Duatlo-CRE-Ciutat-de-Palma_090225_1033-_2WF1200-150x150.jpg",150,150,true],"medium":["https:\/\/fetrib.com\/web\/wp-content\/uploads\/2026\/01\/Duatlo-CRE-Ciutat-de-Palma_090225_1033-_2WF1200-285x300.jpg",285,300,true],"medium_large":["https:\/\/fetrib.com\/web\/wp-content\/uploads\/2026\/01\/Duatlo-CRE-Ciutat-de-Palma_090225_1033-_2WF1200-768x808.jpg",620,652,true],"large":["https:\/\/fetrib.com\/web\/wp-content\/uploads\/2026\/01\/Duatlo-CRE-Ciutat-de-Palma_090225_1033-_2WF1200-973x1024.jpg",620,652,true],"1536x1536":["https:\/\/fetrib.com\/web\/wp-content\/uploads\/2026\/01\/Duatlo-CRE-Ciutat-de-Palma_090225_1033-_2WF1200-1460x1536.jpg",1460,1536,true],"2048x2048":["https:\/\/fetrib.com\/web\/wp-content\/uploads\/2026\/01\/Duatlo-CRE-Ciutat-de-Palma_090225_1033-_2WF1200.jpg",1514,1593,false],"tie-small":["https:\/\/fetrib.com\/web\/wp-content\/uploads\/2026\/01\/Duatlo-CRE-Ciutat-de-Palma_090225_1033-_2WF1200-70x70.jpg",70,70,true],"tie-large":["https:\/\/fetrib.com\/web\/wp-content\/uploads\/2026\/01\/Duatlo-CRE-Ciutat-de-Palma_090225_1033-_2WF1200-300x160.jpg",300,160,true],"slider":["https:\/\/fetrib.com\/web\/wp-content\/uploads\/2026\/01\/Duatlo-CRE-Ciutat-de-Palma_090225_1033-_2WF1200-620x330.jpg",620,330,true]},"uagb_author_info":{"display_name":"admin","author_link":"https:\/\/fetrib.com\/web\/author\/admin\/"},"uagb_comment_info":0,"uagb_excerpt":"El&nbsp;Duatl\u00f3&nbsp;Per Equips (CRE) Ciutat de Palma&nbsp;es posa en marxa i obre inscripcions aquest dimarts&nbsp;13 de gener. La capital acollir\u00e0 el pr\u00f2xim&nbsp;8 de febrer&nbsp;una nova edici\u00f3 de la prova que exercir\u00e0 com a esdeveniment inaugural del calendari de&nbsp;duatlons&nbsp;oficials de la FETRIB i reunir\u00e0 un gran nombre de participants i p\u00fablic arribat de tots els&nbsp;indrets de la&hellip;","_links":{"self":[{"href":"https:\/\/fetrib.com\/web\/wp-json\/wp\/v2\/posts\/6408","targetHints":{"allow":["GET"]}}],"collection":[{"href":"https:\/\/fetrib.com\/web\/wp-json\/wp\/v2\/posts"}],"about":[{"href":"https:\/\/fetrib.com\/web\/wp-json\/wp\/v2\/types\/post"}],"author":[{"embeddable":true,"href":"https:\/\/fetrib.com\/web\/wp-json\/wp\/v2\/users\/1"}],"replies":[{"embeddable":true,"href":"https:\/\/fetrib.com\/web\/wp-json\/wp\/v2\/comments?post=6408"}],"version-history":[{"count":1,"href":"https:\/\/fetrib.com\/web\/wp-json\/wp\/v2\/posts\/6408\/revisions"}],"predecessor-version":[{"id":6410,"href":"https:\/\/fetrib.com\/web\/wp-json\/wp\/v2\/posts\/6408\/revisions\/6410"}],"wp:featuredmedia":[{"embeddable":true,"href":"https:\/\/fetrib.com\/web\/wp-json\/wp\/v2\/media\/6409"}],"wp:attachment":[{"href":"https:\/\/fetrib.com\/web\/wp-json\/wp\/v2\/media?parent=6408"}],"wp:term":[{"taxonomy":"category","embeddable":true,"href":"https:\/\/fetrib.com\/web\/wp-json\/wp\/v2\/categories?post=6408"},{"taxonomy":"post_tag","embeddable":true,"href":"https:\/\/fetrib.com\/web\/wp-json\/wp\/v2\/tags?post=6408"}],"curies":[{"name":"wp","href":"https:\/\/api.w.org\/{rel}","templated":true}]}}