{"id":6439,"date":"2026-01-29T08:00:00","date_gmt":"2026-01-29T08:00:00","guid":{"rendered":"https:\/\/fetrib.com\/web\/?p=6439"},"modified":"2026-01-28T22:46:52","modified_gmt":"2026-01-28T22:46:52","slug":"el-duatlo-santa-eularia-ja-te-obertes-les-seves-inscripcions","status":"publish","type":"post","link":"https:\/\/fetrib.com\/web\/2026\/01\/29\/el-duatlo-santa-eularia-ja-te-obertes-les-seves-inscripcions\/","title":{"rendered":"El Duatl\u00f3 Santa Eul\u00e0ria ja t\u00e9 obertes les seves inscripcions"},"content":{"rendered":"\n<p>El <strong>duatl\u00f3 m\u00e9s antic de les Balears<\/strong> \u00faltima els seus \u00faltims detalls despr\u00e9s d&#8217;obrir les inscripcions per a la seva <strong>trenta-unena edici\u00f3<\/strong>. La degana tornar\u00e0 a posar a prova a les seves duatletas en una prova que tindr\u00e0 lloc el pr\u00f2xim <strong>21 de mar\u00e7<\/strong> en la poblaci\u00f3 de <strong>Santa Eul\u00e0ria des Riu<\/strong> (Eivissa).<\/p>\n\n\n\n<p>Un any m\u00e9s l&#8217;organitzaci\u00f3 de la competici\u00f3 \u00e9s a c\u00e0rrec del <strong>Club Triatl\u00f3 Santa Eul\u00e0ria<\/strong> i <strong>Eivissa Blue Challenge<\/strong> amb la col\u00b7laboraci\u00f3 de la <strong>Federaci\u00f3 de Triatl\u00f3 dels Illes Balers<\/strong> (FETRIB), de l&#8217;<strong>Ajuntament de Santa Eul\u00e0ria<\/strong>, el <strong>Consell Insular d&#8217;Eivissa<\/strong> i d&#8217;empreses locals.<\/p>\n\n\n\n<p>El <strong>Passeig de s\u00b4Alamera<\/strong> tornar\u00e0 a ser l&#8217;epicentre esportiu d&#8217;una competici\u00f3 que reunir\u00e0 majors, joves i petits en un entorn incomparable. Un curs m\u00e9s, els atletes que es trobin <strong>entre categoria absoluta i juvenil <\/strong>podran triar entre la dist\u00e0ncia <strong>Sprint<\/strong> (5K de carrera a peu \u2013 20K de sector ciclista \u2013 2,5K de carrera a peu) i la <strong>Supersprint<\/strong> (1,9K de carrera a peu \/ 7,6K de sector ciclista \u2013 0,9 K de carrera a peu).<\/p>\n\n\n\n<p>En canvi, la dist\u00e0ncia <strong>Supersprint<\/strong> ser\u00e0 la reglament\u00e0ria per als menors que es trobin en categoria <strong>Cadet<\/strong> (14-15 anys) i <strong>Infantil<\/strong> (12-13 anys). Aix\u00ed mateix, en una <strong>versi\u00f3 redu\u00efda Supersprint<\/strong> tindran l&#8217;oportunitat de connectar amb el duatl\u00f3 els nen\/es de categoria <strong>Alev\u00ed <\/strong>(1K \u2013 4K \u2013 0,5K) i <strong>Benjam\u00edn<\/strong> (0,5K \u2013 2K \u2013 0,2K).<\/p>\n\n\n\n<div class=\"wp-block-uagb-advanced-heading uagb-block-1ea8453b\"><h2 class=\"uagb-heading-text\"><strong>INSCRIPCIONS OBERTES<\/strong><\/h2><\/div>\n\n\n\n<p>Les <strong>inscripcions<\/strong> romandran obertes fins al <strong>dijous 19 de mar\u00e7 a les 11:00h<\/strong> i es realitzaran a trav\u00e9s de <strong><a href=\"https:\/\/sportmaniacs.com\/es\/services\/inscription\/xxxi-duatl-santa-eulria-2026#registrations\">Sportmaniacs<\/a><\/strong>.<\/p>\n\n\n\n<p>El cost de cada dorsal dependr\u00e0 de la dist\u00e0ncia, la categoria i la situaci\u00f3 de federat o no federat de cada participant. D&#8217;aquesta manera, el preu de la prova <strong>Sprint<\/strong> ser\u00e0 <strong>de 20\u20ac per als federats<\/strong> i de <strong>25\u20ac per als no federats<\/strong>. En el cas de la prova <strong>Supersprint<\/strong> la quantitat ser\u00e0 de <strong>15\u20ac per als federats<\/strong> i de <strong>20\u20ac per als no federats<\/strong>. Les proves infantils (alev\u00ed i benjam\u00ed) costaran <strong>6\u20ac<\/strong>.<\/p>\n\n\n\n<figure class=\"wp-block-image size-large\"><img loading=\"lazy\" decoding=\"async\" width=\"693\" height=\"1024\" src=\"https:\/\/fetrib.com\/web\/wp-content\/uploads\/2026\/01\/Cartell-Duatlo-Santa-Eulalia-693x1024.jpeg\" alt=\"\" class=\"wp-image-6440\" srcset=\"https:\/\/fetrib.com\/web\/wp-content\/uploads\/2026\/01\/Cartell-Duatlo-Santa-Eulalia-693x1024.jpeg 693w, https:\/\/fetrib.com\/web\/wp-content\/uploads\/2026\/01\/Cartell-Duatlo-Santa-Eulalia-203x300.jpeg 203w, https:\/\/fetrib.com\/web\/wp-content\/uploads\/2026\/01\/Cartell-Duatlo-Santa-Eulalia-768x1135.jpeg 768w, https:\/\/fetrib.com\/web\/wp-content\/uploads\/2026\/01\/Cartell-Duatlo-Santa-Eulalia.jpeg 960w\" sizes=\"auto, (max-width: 693px) 100vw, 693px\" \/><\/figure>\n","protected":false},"excerpt":{"rendered":"<p>El duatl\u00f3 m\u00e9s antic de les Balears \u00faltima els seus \u00faltims detalls despr\u00e9s d&#8217;obrir les inscripcions per a la seva trenta-unena edici\u00f3. La degana tornar\u00e0 a posar a prova a les seves duatletas en una prova que tindr\u00e0 lloc el pr\u00f2xim 21 de mar\u00e7 en la poblaci\u00f3 de Santa Eul\u00e0ria des Riu (Eivissa). Un any &#8230;<\/p>\n","protected":false},"author":1,"featured_media":6441,"comment_status":"closed","ping_status":"open","sticky":false,"template":"","format":"standard","meta":{"_uag_custom_page_level_css":"","footnotes":""},"categories":[1,37],"tags":[104],"class_list":["post-6439","post","type-post","status-publish","format-standard","has-post-thumbnail","hentry","category-general","category-latest-news","tag-duatlo-santa-eularia"],"uagb_featured_image_src":{"full":["https:\/\/fetrib.com\/web\/wp-content\/uploads\/2026\/01\/Duatlo-Santa-Eularia.jpg",685,457,false],"thumbnail":["https:\/\/fetrib.com\/web\/wp-content\/uploads\/2026\/01\/Duatlo-Santa-Eularia-150x150.jpg",150,150,true],"medium":["https:\/\/fetrib.com\/web\/wp-content\/uploads\/2026\/01\/Duatlo-Santa-Eularia-300x200.jpg",300,200,true],"medium_large":["https:\/\/fetrib.com\/web\/wp-content\/uploads\/2026\/01\/Duatlo-Santa-Eularia.jpg",620,414,false],"large":["https:\/\/fetrib.com\/web\/wp-content\/uploads\/2026\/01\/Duatlo-Santa-Eularia.jpg",620,414,false],"1536x1536":["https:\/\/fetrib.com\/web\/wp-content\/uploads\/2026\/01\/Duatlo-Santa-Eularia.jpg",685,457,false],"2048x2048":["https:\/\/fetrib.com\/web\/wp-content\/uploads\/2026\/01\/Duatlo-Santa-Eularia.jpg",685,457,false],"tie-small":["https:\/\/fetrib.com\/web\/wp-content\/uploads\/2026\/01\/Duatlo-Santa-Eularia-70x70.jpg",70,70,true],"tie-large":["https:\/\/fetrib.com\/web\/wp-content\/uploads\/2026\/01\/Duatlo-Santa-Eularia-300x160.jpg",300,160,true],"slider":["https:\/\/fetrib.com\/web\/wp-content\/uploads\/2026\/01\/Duatlo-Santa-Eularia-620x330.jpg",620,330,true]},"uagb_author_info":{"display_name":"admin","author_link":"https:\/\/fetrib.com\/web\/author\/admin\/"},"uagb_comment_info":0,"uagb_excerpt":"El duatl\u00f3 m\u00e9s antic de les Balears \u00faltima els seus \u00faltims detalls despr\u00e9s d&#8217;obrir les inscripcions per a la seva trenta-unena edici\u00f3. La degana tornar\u00e0 a posar a prova a les seves duatletas en una prova que tindr\u00e0 lloc el pr\u00f2xim 21 de mar\u00e7 en la poblaci\u00f3 de Santa Eul\u00e0ria des Riu (Eivissa). Un any&hellip;","_links":{"self":[{"href":"https:\/\/fetrib.com\/web\/wp-json\/wp\/v2\/posts\/6439","targetHints":{"allow":["GET"]}}],"collection":[{"href":"https:\/\/fetrib.com\/web\/wp-json\/wp\/v2\/posts"}],"about":[{"href":"https:\/\/fetrib.com\/web\/wp-json\/wp\/v2\/types\/post"}],"author":[{"embeddable":true,"href":"https:\/\/fetrib.com\/web\/wp-json\/wp\/v2\/users\/1"}],"replies":[{"embeddable":true,"href":"https:\/\/fetrib.com\/web\/wp-json\/wp\/v2\/comments?post=6439"}],"version-history":[{"count":1,"href":"https:\/\/fetrib.com\/web\/wp-json\/wp\/v2\/posts\/6439\/revisions"}],"predecessor-version":[{"id":6442,"href":"https:\/\/fetrib.com\/web\/wp-json\/wp\/v2\/posts\/6439\/revisions\/6442"}],"wp:featuredmedia":[{"embeddable":true,"href":"https:\/\/fetrib.com\/web\/wp-json\/wp\/v2\/media\/6441"}],"wp:attachment":[{"href":"https:\/\/fetrib.com\/web\/wp-json\/wp\/v2\/media?parent=6439"}],"wp:term":[{"taxonomy":"category","embeddable":true,"href":"https:\/\/fetrib.com\/web\/wp-json\/wp\/v2\/categories?post=6439"},{"taxonomy":"post_tag","embeddable":true,"href":"https:\/\/fetrib.com\/web\/wp-json\/wp\/v2\/tags?post=6439"}],"curies":[{"name":"wp","href":"https:\/\/api.w.org\/{rel}","templated":true}]}}