{"id":6449,"date":"2026-01-30T07:00:00","date_gmt":"2026-01-30T07:00:00","guid":{"rendered":"https:\/\/fetrib.com\/web\/?p=6449"},"modified":"2026-01-29T11:31:58","modified_gmt":"2026-01-29T11:31:58","slug":"el-7-de-febrer-es-celebrara-la-presa-de-temps-de-2026","status":"publish","type":"post","link":"https:\/\/fetrib.com\/web\/2026\/01\/30\/el-7-de-febrer-es-celebrara-la-presa-de-temps-de-2026\/","title":{"rendered":"El 7 de febrer es celebrar\u00e0 la Presa de Temps de 2026"},"content":{"rendered":"\n<p>Un curs m\u00e9s la Direcci\u00f3 T\u00e8cnica de la FETRI convoca la tradicional <strong>Presa de Temps<\/strong> dins del seu Programa de Tecnificaci\u00f3 Esportiva de la FETRI a la recerca de la detecci\u00f3 de nous talents en categoria <strong>Cadet, Juvenil i J\u00fanior<\/strong>.<\/p>\n\n\n\n<p>Aquestes proves es duran a terme el pr\u00f2xim <strong>7 de febrer en el CTEIB<\/strong> (Centri de Tecnificaci\u00f3 Esportiva Illes Balears) situat en el <strong>Pol\u00edgon de Son Castell\u00f3, Palma<\/strong>. El cronograma de l&#8217;activitat ser\u00e0 de la manera seg\u00fcent on els esportistes realitzaran la seva prova de nataci\u00f3 i la seva prova de carrera.<\/p>\n\n\n\n<div class=\"wp-block-uagb-advanced-heading uagb-block-2d0420b5\"><h2 class=\"uagb-heading-text\"><strong>NORMATIVA I REQUISITS 2026<\/strong><\/h2><\/div>\n\n\n\n<p>Per a poder formar part d&#8217;ella, tots els esportistes han d&#8217;estar en possessi\u00f3 de la llic\u00e8ncia federativa per a aquest 2026 o, en defecte d&#8217;aix\u00f2, hauran de tramitar la asseguran\u00e7a d&#8217;un dia.<\/p>\n\n\n\n<p>A la Presa de Temps Nacional poden inscriure&#8217;s t\u00e8cnics i triatletes federat\/as de les seg\u00fcents categories:<\/p>\n\n\n\n<ul class=\"wp-block-list\">\n<li><strong>Categoria Cadet <\/strong>(nascuts\/es en 2011\/12)<\/li>\n\n\n\n<li><strong>Categoria Juvenil<\/strong> (nascuts\/es en 2009\/2010)<\/li>\n\n\n\n<li><strong>Categoria J\u00fanior <\/strong>(nascuts\/as en 2007\/2008)<\/li>\n<\/ul>\n\n\n\n<p>Les proves que es realitzaran seran les seg\u00fcents:<\/p>\n\n\n\n<ul class=\"wp-block-list\">\n<li>Nataci\u00f3: <strong>300mts<\/strong> (La sortida ser\u00e0 des de fora de l\u2019aigua. No es permeten banyadors que no compleixin la normativa FINA)<\/li>\n\n\n\n<li>Carrera a peu: <strong>1600mts<\/strong> (No es permeten les sabatilles amb Claus)<\/li>\n<\/ul>\n\n\n\n<div class=\"wp-block-uagb-advanced-heading uagb-block-12b5ad61\"><h2 class=\"uagb-heading-text\">INSCRIPCIONS<\/h2><\/div>\n\n\n\n<p>Tots els interessats en participar-hi, haur\u00e0 d\u2019omplir el <strong>seg\u00fcent formulari<\/strong> amb les seves dades.<\/p>\n\n\n\n<p><strong><a href=\"https:\/\/tomadetiempos.triatlon.org\/inscripcion\/28\">FORMULARI D&#8217;INSCRIPCI\u00d3<\/a><\/strong><\/p>\n\n\n\n<p><\/p>\n","protected":false},"excerpt":{"rendered":"<p>Un curs m\u00e9s la Direcci\u00f3 T\u00e8cnica de la FETRI convoca la tradicional Presa de Temps dins del seu Programa de Tecnificaci\u00f3 Esportiva de la FETRI a la recerca de la detecci\u00f3 de nous talents en categoria Cadet, Juvenil i J\u00fanior. Aquestes proves es duran a terme el pr\u00f2xim 7 de febrer en el CTEIB (Centri &#8230;<\/p>\n","protected":false},"author":1,"featured_media":6450,"comment_status":"closed","ping_status":"open","sticky":false,"template":"","format":"standard","meta":{"_uag_custom_page_level_css":"","footnotes":""},"categories":[1,37],"tags":[108],"class_list":["post-6449","post","type-post","status-publish","format-standard","has-post-thumbnail","hentry","category-general","category-latest-news","tag-presa-de-temps"],"uagb_featured_image_src":{"full":["https:\/\/fetrib.com\/web\/wp-content\/uploads\/2026\/01\/Presa-de-temps.jpg",620,330,false],"thumbnail":["https:\/\/fetrib.com\/web\/wp-content\/uploads\/2026\/01\/Presa-de-temps-150x150.jpg",150,150,true],"medium":["https:\/\/fetrib.com\/web\/wp-content\/uploads\/2026\/01\/Presa-de-temps-300x160.jpg",300,160,true],"medium_large":["https:\/\/fetrib.com\/web\/wp-content\/uploads\/2026\/01\/Presa-de-temps.jpg",620,330,false],"large":["https:\/\/fetrib.com\/web\/wp-content\/uploads\/2026\/01\/Presa-de-temps.jpg",620,330,false],"1536x1536":["https:\/\/fetrib.com\/web\/wp-content\/uploads\/2026\/01\/Presa-de-temps.jpg",620,330,false],"2048x2048":["https:\/\/fetrib.com\/web\/wp-content\/uploads\/2026\/01\/Presa-de-temps.jpg",620,330,false],"tie-small":["https:\/\/fetrib.com\/web\/wp-content\/uploads\/2026\/01\/Presa-de-temps-70x70.jpg",70,70,true],"tie-large":["https:\/\/fetrib.com\/web\/wp-content\/uploads\/2026\/01\/Presa-de-temps-300x160.jpg",300,160,true],"slider":["https:\/\/fetrib.com\/web\/wp-content\/uploads\/2026\/01\/Presa-de-temps.jpg",620,330,false]},"uagb_author_info":{"display_name":"admin","author_link":"https:\/\/fetrib.com\/web\/author\/admin\/"},"uagb_comment_info":0,"uagb_excerpt":"Un curs m\u00e9s la Direcci\u00f3 T\u00e8cnica de la FETRI convoca la tradicional Presa de Temps dins del seu Programa de Tecnificaci\u00f3 Esportiva de la FETRI a la recerca de la detecci\u00f3 de nous talents en categoria Cadet, Juvenil i J\u00fanior. Aquestes proves es duran a terme el pr\u00f2xim 7 de febrer en el CTEIB (Centri&hellip;","_links":{"self":[{"href":"https:\/\/fetrib.com\/web\/wp-json\/wp\/v2\/posts\/6449","targetHints":{"allow":["GET"]}}],"collection":[{"href":"https:\/\/fetrib.com\/web\/wp-json\/wp\/v2\/posts"}],"about":[{"href":"https:\/\/fetrib.com\/web\/wp-json\/wp\/v2\/types\/post"}],"author":[{"embeddable":true,"href":"https:\/\/fetrib.com\/web\/wp-json\/wp\/v2\/users\/1"}],"replies":[{"embeddable":true,"href":"https:\/\/fetrib.com\/web\/wp-json\/wp\/v2\/comments?post=6449"}],"version-history":[{"count":1,"href":"https:\/\/fetrib.com\/web\/wp-json\/wp\/v2\/posts\/6449\/revisions"}],"predecessor-version":[{"id":6451,"href":"https:\/\/fetrib.com\/web\/wp-json\/wp\/v2\/posts\/6449\/revisions\/6451"}],"wp:featuredmedia":[{"embeddable":true,"href":"https:\/\/fetrib.com\/web\/wp-json\/wp\/v2\/media\/6450"}],"wp:attachment":[{"href":"https:\/\/fetrib.com\/web\/wp-json\/wp\/v2\/media?parent=6449"}],"wp:term":[{"taxonomy":"category","embeddable":true,"href":"https:\/\/fetrib.com\/web\/wp-json\/wp\/v2\/categories?post=6449"},{"taxonomy":"post_tag","embeddable":true,"href":"https:\/\/fetrib.com\/web\/wp-json\/wp\/v2\/tags?post=6449"}],"curies":[{"name":"wp","href":"https:\/\/api.w.org\/{rel}","templated":true}]}}