{"id":6453,"date":"2026-02-06T16:22:29","date_gmt":"2026-02-06T16:22:29","guid":{"rendered":"https:\/\/fetrib.com\/web\/?p=6453"},"modified":"2026-02-06T16:22:30","modified_gmt":"2026-02-06T16:22:30","slug":"el-duatlo-cre-ciutat-de-palma-campionat-balear-cre-dona-el-tret-de-sortida-a-la-temporada","status":"publish","type":"post","link":"https:\/\/fetrib.com\/web\/2026\/02\/06\/el-duatlo-cre-ciutat-de-palma-campionat-balear-cre-dona-el-tret-de-sortida-a-la-temporada\/","title":{"rendered":"El Duatl\u00f3 CRE Ciutat de Palma \u2013 Campionat Balear CRE dona el tret de sortida a la temporada"},"content":{"rendered":"\n<p>S\u2019ha acabat el compte enrere, el duatl\u00f3 balear arrenca aquest <strong>diumenge 8 de febrer<\/strong> amb una de les seves cites m\u00e9s especials de la temporada, el <strong>Duatl\u00f3 CRE Ciutat de Palma<\/strong> que exercir\u00e0 com a <strong>Campionat de Balears de contrarellotge per equips <\/strong>i ser\u00e0 <strong>puntuable per al Circuit de Duatlons de les Illes Balears<\/strong>. L\u2019esdeveniment reunir\u00e0 una trentena de conjunts i prop de 200 participants que lluitaran pel t\u00edtol en categoria masculina, femenina i mixta.<\/p>\n\n\n\n<p>Un any m\u00e9s, <strong>Son Castell\u00f3<\/strong> i el seu circuit per la Gran Via Asima tornaran a dictaminar als campions auton\u00f2mics, on <strong>es posaran en joc les corones que el Atl\u00e8tic Mallorca en homes i el Triacademy en dones i en categoria mixta es van adjudicar el curs passat<\/strong>. Tamb\u00e9 seran presents conjunts com els del RDS Triatl\u00f3 \u2013 amb una de les representacions m\u00e9s nombroses \u2013 o el CE Tri Illes que tractaran d&#8217;enfilar-se a la part m\u00e9s alta de la classificaci\u00f3 en una jornada on la velocitat i estrat\u00e8gia seran determinants.<\/p>\n\n\n\n<p>La competici\u00f3 es disputar\u00e0 en un format contrarellotge per equips sobre una dist\u00e0ncia sprint que comptar\u00e0 amb un primer sector de <strong>carrera a peu de 4,8 quil\u00f2metres<\/strong>, per a posteriorment realitzar un <strong>sector ciclista de 16 quil\u00f2metres<\/strong> i finalitzar amb <strong>1,6 quil\u00f2metres de carrera a peu<\/strong>.<\/p>\n\n\n\n<p>L&#8217;esdeveniment, organitzat pel CT Balears i que compta amb la col\u00b7laboraci\u00f3 de l&#8217;ajuntament de Palma, el Institut Municipal de l&#8217;Esport (IME) i la Federaci\u00f3 Balear de Triatl\u00f3 (FETRIB), arrencar\u00e0 a les 9.30 hores amb les proves elit.<\/p>\n\n\n\n<p>Posteriorment, a partir de les <strong>11:30h<\/strong>, es celebraran les proves de l&#8217;esport base i escolar en dist\u00e0ncia supersprint per a <strong>Cadet i Infantil<\/strong> (1,5km \u2013 6km \u2013 1km), <strong>Alev\u00ed<\/strong> (1km \u2013 4km \u2013 500mts), <strong>Benjam\u00ed <\/strong>(500mts \u2013 2km \u2013 250mts), <strong>Prebenjam\u00ed<\/strong> (250mts \u2013 1km \u2013 125mts). Unes carreres que congregaran a gaireb\u00e9 un centenar de joves i fomenten i acosten el duatl\u00f3 als m\u00e9s petits de manera l\u00fadica, per\u00f2 sense perdre el toc competitiu.<\/p>\n\n\n\n<p>En definitiva, tot est\u00e0 preparat perqu\u00e8 aquest <strong>diumenge 8 de febrer des de les 09:00h i fins a ben entrat al migdia<\/strong>, el Pol\u00edgon de Son Castell\u00f3 (Gran Via Asima) visqui la primera gran festa del duatl\u00f3 de l&#8217;any i una de les m\u00e9s especials donada la seva condici\u00f3 de competici\u00f3 en equip.<\/p>\n","protected":false},"excerpt":{"rendered":"<p>S\u2019ha acabat el compte enrere, el duatl\u00f3 balear arrenca aquest diumenge 8 de febrer amb una de les seves cites m\u00e9s especials de la temporada, el Duatl\u00f3 CRE Ciutat de Palma que exercir\u00e0 com a Campionat de Balears de contrarellotge per equips i ser\u00e0 puntuable per al Circuit de Duatlons de les Illes Balears. L\u2019esdeveniment &#8230;<\/p>\n","protected":false},"author":1,"featured_media":6409,"comment_status":"closed","ping_status":"open","sticky":false,"template":"","format":"standard","meta":{"_uag_custom_page_level_css":"","footnotes":""},"categories":[28,1,37],"tags":[110,109],"class_list":["post-6453","post","type-post","status-publish","format-standard","has-post-thumbnail","hentry","category-competiciones","category-general","category-latest-news","tag-campionat-balear-cre","tag-duatlo-cre-ciutat-de-palma"],"uagb_featured_image_src":{"full":["https:\/\/fetrib.com\/web\/wp-content\/uploads\/2026\/01\/Duatlo-CRE-Ciutat-de-Palma_090225_1033-_2WF1200.jpg",1514,1593,false],"thumbnail":["https:\/\/fetrib.com\/web\/wp-content\/uploads\/2026\/01\/Duatlo-CRE-Ciutat-de-Palma_090225_1033-_2WF1200-150x150.jpg",150,150,true],"medium":["https:\/\/fetrib.com\/web\/wp-content\/uploads\/2026\/01\/Duatlo-CRE-Ciutat-de-Palma_090225_1033-_2WF1200-285x300.jpg",285,300,true],"medium_large":["https:\/\/fetrib.com\/web\/wp-content\/uploads\/2026\/01\/Duatlo-CRE-Ciutat-de-Palma_090225_1033-_2WF1200-768x808.jpg",620,652,true],"large":["https:\/\/fetrib.com\/web\/wp-content\/uploads\/2026\/01\/Duatlo-CRE-Ciutat-de-Palma_090225_1033-_2WF1200-973x1024.jpg",620,652,true],"1536x1536":["https:\/\/fetrib.com\/web\/wp-content\/uploads\/2026\/01\/Duatlo-CRE-Ciutat-de-Palma_090225_1033-_2WF1200-1460x1536.jpg",1460,1536,true],"2048x2048":["https:\/\/fetrib.com\/web\/wp-content\/uploads\/2026\/01\/Duatlo-CRE-Ciutat-de-Palma_090225_1033-_2WF1200.jpg",1514,1593,false],"tie-small":["https:\/\/fetrib.com\/web\/wp-content\/uploads\/2026\/01\/Duatlo-CRE-Ciutat-de-Palma_090225_1033-_2WF1200-70x70.jpg",70,70,true],"tie-large":["https:\/\/fetrib.com\/web\/wp-content\/uploads\/2026\/01\/Duatlo-CRE-Ciutat-de-Palma_090225_1033-_2WF1200-300x160.jpg",300,160,true],"slider":["https:\/\/fetrib.com\/web\/wp-content\/uploads\/2026\/01\/Duatlo-CRE-Ciutat-de-Palma_090225_1033-_2WF1200-620x330.jpg",620,330,true]},"uagb_author_info":{"display_name":"admin","author_link":"https:\/\/fetrib.com\/web\/author\/admin\/"},"uagb_comment_info":0,"uagb_excerpt":"S\u2019ha acabat el compte enrere, el duatl\u00f3 balear arrenca aquest diumenge 8 de febrer amb una de les seves cites m\u00e9s especials de la temporada, el Duatl\u00f3 CRE Ciutat de Palma que exercir\u00e0 com a Campionat de Balears de contrarellotge per equips i ser\u00e0 puntuable per al Circuit de Duatlons de les Illes Balears. L\u2019esdeveniment&hellip;","_links":{"self":[{"href":"https:\/\/fetrib.com\/web\/wp-json\/wp\/v2\/posts\/6453","targetHints":{"allow":["GET"]}}],"collection":[{"href":"https:\/\/fetrib.com\/web\/wp-json\/wp\/v2\/posts"}],"about":[{"href":"https:\/\/fetrib.com\/web\/wp-json\/wp\/v2\/types\/post"}],"author":[{"embeddable":true,"href":"https:\/\/fetrib.com\/web\/wp-json\/wp\/v2\/users\/1"}],"replies":[{"embeddable":true,"href":"https:\/\/fetrib.com\/web\/wp-json\/wp\/v2\/comments?post=6453"}],"version-history":[{"count":1,"href":"https:\/\/fetrib.com\/web\/wp-json\/wp\/v2\/posts\/6453\/revisions"}],"predecessor-version":[{"id":6454,"href":"https:\/\/fetrib.com\/web\/wp-json\/wp\/v2\/posts\/6453\/revisions\/6454"}],"wp:featuredmedia":[{"embeddable":true,"href":"https:\/\/fetrib.com\/web\/wp-json\/wp\/v2\/media\/6409"}],"wp:attachment":[{"href":"https:\/\/fetrib.com\/web\/wp-json\/wp\/v2\/media?parent=6453"}],"wp:term":[{"taxonomy":"category","embeddable":true,"href":"https:\/\/fetrib.com\/web\/wp-json\/wp\/v2\/categories?post=6453"},{"taxonomy":"post_tag","embeddable":true,"href":"https:\/\/fetrib.com\/web\/wp-json\/wp\/v2\/tags?post=6453"}],"curies":[{"name":"wp","href":"https:\/\/api.w.org\/{rel}","templated":true}]}}