{"id":6458,"date":"2026-02-08T16:43:01","date_gmt":"2026-02-08T16:43:01","guid":{"rendered":"https:\/\/fetrib.com\/web\/?p=6458"},"modified":"2026-02-08T18:49:42","modified_gmt":"2026-02-08T18:49:42","slug":"ce-triilles-per-duplicat-i-rds-triatlo-conquisten-el-campionat-de-balears-de-contrarellotge-per-equips-en-el-duatlo-cre-ciutat-de-palma","status":"publish","type":"post","link":"https:\/\/fetrib.com\/web\/2026\/02\/08\/ce-triilles-per-duplicat-i-rds-triatlo-conquisten-el-campionat-de-balears-de-contrarellotge-per-equips-en-el-duatlo-cre-ciutat-de-palma\/","title":{"rendered":"CE Triilles per duplicat i RDS Triatl\u00f3 conquisten el Campionat de Balears de Contrarellotge per Equips en el Duatl\u00f3 CRE Ciutat de Palma"},"content":{"rendered":"\n<p>CE Triilles en l&#8217;elit masculina i femenina; i RDS Triatl\u00f3 en categoria mixta es van imposar aquest 8 de febrer en el Duatl\u00f3 CRE Ciutat de Palma que exercia com a Campionat de Balears de Contrarellotge per Equips en una jornada en la qual han participat m\u00e9s d&#8217;una trentena d&#8217;equips i prop de 200 participants i ha comptat amb l&#8217;assist\u00e8ncia de David Salom, Director General de l&#8217;IME (<em>Institut Municipal de l&#8217;Esport de l&#8217;Ajuntament de Palma<\/em>). A m\u00e9s, tamb\u00e9 es van disputar proves de promoci\u00f3 en edat escolar, reunint a gaireb\u00e9 un centenar de joves.<\/p>\n\n\n\n<div class=\"wp-block-uagb-advanced-heading uagb-block-0f2f8999\"><h2 class=\"uagb-heading-text\"><strong>CE TRIILLES, CAMPI\u00d3 MASCUL\u00cd DESPR\u00c9S D&#8217;UN POLS A TRES TERRIBLEMENT IGUALAT<\/strong><\/h2><\/div>\n\n\n\n<p>El <strong>CE Triilles<\/strong> s&#8217;ha imposat en categoria masculina amb un temps de <strong>47:41<\/strong> per davant dels homes del <strong>Atletic Marathon Mallorca<\/strong> (47:44) en una <strong>carrera decidida per tot just tres segons de difer\u00e8ncia<\/strong> i el vencedor de la qual no s&#8217;ha dilucidat fins a l&#8217;\u00faltim instant, perqu\u00e8 l&#8217;ordre de sortida ha volgut que fossin els finalment subcampions els qui tanquessin la competici\u00f3 i mantinguessin aix\u00ed en l&#8217;aire qui anava a adjudicar-se el t\u00edtol auton\u00f2mic. El tercer lloc ha estat per al <strong>RDS Triatl\u00f3<\/strong> (47:58) que completava el podi i una lluita pel triomf que sempre va ser cosa de tres despr\u00e9s de que aquests tres equips mostressin una gran superioritat respecte a la resta de conjunts masculins.<\/p>\n\n\n\n<figure class=\"wp-block-image size-large\"><img loading=\"lazy\" decoding=\"async\" width=\"1024\" height=\"683\" src=\"https:\/\/fetrib.com\/web\/wp-content\/uploads\/2026\/02\/Duatlo-Ciutat-de-Palma-Podio-Categoria-masculina-1024x683.jpg\" alt=\"\" class=\"wp-image-6461\" srcset=\"https:\/\/fetrib.com\/web\/wp-content\/uploads\/2026\/02\/Duatlo-Ciutat-de-Palma-Podio-Categoria-masculina-1024x683.jpg 1024w, https:\/\/fetrib.com\/web\/wp-content\/uploads\/2026\/02\/Duatlo-Ciutat-de-Palma-Podio-Categoria-masculina-300x200.jpg 300w, https:\/\/fetrib.com\/web\/wp-content\/uploads\/2026\/02\/Duatlo-Ciutat-de-Palma-Podio-Categoria-masculina-768x512.jpg 768w, https:\/\/fetrib.com\/web\/wp-content\/uploads\/2026\/02\/Duatlo-Ciutat-de-Palma-Podio-Categoria-masculina-1536x1024.jpg 1536w, https:\/\/fetrib.com\/web\/wp-content\/uploads\/2026\/02\/Duatlo-Ciutat-de-Palma-Podio-Categoria-masculina.jpg 1600w\" sizes=\"auto, (max-width: 1024px) 100vw, 1024px\" \/><\/figure>\n\n\n\n<div class=\"wp-block-uagb-advanced-heading uagb-block-48b8c495\"><h2 class=\"uagb-heading-text\"><strong>CE TRIILLES DOMINA LA CATEGORIA FEMENINA<\/strong><\/h2><\/div>\n\n\n\n<p>El <strong>CE Triilles<\/strong> ha completat el seu doble doblet guanyant amb autoritat en l&#8217;elit femenina amb un crono <strong>d&#8217;1.02:02<\/strong>, superant tamb\u00e9 al <strong>Atletic Marathon Mallorca<\/strong> (1.07:00) i a les seves pr\u00f2pies companyes del <strong>CE Triilles Femen\u00ed B<\/strong> (1.10:47).<\/p>\n\n\n\n<figure class=\"wp-block-image size-large\"><img loading=\"lazy\" decoding=\"async\" width=\"1024\" height=\"683\" src=\"https:\/\/fetrib.com\/web\/wp-content\/uploads\/2026\/02\/Duatlo-Ciutat-de-Palma-Podio-Categoria-femenina-1024x683.jpg\" alt=\"\" class=\"wp-image-6460\" srcset=\"https:\/\/fetrib.com\/web\/wp-content\/uploads\/2026\/02\/Duatlo-Ciutat-de-Palma-Podio-Categoria-femenina-1024x683.jpg 1024w, https:\/\/fetrib.com\/web\/wp-content\/uploads\/2026\/02\/Duatlo-Ciutat-de-Palma-Podio-Categoria-femenina-300x200.jpg 300w, https:\/\/fetrib.com\/web\/wp-content\/uploads\/2026\/02\/Duatlo-Ciutat-de-Palma-Podio-Categoria-femenina-768x512.jpg 768w, https:\/\/fetrib.com\/web\/wp-content\/uploads\/2026\/02\/Duatlo-Ciutat-de-Palma-Podio-Categoria-femenina-1536x1024.jpg 1536w, https:\/\/fetrib.com\/web\/wp-content\/uploads\/2026\/02\/Duatlo-Ciutat-de-Palma-Podio-Categoria-femenina.jpg 1600w\" sizes=\"auto, (max-width: 1024px) 100vw, 1024px\" \/><\/figure>\n\n\n\n<div class=\"wp-block-uagb-advanced-heading uagb-block-f4377ae1\"><h2 class=\"uagb-heading-text\"><strong>RDS TRIATL\u00d3, SENSE RIVAL EN CATEGORIA MIXTA<\/strong><\/h2><\/div>\n\n\n\n<p>En categoria mixta, <strong>RDS Triatl\u00f3<\/strong> (57:17) ha brillat fent-se amb la primera posici\u00f3 de manera c\u00f2mode aconseguint una renda de m\u00e9s de dos minuts respecte al segon classificat, <strong>l&#8217;ACM Grup<\/strong> (59:34). El bronze ha estat per al <strong>Global Training<\/strong> (1.05:21) despr\u00e9s de viure una ajustada baralla per l&#8217;\u00faltim calaix del podi amb el CE Triilles (1.05:30).<\/p>\n\n\n\n<figure class=\"wp-block-image size-large\"><img loading=\"lazy\" decoding=\"async\" width=\"1024\" height=\"683\" src=\"https:\/\/fetrib.com\/web\/wp-content\/uploads\/2026\/02\/Duatlo-Ciutat-de-Palma-Podio-Categoria-mixta-1024x683.jpg\" alt=\"\" class=\"wp-image-6459\" srcset=\"https:\/\/fetrib.com\/web\/wp-content\/uploads\/2026\/02\/Duatlo-Ciutat-de-Palma-Podio-Categoria-mixta-1024x683.jpg 1024w, https:\/\/fetrib.com\/web\/wp-content\/uploads\/2026\/02\/Duatlo-Ciutat-de-Palma-Podio-Categoria-mixta-300x200.jpg 300w, https:\/\/fetrib.com\/web\/wp-content\/uploads\/2026\/02\/Duatlo-Ciutat-de-Palma-Podio-Categoria-mixta-768x512.jpg 768w, https:\/\/fetrib.com\/web\/wp-content\/uploads\/2026\/02\/Duatlo-Ciutat-de-Palma-Podio-Categoria-mixta-1536x1024.jpg 1536w, https:\/\/fetrib.com\/web\/wp-content\/uploads\/2026\/02\/Duatlo-Ciutat-de-Palma-Podio-Categoria-mixta.jpg 1600w\" sizes=\"auto, (max-width: 1024px) 100vw, 1024px\" \/><\/figure>\n\n\n\n<div class=\"wp-block-uagb-advanced-heading uagb-block-d31a2005\"><h2 class=\"uagb-heading-text\"><strong>\u00c8XIT DE LES CARRERES INFANTILS<\/strong><\/h2><\/div>\n\n\n\n<p>Despr\u00e9s de la finalitzaci\u00f3 de la competici\u00f3 elit va ser el torn de les competicions infantil on els participants d&#8217;edats compreses entre categoria Cadet i Prebenjam\u00ed han gaudit d&#8217;una jornada plena de diversi\u00f3 i esport, demostrant que el futur del duatl\u00f3 a Palma est\u00e0 en bones mans.<\/p>\n\n\n\n<div class=\"wp-block-uagb-advanced-heading uagb-block-c5389411\"><h2 class=\"uagb-heading-text\"><strong>DUATL\u00d3 CRE CIUTAT DE PALMA 2026, UNA EDICI\u00d3 MOLT POSITIVA<\/strong><\/h2><\/div>\n\n\n\n<p>L\u2019esdeveniment ha transcorregut sense incid\u00e8ncies i amb una gran aflu\u00e8ncia de p\u00fablic que ha animat als participants en tot moment. Els organitzadors han destacat el bon ambient i l\u2019esportivitat mostrada per tots els equips, cosa que ha contribu\u00eft a l\u2019\u00e8xit rotund d\u2019aquesta edici\u00f3.<\/p>\n\n\n\n<p>En definitiva, el duatl\u00f3 contrarellotge per equips Ciutat de Palma ha estat un exemple de superaci\u00f3, treball en equip i passi\u00f3 per l\u2019esport. Enhorabona a tots els participants i fins a la propera edici\u00f3.<\/p>\n\n\n\n<p><strong><a href=\"https:\/\/www.elitechip.net\/system\/public\/download\/2aba2a3ac97bd3f09ddb8cf076316359.pdf\">Resultats Duatl\u00f3 CRE Ciutat de Palma<\/a><\/strong><\/p>\n\n\n\n<p><\/p>\n","protected":false},"excerpt":{"rendered":"<p>CE Triilles en l&#8217;elit masculina i femenina; i RDS Triatl\u00f3 en categoria mixta es van imposar aquest 8 de febrer en el Duatl\u00f3 CRE Ciutat de Palma que exercia com a Campionat de Balears de Contrarellotge per Equips en una jornada en la qual han participat m\u00e9s d&#8217;una trentena d&#8217;equips i prop de 200 participants &#8230;<\/p>\n","protected":false},"author":2,"featured_media":6461,"comment_status":"closed","ping_status":"open","sticky":false,"template":"","format":"standard","meta":{"_uag_custom_page_level_css":"","footnotes":""},"categories":[28,1,37,40],"tags":[112,114,113,109,115],"class_list":["post-6458","post","type-post","status-publish","format-standard","has-post-thumbnail","hentry","category-competiciones","category-general","category-latest-news","category-resultados","tag-campionat-de-balears-de-contrarellotge-per-equips","tag-ce-triilles","tag-duatlo-ciutat-de-palma","tag-duatlo-cre-ciutat-de-palma","tag-rds-triatlo"],"uagb_featured_image_src":{"full":["https:\/\/fetrib.com\/web\/wp-content\/uploads\/2026\/02\/Duatlo-Ciutat-de-Palma-Podio-Categoria-masculina.jpg",1600,1067,false],"thumbnail":["https:\/\/fetrib.com\/web\/wp-content\/uploads\/2026\/02\/Duatlo-Ciutat-de-Palma-Podio-Categoria-masculina-150x150.jpg",150,150,true],"medium":["https:\/\/fetrib.com\/web\/wp-content\/uploads\/2026\/02\/Duatlo-Ciutat-de-Palma-Podio-Categoria-masculina-300x200.jpg",300,200,true],"medium_large":["https:\/\/fetrib.com\/web\/wp-content\/uploads\/2026\/02\/Duatlo-Ciutat-de-Palma-Podio-Categoria-masculina-768x512.jpg",620,413,true],"large":["https:\/\/fetrib.com\/web\/wp-content\/uploads\/2026\/02\/Duatlo-Ciutat-de-Palma-Podio-Categoria-masculina-1024x683.jpg",620,414,true],"1536x1536":["https:\/\/fetrib.com\/web\/wp-content\/uploads\/2026\/02\/Duatlo-Ciutat-de-Palma-Podio-Categoria-masculina-1536x1024.jpg",1536,1024,true],"2048x2048":["https:\/\/fetrib.com\/web\/wp-content\/uploads\/2026\/02\/Duatlo-Ciutat-de-Palma-Podio-Categoria-masculina.jpg",1600,1067,false],"tie-small":["https:\/\/fetrib.com\/web\/wp-content\/uploads\/2026\/02\/Duatlo-Ciutat-de-Palma-Podio-Categoria-masculina-70x70.jpg",70,70,true],"tie-large":["https:\/\/fetrib.com\/web\/wp-content\/uploads\/2026\/02\/Duatlo-Ciutat-de-Palma-Podio-Categoria-masculina-300x160.jpg",300,160,true],"slider":["https:\/\/fetrib.com\/web\/wp-content\/uploads\/2026\/02\/Duatlo-Ciutat-de-Palma-Podio-Categoria-masculina-620x330.jpg",620,330,true]},"uagb_author_info":{"display_name":"info@sinfrenos.es","author_link":"https:\/\/fetrib.com\/web\/author\/infosinfrenos-es\/"},"uagb_comment_info":0,"uagb_excerpt":"CE Triilles en l&#8217;elit masculina i femenina; i RDS Triatl\u00f3 en categoria mixta es van imposar aquest 8 de febrer en el Duatl\u00f3 CRE Ciutat de Palma que exercia com a Campionat de Balears de Contrarellotge per Equips en una jornada en la qual han participat m\u00e9s d&#8217;una trentena d&#8217;equips i prop de 200 participants&hellip;","_links":{"self":[{"href":"https:\/\/fetrib.com\/web\/wp-json\/wp\/v2\/posts\/6458","targetHints":{"allow":["GET"]}}],"collection":[{"href":"https:\/\/fetrib.com\/web\/wp-json\/wp\/v2\/posts"}],"about":[{"href":"https:\/\/fetrib.com\/web\/wp-json\/wp\/v2\/types\/post"}],"author":[{"embeddable":true,"href":"https:\/\/fetrib.com\/web\/wp-json\/wp\/v2\/users\/2"}],"replies":[{"embeddable":true,"href":"https:\/\/fetrib.com\/web\/wp-json\/wp\/v2\/comments?post=6458"}],"version-history":[{"count":3,"href":"https:\/\/fetrib.com\/web\/wp-json\/wp\/v2\/posts\/6458\/revisions"}],"predecessor-version":[{"id":6494,"href":"https:\/\/fetrib.com\/web\/wp-json\/wp\/v2\/posts\/6458\/revisions\/6494"}],"wp:featuredmedia":[{"embeddable":true,"href":"https:\/\/fetrib.com\/web\/wp-json\/wp\/v2\/media\/6461"}],"wp:attachment":[{"href":"https:\/\/fetrib.com\/web\/wp-json\/wp\/v2\/media?parent=6458"}],"wp:term":[{"taxonomy":"category","embeddable":true,"href":"https:\/\/fetrib.com\/web\/wp-json\/wp\/v2\/categories?post=6458"},{"taxonomy":"post_tag","embeddable":true,"href":"https:\/\/fetrib.com\/web\/wp-json\/wp\/v2\/tags?post=6458"}],"curies":[{"name":"wp","href":"https:\/\/api.w.org\/{rel}","templated":true}]}}