{"id":6503,"date":"2026-02-10T09:39:34","date_gmt":"2026-02-10T09:39:34","guid":{"rendered":"https:\/\/fetrib.com\/web\/?p=6503"},"modified":"2026-02-11T09:06:49","modified_gmt":"2026-02-11T09:06:49","slug":"ibiza-sprint-triathlon-2026-obre-inscripcions","status":"publish","type":"post","link":"https:\/\/fetrib.com\/web\/2026\/02\/10\/ibiza-sprint-triathlon-2026-obre-inscripcions\/","title":{"rendered":"Ibiza Sprint Triathlon 2026 obre inscripcions"},"content":{"rendered":"\n<p>L&#8217;organitzaci\u00f3 de <strong>Ibiza Sprint\u00a0Triathlon<\/strong>\u00a0ha anunciat avui dimarts <strong>10 de febrer l&#8217;obertura oficial d&#8217;inscripcions per a la seva edici\u00f3 2026<\/strong> que se celebrar\u00e0 el pr\u00f2xim <strong>26 d&#8217;octubre<\/strong>, consolidant aquest esdeveniment com una de les proves de curta dist\u00e0ncia m\u00e9s ic\u00f2niques i vibrants de l&#8217;arc mediterrani, situant-se un curs m\u00e9s en l&#8217;epicentre de l&#8217;esport internacional ajudat a pujar per un segell personal marcat per la <strong>sostenibilitat, el rendiment esportiu i l&#8217;experi\u00e8ncia \u00ablifestyle\u00bb<\/strong>\u00a0d&#8217;alt nivell.<\/p>\n\n\n\n<p>L&#8217;esdeveniment, se celebrar\u00e0 sota les dist\u00e0ncies reglament\u00e0ries de <strong>750 metres de nataci\u00f3, 20 quil\u00f2metres de ciclisme i 5 quil\u00f2metres de carrera a peu<\/strong>. Amb circuits dissenyats per a potenciar la <strong>rapidesa i l&#8217;espectacularitat,<\/strong> la prova recorrer\u00e0 alguns dels <strong>enclavaments naturals m\u00e9s privilegiats d&#8217;Eivissa<\/strong>, oferint als participants l&#8217;oportunitat de competir en aig\u00fces cristal\u00b7lines i sota una llum \u00fanica apostant una vegada m\u00e9s per un binomi on <strong>repte t\u00e8cnic i immersi\u00f3 total en l&#8217;ess\u00e8ncia m\u00e9s pura de l&#8217;illa es donaran la m\u00e0<\/strong>.<\/p>\n\n\n\n<div class=\"wp-block-uagb-advanced-heading uagb-block-88db2e26\"><h2 class=\"uagb-heading-text\"><strong>M\u00c9S QUE UNA COMPETICI\u00d3, UN REPTE INSPIRACIONAL<\/strong><\/h2><\/div>\n\n\n\n<p>Sota la direcci\u00f3 estrat\u00e8gica de l&#8217;Associaci\u00f3 Ibiza\u00a0Half\u00a0Triathlon, l&#8217;edici\u00f3 2026 eleva la proposta de valor cap al \u00abSport-Tourism\u00bb\u00a0de qualitat. \u00ab<strong><em>El nostre objectiu \u00e9s que el triatleta no sols vingui a penjar-se una medalla, sin\u00f3 a viure Eivissa des d&#8217;una perspectiva diferent: la de la superaci\u00f3 personal en un entorn que respira naturalesa i energia<\/em><\/strong>\u00ab, assenyala Andoni Val\u00e8ncia.<\/p>\n\n\n\n<div class=\"wp-block-uagb-advanced-heading uagb-block-f3f45235\"><h2 class=\"uagb-heading-text\"><strong>COMPROM\u00cdS AMB L&#8217;IMPACTE MEDIOAMBIENTAL EN L&#8217;ILLA I AMB ELS CLUBS LOCALS<\/strong><\/h2><\/div>\n\n\n\n<p>En aquesta edici\u00f3, <strong>Ibiza Sprint\u00a0Triathlon\u00a0reafirma el seu comprom\u00eds amb l&#8217;entorn <\/strong>i implementar\u00e0 mesures estrictes de sostenibilitat per a <strong>minimitzar la petjada de carboni i protegir l&#8217;ecosistema mar\u00ed de l&#8217;illa<\/strong>. Aix\u00ed mateix, l&#8217;esdeveniment busca fomentar la base local, integrant als clubs de les Balears al costat d&#8217;una creixent comunitat de triatletes internacionals provinents del Regne Unit, Alemanya i Fran\u00e7a.<\/p>\n\n\n\n<div class=\"wp-block-uagb-advanced-heading uagb-block-a4ab942b\"><h2 class=\"uagb-heading-text\"><strong>INSCRIPCIONS JA OBERTES!<\/strong><\/h2><\/div>\n\n\n\n<p>Des d&#8217;avui <strong>dimarts 10 de febrer<\/strong>, els triatletes poden assegurar la seva pla\u00e7a a trav\u00e9s de la <strong><a href=\"https:\/\/ibizatriatlon.com\/\">web oficial<\/a><\/strong>. Seguint la tradici\u00f3 d&#8217;edicions anteriors, s&#8217;espera batre per tercer any consecutiu el r\u00e8cord de participaci\u00f3 amb esportistes que busquen combinar la seva passi\u00f3 pel triatl\u00f3 amb l&#8217;estil de vida sofisticat de l&#8217;illa blanca.<\/p>\n\n\n\n<p><\/p>\n","protected":false},"excerpt":{"rendered":"<p>L&#8217;organitzaci\u00f3 de Ibiza Sprint\u00a0Triathlon\u00a0ha anunciat avui dimarts 10 de febrer l&#8217;obertura oficial d&#8217;inscripcions per a la seva edici\u00f3 2026 que se celebrar\u00e0 el pr\u00f2xim 26 d&#8217;octubre, consolidant aquest esdeveniment com una de les proves de curta dist\u00e0ncia m\u00e9s ic\u00f2niques i vibrants de l&#8217;arc mediterrani, situant-se un curs m\u00e9s en l&#8217;epicentre de l&#8217;esport internacional ajudat a &#8230;<\/p>\n","protected":false},"author":1,"featured_media":6504,"comment_status":"closed","ping_status":"open","sticky":false,"template":"","format":"standard","meta":{"_uag_custom_page_level_css":"","footnotes":""},"categories":[28,37],"tags":[116],"class_list":["post-6503","post","type-post","status-publish","format-standard","has-post-thumbnail","hentry","category-competiciones","category-latest-news","tag-ibiza-sprint-triathlon"],"uagb_featured_image_src":{"full":["https:\/\/fetrib.com\/web\/wp-content\/uploads\/2026\/02\/Ibiza-Sprint-Triathlon-FETRIB.jpg",1200,800,false],"thumbnail":["https:\/\/fetrib.com\/web\/wp-content\/uploads\/2026\/02\/Ibiza-Sprint-Triathlon-FETRIB-150x150.jpg",150,150,true],"medium":["https:\/\/fetrib.com\/web\/wp-content\/uploads\/2026\/02\/Ibiza-Sprint-Triathlon-FETRIB-300x200.jpg",300,200,true],"medium_large":["https:\/\/fetrib.com\/web\/wp-content\/uploads\/2026\/02\/Ibiza-Sprint-Triathlon-FETRIB-768x512.jpg",620,413,true],"large":["https:\/\/fetrib.com\/web\/wp-content\/uploads\/2026\/02\/Ibiza-Sprint-Triathlon-FETRIB-1024x683.jpg",620,414,true],"1536x1536":["https:\/\/fetrib.com\/web\/wp-content\/uploads\/2026\/02\/Ibiza-Sprint-Triathlon-FETRIB.jpg",1200,800,false],"2048x2048":["https:\/\/fetrib.com\/web\/wp-content\/uploads\/2026\/02\/Ibiza-Sprint-Triathlon-FETRIB.jpg",1200,800,false],"tie-small":["https:\/\/fetrib.com\/web\/wp-content\/uploads\/2026\/02\/Ibiza-Sprint-Triathlon-FETRIB-70x70.jpg",70,70,true],"tie-large":["https:\/\/fetrib.com\/web\/wp-content\/uploads\/2026\/02\/Ibiza-Sprint-Triathlon-FETRIB-300x160.jpg",300,160,true],"slider":["https:\/\/fetrib.com\/web\/wp-content\/uploads\/2026\/02\/Ibiza-Sprint-Triathlon-FETRIB-620x330.jpg",620,330,true]},"uagb_author_info":{"display_name":"admin","author_link":"https:\/\/fetrib.com\/web\/author\/admin\/"},"uagb_comment_info":0,"uagb_excerpt":"L&#8217;organitzaci\u00f3 de Ibiza Sprint\u00a0Triathlon\u00a0ha anunciat avui dimarts 10 de febrer l&#8217;obertura oficial d&#8217;inscripcions per a la seva edici\u00f3 2026 que se celebrar\u00e0 el pr\u00f2xim 26 d&#8217;octubre, consolidant aquest esdeveniment com una de les proves de curta dist\u00e0ncia m\u00e9s ic\u00f2niques i vibrants de l&#8217;arc mediterrani, situant-se un curs m\u00e9s en l&#8217;epicentre de l&#8217;esport internacional ajudat a&hellip;","_links":{"self":[{"href":"https:\/\/fetrib.com\/web\/wp-json\/wp\/v2\/posts\/6503","targetHints":{"allow":["GET"]}}],"collection":[{"href":"https:\/\/fetrib.com\/web\/wp-json\/wp\/v2\/posts"}],"about":[{"href":"https:\/\/fetrib.com\/web\/wp-json\/wp\/v2\/types\/post"}],"author":[{"embeddable":true,"href":"https:\/\/fetrib.com\/web\/wp-json\/wp\/v2\/users\/1"}],"replies":[{"embeddable":true,"href":"https:\/\/fetrib.com\/web\/wp-json\/wp\/v2\/comments?post=6503"}],"version-history":[{"count":1,"href":"https:\/\/fetrib.com\/web\/wp-json\/wp\/v2\/posts\/6503\/revisions"}],"predecessor-version":[{"id":6505,"href":"https:\/\/fetrib.com\/web\/wp-json\/wp\/v2\/posts\/6503\/revisions\/6505"}],"wp:featuredmedia":[{"embeddable":true,"href":"https:\/\/fetrib.com\/web\/wp-json\/wp\/v2\/media\/6504"}],"wp:attachment":[{"href":"https:\/\/fetrib.com\/web\/wp-json\/wp\/v2\/media?parent=6503"}],"wp:term":[{"taxonomy":"category","embeddable":true,"href":"https:\/\/fetrib.com\/web\/wp-json\/wp\/v2\/categories?post=6503"},{"taxonomy":"post_tag","embeddable":true,"href":"https:\/\/fetrib.com\/web\/wp-json\/wp\/v2\/tags?post=6503"}],"curies":[{"name":"wp","href":"https:\/\/api.w.org\/{rel}","templated":true}]}}