{"id":6509,"date":"2026-02-17T16:40:37","date_gmt":"2026-02-17T16:40:37","guid":{"rendered":"https:\/\/fetrib.com\/web\/?p=6509"},"modified":"2026-02-17T16:47:19","modified_gmt":"2026-02-17T16:47:19","slug":"arrenca-la-desena-edicio-del-circuit-trikids-2026-a-eivissa","status":"publish","type":"post","link":"https:\/\/fetrib.com\/web\/2026\/02\/17\/arrenca-la-desena-edicio-del-circuit-trikids-2026-a-eivissa\/","title":{"rendered":"Arrenca la desena edici\u00f3 del circuit Trikids 2026 a Eivissa"},"content":{"rendered":"\n<p>El <strong>primer Trikids de l&#8217;any<\/strong> arriba a la ciutat <strong>d&#8217;Eivissa<\/strong> aquest <strong>dissabte 21 de febrer<\/strong> a la <strong>platja de Figueretas<\/strong>. Organitzada per Ibiza Blue Challenge, amb el suport de l&#8217;Ajuntament de Vila, el Consell Insular d&#8217;Eivissa i la Federaci\u00f3 Balear de Triatl\u00f3, aquest circuit de proves de triatl\u00f3 per a nens que cada any reuneix prop de 400 participants <strong>recorrer\u00e0 els cinc municipis de l&#8217;illa<\/strong> (Sant Josep, Santa Eul\u00e0ria, Sant Antoni, Sant Joan) al llarg de la temporada.<\/p>\n\n\n\n<p>Aquesta iniciativa l\u00fadic-esportiva nascuda en 2017 arriba aquest curs a la seva desena edici\u00f3 amb m\u00e9s de 40 proves a la seva esquena i un any m\u00e9s el seu objectiu ser\u00e0 <strong>promoure la pr\u00e0ctica de l&#8217;esport sense la pressi\u00f3 del resultat<\/strong>. Amb aquesta fi, Trikids 2026 <strong>premiar\u00e0 a tots els participants amb la medalla puzle<\/strong> que aniran muntant amb les peces que van rebent en cada event.<\/p>\n\n\n\n<p>Com \u00e9s habitual, el Trikids Challenge 2026 est\u00e0 pensant per a <strong>nens i nenes d&#8217;entre 1 i 15 anys<\/strong> que quedaran dividits en diferents categories: <strong>Baby<\/strong> (nascuts en <strong>2024 i 2025<\/strong>); <strong>Pre-Benjam\u00ed<\/strong> (nascuts <strong>entre 2019 i 2023<\/strong>); <strong>Benjam\u00ed<\/strong> (nascuts en <strong>2017 i 2018<\/strong>); <strong>Alev\u00ed<\/strong> (nascuts en <strong>2016 i 2015<\/strong>), <strong>Infantil<\/strong> (nascuts en <strong>2013 i 2014<\/strong>) i <strong>Cadet<\/strong> (nascuts en <strong>2011 i 2012<\/strong>).<\/p>\n\n\n\n<p>Aix\u00ed mateix, cada edat tindr\u00e0 assignada la dist\u00e0ncia de competici\u00f3 m\u00e9s adequada i gradual segons reglament de la Federaci\u00f3 de Triatl\u00f3 de les Illes Balears (FETRIB), sent la de <strong>Baby la m\u00e9s curta<\/strong> (100m carrera a peu, 250m de \u2018bici\u2019 i 100m de carrera a peu) i la de <strong>Cadet la m\u00e9s llarga<\/strong> (2500m carrera a peu, 10000m bici i 1200m carrera a peu). A m\u00e9s, <strong>tant els Baby com els Pre-Benjam\u00edn hauran de participar en tot moment amb un adult al seu costat<\/strong>.<\/p>\n\n\n\n<div class=\"wp-block-uagb-advanced-heading uagb-block-18bb9e83\"><h2 class=\"uagb-heading-text\"><strong>INSCRIPCIONS OBERTES!<\/strong><\/h2><\/div>\n\n\n\n<p>La <strong>Trikids Eivissa<\/strong> que tindr\u00e0 un l\u00edmit de <strong>150 inscrits<\/strong> i un <strong>cost de 7\u20ac<\/strong>, comen\u00e7ar\u00e0 a les 15:30h amb la recollida de dorsals i es disputar\u00e0 a partir de les 16:30h del dissabte 21 de febrer. Tots els nens i nenes que desitgin<strong> inscriure&#8217;s<\/strong> per a participar en la Trikids Eivissa podran fer-ho <strong>fins divendres que ve 20 de febrer a les 11:00h<\/strong> a trav\u00e9s de la seg\u00fcent p\u00e0gina: <a href=\"https:\/\/sportmaniacs.com\/c\/trikids-eivissa-2026\">aqu\u00ed<\/a>.<\/p>\n\n\n\n<figure class=\"wp-block-image size-large\"><img loading=\"lazy\" decoding=\"async\" width=\"692\" height=\"1024\" src=\"https:\/\/fetrib.com\/web\/wp-content\/uploads\/2026\/02\/cartel-2026-692x1024.jpeg\" alt=\"\" class=\"wp-image-6510\" srcset=\"https:\/\/fetrib.com\/web\/wp-content\/uploads\/2026\/02\/cartel-2026-692x1024.jpeg 692w, https:\/\/fetrib.com\/web\/wp-content\/uploads\/2026\/02\/cartel-2026-203x300.jpeg 203w, https:\/\/fetrib.com\/web\/wp-content\/uploads\/2026\/02\/cartel-2026-768x1136.jpeg 768w, https:\/\/fetrib.com\/web\/wp-content\/uploads\/2026\/02\/cartel-2026-1039x1536.jpeg 1039w, https:\/\/fetrib.com\/web\/wp-content\/uploads\/2026\/02\/cartel-2026.jpeg 1082w\" sizes=\"auto, (max-width: 692px) 100vw, 692px\" \/><\/figure>\n\n\n\n<p><\/p>\n","protected":false},"excerpt":{"rendered":"<p>El primer Trikids de l&#8217;any arriba a la ciutat d&#8217;Eivissa aquest dissabte 21 de febrer a la platja de Figueretas. Organitzada per Ibiza Blue Challenge, amb el suport de l&#8217;Ajuntament de Vila, el Consell Insular d&#8217;Eivissa i la Federaci\u00f3 Balear de Triatl\u00f3, aquest circuit de proves de triatl\u00f3 per a nens que cada any reuneix &#8230;<\/p>\n","protected":false},"author":1,"featured_media":6511,"comment_status":"closed","ping_status":"open","sticky":false,"template":"","format":"standard","meta":{"_uag_custom_page_level_css":"","footnotes":""},"categories":[1,37],"tags":[117,118],"class_list":["post-6509","post","type-post","status-publish","format-standard","has-post-thumbnail","hentry","category-general","category-latest-news","tag-trikids","tag-trikids-eivissa"],"uagb_featured_image_src":{"full":["https:\/\/fetrib.com\/web\/wp-content\/uploads\/2026\/02\/Trikids-Eivissa-2025-127.jpg",2000,1333,false],"thumbnail":["https:\/\/fetrib.com\/web\/wp-content\/uploads\/2026\/02\/Trikids-Eivissa-2025-127-150x150.jpg",150,150,true],"medium":["https:\/\/fetrib.com\/web\/wp-content\/uploads\/2026\/02\/Trikids-Eivissa-2025-127-300x200.jpg",300,200,true],"medium_large":["https:\/\/fetrib.com\/web\/wp-content\/uploads\/2026\/02\/Trikids-Eivissa-2025-127-768x512.jpg",620,413,true],"large":["https:\/\/fetrib.com\/web\/wp-content\/uploads\/2026\/02\/Trikids-Eivissa-2025-127-1024x682.jpg",620,413,true],"1536x1536":["https:\/\/fetrib.com\/web\/wp-content\/uploads\/2026\/02\/Trikids-Eivissa-2025-127-1536x1024.jpg",1536,1024,true],"2048x2048":["https:\/\/fetrib.com\/web\/wp-content\/uploads\/2026\/02\/Trikids-Eivissa-2025-127.jpg",2000,1333,false],"tie-small":["https:\/\/fetrib.com\/web\/wp-content\/uploads\/2026\/02\/Trikids-Eivissa-2025-127-70x70.jpg",70,70,true],"tie-large":["https:\/\/fetrib.com\/web\/wp-content\/uploads\/2026\/02\/Trikids-Eivissa-2025-127-300x160.jpg",300,160,true],"slider":["https:\/\/fetrib.com\/web\/wp-content\/uploads\/2026\/02\/Trikids-Eivissa-2025-127-620x330.jpg",620,330,true]},"uagb_author_info":{"display_name":"admin","author_link":"https:\/\/fetrib.com\/web\/author\/admin\/"},"uagb_comment_info":0,"uagb_excerpt":"El primer Trikids de l&#8217;any arriba a la ciutat d&#8217;Eivissa aquest dissabte 21 de febrer a la platja de Figueretas. Organitzada per Ibiza Blue Challenge, amb el suport de l&#8217;Ajuntament de Vila, el Consell Insular d&#8217;Eivissa i la Federaci\u00f3 Balear de Triatl\u00f3, aquest circuit de proves de triatl\u00f3 per a nens que cada any reuneix&hellip;","_links":{"self":[{"href":"https:\/\/fetrib.com\/web\/wp-json\/wp\/v2\/posts\/6509","targetHints":{"allow":["GET"]}}],"collection":[{"href":"https:\/\/fetrib.com\/web\/wp-json\/wp\/v2\/posts"}],"about":[{"href":"https:\/\/fetrib.com\/web\/wp-json\/wp\/v2\/types\/post"}],"author":[{"embeddable":true,"href":"https:\/\/fetrib.com\/web\/wp-json\/wp\/v2\/users\/1"}],"replies":[{"embeddable":true,"href":"https:\/\/fetrib.com\/web\/wp-json\/wp\/v2\/comments?post=6509"}],"version-history":[{"count":2,"href":"https:\/\/fetrib.com\/web\/wp-json\/wp\/v2\/posts\/6509\/revisions"}],"predecessor-version":[{"id":6513,"href":"https:\/\/fetrib.com\/web\/wp-json\/wp\/v2\/posts\/6509\/revisions\/6513"}],"wp:featuredmedia":[{"embeddable":true,"href":"https:\/\/fetrib.com\/web\/wp-json\/wp\/v2\/media\/6511"}],"wp:attachment":[{"href":"https:\/\/fetrib.com\/web\/wp-json\/wp\/v2\/media?parent=6509"}],"wp:term":[{"taxonomy":"category","embeddable":true,"href":"https:\/\/fetrib.com\/web\/wp-json\/wp\/v2\/categories?post=6509"},{"taxonomy":"post_tag","embeddable":true,"href":"https:\/\/fetrib.com\/web\/wp-json\/wp\/v2\/tags?post=6509"}],"curies":[{"name":"wp","href":"https:\/\/api.w.org\/{rel}","templated":true}]}}