{"id":6514,"date":"2026-02-19T18:09:13","date_gmt":"2026-02-19T18:09:13","guid":{"rendered":"https:\/\/fetrib.com\/web\/?p=6514"},"modified":"2026-02-19T18:09:27","modified_gmt":"2026-02-19T18:09:27","slug":"palma-acull-aquest-dissabte-la-quedada-lideresas-amazones-en-el-polidepotivo-principes-de-espana","status":"publish","type":"post","link":"https:\/\/fetrib.com\/web\/2026\/02\/19\/palma-acull-aquest-dissabte-la-quedada-lideresas-amazones-en-el-polidepotivo-principes-de-espana\/","title":{"rendered":"Palma acull aquest dissabte la Quedada Lideresas Amazones en el Polidepotivo Pr\u00edncipes de Espa\u00f1a"},"content":{"rendered":"\n<p>El <strong>Programa Lideresas Amazonas<\/strong> desenvolupat per la Federaci\u00f3 Espanyola de Triatl\u00f3, la Fundaci\u00f3n Deporte Joven i les Federacions Auton\u00f2miques de Triatl\u00f3 arriba a <strong>Palma<\/strong> aquest <strong>dissabte 21 de febrer<\/strong> amb una de les seves caracter\u00edstiques <strong>\u2018Quedadas\u2019<\/strong> en el <strong>Polideportivo Pr\u00edncipes de Espa\u00f1a<\/strong>, actual Centre de Tecnificaci\u00f3 Esportiva Illes Balears (CTEIB).<\/p>\n\n\n\n<p>Es tracta d\u2019un programa integral i transversal l&#8217;objectiu del qual \u00e9s f<strong>omentar la pr\u00e0ctica de l&#8217;activitat esportiva, el desenvolupament de la dona i la seva evoluci\u00f3 dins del triatl\u00f3<\/strong>, aix\u00ed com<strong> visibilitzar a les dones esportistes i les dones que exerceixen com a t\u00e8cniques<\/strong> i tamb\u00e9 <strong>engrandir i refor\u00e7ar la xarxa i comunitat esportiva femenina <\/strong>de les participants.<\/p>\n\n\n\n<p>La \u2018Quedada\u2019 \u00e9s una <strong>activitat gratu\u00efta que no requereix d&#8217;experi\u00e8ncia pr\u00e8via<\/strong> dirigida a tota <strong>aquella dona, adolescent o nena a partir de 10 anys a les quals els agradi nedar i c\u00f3rrer<\/strong> que desitgin <strong>aprendre, divertir-se i con\u00e8ixer gent nova amb les seves mateixes passions<\/strong> i vulguin viure una jornada marcada pel seu gran ambient.<\/p>\n\n\n\n<p>Una oportunitat \u00fanica per a crear Girl Power!<\/p>\n\n\n\n<div class=\"wp-block-uagb-advanced-heading uagb-block-97348dff\"><h2 class=\"uagb-heading-text\"><strong>INFO B\u00c0SICA DE LA &#8216;QUEDADA&#8217;<\/strong><\/h2><\/div>\n\n\n\n<p><strong>DATA:<\/strong> 21 de febrer<\/p>\n\n\n\n<p><strong>UBICACI\u00d3:<\/strong> Polideportivo Pr\u00edncipes de Espa\u00f1a, actual Centre de Tecnificaci\u00f3 Esportiva Illes Balears (CTEIB).<\/p>\n\n\n\n<p><strong>HORARI:<\/strong> Amazonas (10-17 anys): 17-19H &#8211; carrera + nataci\u00f3 | Lideresas (+18 anys): 19:00H &#8211; nataci\u00f3<\/p>\n\n\n\n<p><strong>INSCRIPCIONS EN:<\/strong> amazonas@fetrib.com<\/p>\n\n\n\n<p><strong>PREU:<\/strong> Gratu\u00eft<\/p>\n\n\n\n<p><\/p>\n\n\n\n<p><\/p>\n","protected":false},"excerpt":{"rendered":"<p>L&#8217;activitat busca fomentar l&#8217;activitat esportiva i la pr\u00e0ctica del triatl\u00f3 entre les dones i joves de l&#8217;illa.<\/p>\n","protected":false},"author":1,"featured_media":6515,"comment_status":"closed","ping_status":"open","sticky":false,"template":"","format":"standard","meta":{"_uag_custom_page_level_css":"","footnotes":""},"categories":[37],"tags":[119],"class_list":["post-6514","post","type-post","status-publish","format-standard","has-post-thumbnail","hentry","category-latest-news","tag-quedada-lideresas-amazones"],"uagb_featured_image_src":{"full":["https:\/\/fetrib.com\/web\/wp-content\/uploads\/2026\/02\/Quedada-Amazonas-Lideresas.jpg",788,1197,false],"thumbnail":["https:\/\/fetrib.com\/web\/wp-content\/uploads\/2026\/02\/Quedada-Amazonas-Lideresas-150x150.jpg",150,150,true],"medium":["https:\/\/fetrib.com\/web\/wp-content\/uploads\/2026\/02\/Quedada-Amazonas-Lideresas-197x300.jpg",197,300,true],"medium_large":["https:\/\/fetrib.com\/web\/wp-content\/uploads\/2026\/02\/Quedada-Amazonas-Lideresas-768x1167.jpg",620,942,true],"large":["https:\/\/fetrib.com\/web\/wp-content\/uploads\/2026\/02\/Quedada-Amazonas-Lideresas-674x1024.jpg",620,942,true],"1536x1536":["https:\/\/fetrib.com\/web\/wp-content\/uploads\/2026\/02\/Quedada-Amazonas-Lideresas.jpg",788,1197,false],"2048x2048":["https:\/\/fetrib.com\/web\/wp-content\/uploads\/2026\/02\/Quedada-Amazonas-Lideresas.jpg",788,1197,false],"tie-small":["https:\/\/fetrib.com\/web\/wp-content\/uploads\/2026\/02\/Quedada-Amazonas-Lideresas-70x70.jpg",70,70,true],"tie-large":["https:\/\/fetrib.com\/web\/wp-content\/uploads\/2026\/02\/Quedada-Amazonas-Lideresas-300x160.jpg",300,160,true],"slider":["https:\/\/fetrib.com\/web\/wp-content\/uploads\/2026\/02\/Quedada-Amazonas-Lideresas-620x330.jpg",620,330,true]},"uagb_author_info":{"display_name":"admin","author_link":"https:\/\/fetrib.com\/web\/author\/admin\/"},"uagb_comment_info":0,"uagb_excerpt":"L'activitat busca fomentar l'activitat esportiva i la pr\u00e0ctica del triatl\u00f3 entre les dones i joves de l'illa.","_links":{"self":[{"href":"https:\/\/fetrib.com\/web\/wp-json\/wp\/v2\/posts\/6514","targetHints":{"allow":["GET"]}}],"collection":[{"href":"https:\/\/fetrib.com\/web\/wp-json\/wp\/v2\/posts"}],"about":[{"href":"https:\/\/fetrib.com\/web\/wp-json\/wp\/v2\/types\/post"}],"author":[{"embeddable":true,"href":"https:\/\/fetrib.com\/web\/wp-json\/wp\/v2\/users\/1"}],"replies":[{"embeddable":true,"href":"https:\/\/fetrib.com\/web\/wp-json\/wp\/v2\/comments?post=6514"}],"version-history":[{"count":1,"href":"https:\/\/fetrib.com\/web\/wp-json\/wp\/v2\/posts\/6514\/revisions"}],"predecessor-version":[{"id":6516,"href":"https:\/\/fetrib.com\/web\/wp-json\/wp\/v2\/posts\/6514\/revisions\/6516"}],"wp:featuredmedia":[{"embeddable":true,"href":"https:\/\/fetrib.com\/web\/wp-json\/wp\/v2\/media\/6515"}],"wp:attachment":[{"href":"https:\/\/fetrib.com\/web\/wp-json\/wp\/v2\/media?parent=6514"}],"wp:term":[{"taxonomy":"category","embeddable":true,"href":"https:\/\/fetrib.com\/web\/wp-json\/wp\/v2\/categories?post=6514"},{"taxonomy":"post_tag","embeddable":true,"href":"https:\/\/fetrib.com\/web\/wp-json\/wp\/v2\/tags?post=6514"}],"curies":[{"name":"wp","href":"https:\/\/api.w.org\/{rel}","templated":true}]}}