{"id":6517,"date":"2026-02-20T14:15:27","date_gmt":"2026-02-20T14:15:27","guid":{"rendered":"https:\/\/fetrib.com\/web\/?p=6517"},"modified":"2026-02-20T16:46:48","modified_gmt":"2026-02-20T16:46:48","slug":"el-duatlo-sud-regressa-amb-mes-dun-centenar-de-participants","status":"publish","type":"post","link":"https:\/\/fetrib.com\/web\/2026\/02\/20\/el-duatlo-sud-regressa-amb-mes-dun-centenar-de-participants\/","title":{"rendered":"El Duatl\u00f3 SUD torna amb m\u00e9s d\u2019un centenar de participants"},"content":{"rendered":"\n<p>Aquest diumenge 22 de febrer tindr\u00e0 lloc el Duatl\u00f3 SUD que arriba amb forces renovades despr\u00e9s de l\u2019obligada cancel\u00b7laci\u00f3 del curs passat.<\/p>\n\n\n\n<p>La temporada de duatl\u00f3 balear agafa embranzida i despr\u00e9s d\u2019estrenar el curs amb el Campionat de Balears de contrarellotge per equips, aquest diumenge arriba el torn de la primera prova individual en el <strong>Duatl\u00f3 SUD<\/strong> que tindr\u00e0 lloc a la <strong>Col\u00f2nia de Sant Jordi<\/strong> (Ses Salines) i reunir\u00e0 a m\u00e9s d\u2019un centenar d\u2019esportistes.<\/p>\n\n\n\n<p>La competici\u00f3 es disputar\u00e0 en un format individual sobre una <strong>dist\u00e0ncia sprint<\/strong> on els participants hauran de rec\u00f3rrer una primera <strong>carrera a peu de 5.000m<\/strong>, un <strong>sector ciclista de 20K<\/strong> i una segona i definitiva <strong>carrera a peu de 2.500m<\/strong> on la gran novetat ser\u00e0 que la <strong>sortida i meta estar\u00e0 ubicada al parking de la pista d&#8217;atletisme de La Col\u00f2nia de Sant Jordi<\/strong>.<\/p>\n\n\n\n<p>L&#8217;esdeveniment, organitzat per la Federaci\u00f3 Balear de Triatl\u00f3 (FETRIB) i que compta amb la col\u00b7laboraci\u00f3 de l\u2019Ajuntament de Ses Salines arrencar\u00e0 a les <strong>9:30 hores<\/strong> amb el tret de sortida de la <strong>categoria absoluta i juvenil masculina<\/strong> i cinc minuts despr\u00e9s ser\u00e0 el torn de veure en acci\u00f3 a la <strong>categoria absoluta i juvenil femenina<\/strong> (<strong>9:35h<\/strong>).<\/p>\n\n\n\n<p>Posteriorment, els m\u00e9s joves es faran amb el protagonisme absolut i a partir de les <strong>11:30h<\/strong> es celebraran les competicions de <strong>categoria cadet i infantil<\/strong>. Tots ells s\u2019enfrontaran a una cursa en <strong>dist\u00e0ncia supersprint<\/strong> que constar\u00e0 d\u2019un primer <strong>sector a peu de 2.000m<\/strong>, un <strong>sector ciclista de 6.000m<\/strong> i una segona <strong>carrera a peu de 1.000 metres<\/strong>. A continuaci\u00f3, a les <strong>12:15h<\/strong> les <strong>proves escolars<\/strong> agafaran el relleu per a posar el colof\u00f3 final a la jornada.<\/p>\n\n\n\n<p>Tot est\u00e0 preparat a la Col\u00f2nia de Sant Jordi per viure una apassionant matinal esportiva on els esportistes posaran l\u2019emoci\u00f3 i l\u2019afici\u00f3 l\u2019animaci\u00f3 en un espai on regnar\u00e0 l\u2019ambient familiar.<\/p>\n","protected":false},"excerpt":{"rendered":"<p>Aquest diumenge 22 de febrer tindr\u00e0 lloc el Duatl\u00f3 SUD que arriba amb forces renovades despr\u00e9s de l\u2019obligada cancel\u00b7laci\u00f3 del curs passat. La temporada de duatl\u00f3 balear agafa embranzida i despr\u00e9s d\u2019estrenar el curs amb el Campionat de Balears de contrarellotge per equips, aquest diumenge arriba el torn de la primera prova individual en el &#8230;<\/p>\n","protected":false},"author":1,"featured_media":6435,"comment_status":"closed","ping_status":"open","sticky":false,"template":"","format":"standard","meta":{"_uag_custom_page_level_css":"","footnotes":""},"categories":[28,1,37],"tags":[103],"class_list":["post-6517","post","type-post","status-publish","format-standard","has-post-thumbnail","hentry","category-competiciones","category-general","category-latest-news","tag-duatlo-sud"],"uagb_featured_image_src":{"full":["https:\/\/fetrib.com\/web\/wp-content\/uploads\/2026\/01\/cartell-duatlo-SUD.png",848,1200,false],"thumbnail":["https:\/\/fetrib.com\/web\/wp-content\/uploads\/2026\/01\/cartell-duatlo-SUD-150x150.png",150,150,true],"medium":["https:\/\/fetrib.com\/web\/wp-content\/uploads\/2026\/01\/cartell-duatlo-SUD-212x300.png",212,300,true],"medium_large":["https:\/\/fetrib.com\/web\/wp-content\/uploads\/2026\/01\/cartell-duatlo-SUD-768x1087.png",620,878,true],"large":["https:\/\/fetrib.com\/web\/wp-content\/uploads\/2026\/01\/cartell-duatlo-SUD-724x1024.png",620,877,true],"1536x1536":["https:\/\/fetrib.com\/web\/wp-content\/uploads\/2026\/01\/cartell-duatlo-SUD.png",848,1200,false],"2048x2048":["https:\/\/fetrib.com\/web\/wp-content\/uploads\/2026\/01\/cartell-duatlo-SUD.png",848,1200,false],"tie-small":["https:\/\/fetrib.com\/web\/wp-content\/uploads\/2026\/01\/cartell-duatlo-SUD-70x70.png",70,70,true],"tie-large":["https:\/\/fetrib.com\/web\/wp-content\/uploads\/2026\/01\/cartell-duatlo-SUD-300x160.png",300,160,true],"slider":["https:\/\/fetrib.com\/web\/wp-content\/uploads\/2026\/01\/cartell-duatlo-SUD-620x330.png",620,330,true]},"uagb_author_info":{"display_name":"admin","author_link":"https:\/\/fetrib.com\/web\/author\/admin\/"},"uagb_comment_info":0,"uagb_excerpt":"Aquest diumenge 22 de febrer tindr\u00e0 lloc el Duatl\u00f3 SUD que arriba amb forces renovades despr\u00e9s de l\u2019obligada cancel\u00b7laci\u00f3 del curs passat. La temporada de duatl\u00f3 balear agafa embranzida i despr\u00e9s d\u2019estrenar el curs amb el Campionat de Balears de contrarellotge per equips, aquest diumenge arriba el torn de la primera prova individual en el&hellip;","_links":{"self":[{"href":"https:\/\/fetrib.com\/web\/wp-json\/wp\/v2\/posts\/6517","targetHints":{"allow":["GET"]}}],"collection":[{"href":"https:\/\/fetrib.com\/web\/wp-json\/wp\/v2\/posts"}],"about":[{"href":"https:\/\/fetrib.com\/web\/wp-json\/wp\/v2\/types\/post"}],"author":[{"embeddable":true,"href":"https:\/\/fetrib.com\/web\/wp-json\/wp\/v2\/users\/1"}],"replies":[{"embeddable":true,"href":"https:\/\/fetrib.com\/web\/wp-json\/wp\/v2\/comments?post=6517"}],"version-history":[{"count":2,"href":"https:\/\/fetrib.com\/web\/wp-json\/wp\/v2\/posts\/6517\/revisions"}],"predecessor-version":[{"id":6521,"href":"https:\/\/fetrib.com\/web\/wp-json\/wp\/v2\/posts\/6517\/revisions\/6521"}],"wp:featuredmedia":[{"embeddable":true,"href":"https:\/\/fetrib.com\/web\/wp-json\/wp\/v2\/media\/6435"}],"wp:attachment":[{"href":"https:\/\/fetrib.com\/web\/wp-json\/wp\/v2\/media?parent=6517"}],"wp:term":[{"taxonomy":"category","embeddable":true,"href":"https:\/\/fetrib.com\/web\/wp-json\/wp\/v2\/categories?post=6517"},{"taxonomy":"post_tag","embeddable":true,"href":"https:\/\/fetrib.com\/web\/wp-json\/wp\/v2\/tags?post=6517"}],"curies":[{"name":"wp","href":"https:\/\/api.w.org\/{rel}","templated":true}]}}