{"id":6538,"date":"2026-02-22T19:10:37","date_gmt":"2026-02-22T19:10:37","guid":{"rendered":"https:\/\/fetrib.com\/web\/?p=6538"},"modified":"2026-02-22T19:13:03","modified_gmt":"2026-02-22T19:13:03","slug":"jaume-florit-i-johanna-janik-simposen-en-el-duatlo-sud-en-la-colonia-de-sant-jordi","status":"publish","type":"post","link":"https:\/\/fetrib.com\/web\/2026\/02\/22\/jaume-florit-i-johanna-janik-simposen-en-el-duatlo-sud-en-la-colonia-de-sant-jordi\/","title":{"rendered":"Jaume Florit i Johanna Janik s&#8217;imposen en el Duatl\u00f3 SUD en la Col\u00f2nia de Sant Jordi"},"content":{"rendered":"\n<p><strong>Jaume Florit<\/strong> (RDS Triatl\u00f3) i la veterana <strong>Johanna Janik<\/strong> (Club Marathon Mallorca) es van imposar aquest 22 de febrer en el <strong>Duatl\u00f3 SUD<\/strong> disputat en la <strong>Col\u00f2nia de Sant Jordi<\/strong> amb el qual es donava el tret de sortida a les proves individuals dins de l&#8217;agenda balear. Una jornada especial per a un escenari emblem\u00e0tic que recuperava aquest duatl\u00f3 despr\u00e9s de dos anys d&#8217;abs\u00e8ncia en el calendari i en el qual m\u00e9s d&#8217;un centenar d&#8217;esportistes van prendre part.<\/p>\n\n\n\n<div class=\"wp-block-uagb-advanced-heading uagb-block-e15a8b2e\"><h2 class=\"uagb-heading-text\"><strong>FLORIT ES FA AMB LA VICT\u00d2RIA GR\u00c0CIES A LA SEVA CARRERA A PEU FINAL<\/strong><\/h2><\/div>\n\n\n\n<p><strong>Jaume Florit<\/strong> (57:23) es feia amb la vict\u00f2ria en categoria masculina per davant de <strong>Jorge Morcillo<\/strong> (58:05) i de <strong>Biel Forteza<\/strong> (58:41) en una carrera amb din\u00e0miques molt marcades en la qual la T1 i la segona carrera a peu van ser determinants per al resultat final.<\/p>\n\n\n\n<p>Donant mostres de la seva fortalesa, <strong>els tres homes que acabarien pujant-se al podi llan\u00e7aven la prova des dels primers compassos<\/strong>, sent Forteza dels tres qui encap\u00e7al\u00e9s l&#8217;entrada en la primera transici\u00f3 amb una <strong>renda de poc m\u00e9s de quatre segons sobre Toni Autonell<\/strong> i <strong>una mica m\u00e9s de 20 segons d&#8217;avantatges sobre el trio persecutori<\/strong> que van conformar en aquest moment <strong>Albert Rodas, Borja Pal\u00e8ncia i Jos\u00e9 Gonz\u00e1lez<\/strong>.<\/p>\n\n\n\n<p>No obstant aix\u00f2, uns <strong>problemes mec\u00e0nics de Forteza<\/strong> entre la transici\u00f3 i els primers metres del sector de la bicicleta li baixaven del cap i abocaven a la carrera a viure una <strong>lluita en solitari pel triomf entre Florit i Morcillo<\/strong> els qui es baixaven junts de les dues rodes abans d&#8217;afrontar els definitius 2.500m a peu.<\/p>\n\n\n\n<p>Amb les sabatilles posades, <strong>Jaume Florit no va tenir rival i es feia c\u00f2modament amb la vict\u00f2ria<\/strong>. Darrera, <strong>Jorge Morcillo<\/strong> assegurava sense problemes la seva segona posici\u00f3. En canvi, <strong>l&#8217;\u00faltim gra\u00f3 del podi oferia una emocionant baralla<\/strong> entre els dos homes que m\u00e9s r\u00e0pid anaven a cobrir l&#8217;\u00faltim segment: Borja Pal\u00e8ncia (quart amb 58:48) i un <strong>Biel Forteza<\/strong> que <strong>resistia i treia el seu millor pas per a emportar-se el bronze<\/strong> per tot just set segons en una prova en la que en 2023 ja havia estat segon.<\/p>\n\n\n\n<figure class=\"wp-block-image size-large\"><img loading=\"lazy\" decoding=\"async\" width=\"768\" height=\"1024\" src=\"https:\/\/fetrib.com\/web\/wp-content\/uploads\/2026\/02\/639005047_1226004335832956_2857612946756357388_n-1-768x1024.jpg\" alt=\"\" class=\"wp-image-6540\" srcset=\"https:\/\/fetrib.com\/web\/wp-content\/uploads\/2026\/02\/639005047_1226004335832956_2857612946756357388_n-1-768x1024.jpg 768w, https:\/\/fetrib.com\/web\/wp-content\/uploads\/2026\/02\/639005047_1226004335832956_2857612946756357388_n-1-225x300.jpg 225w, https:\/\/fetrib.com\/web\/wp-content\/uploads\/2026\/02\/639005047_1226004335832956_2857612946756357388_n-1-1152x1536.jpg 1152w, https:\/\/fetrib.com\/web\/wp-content\/uploads\/2026\/02\/639005047_1226004335832956_2857612946756357388_n-1.jpg 1200w\" sizes=\"auto, (max-width: 768px) 100vw, 768px\" \/><\/figure>\n\n\n\n<div class=\"wp-block-uagb-advanced-heading uagb-block-13fa5216\"><h2 class=\"uagb-heading-text\"><strong>JOHANNA JANIK, UN TRIOMF FORJAT SOBRE LA BICI<\/strong><\/h2><\/div>\n\n\n\n<p>En categoria femenina, <strong>Johanna Janik<\/strong> (1.10:41) va dominar gaireb\u00e9 de principi a fi per a guanyar a plaer, superant a <strong>Ana Mart\u00ednez<\/strong> (1.12:47) i <strong>Dolores Fern\u00e1ndez<\/strong> (1.13:08).<\/p>\n\n\n\n<p>La duatleta del Club Marathon Mallorca <strong>va fer del seu cop de pedal el seu millor aliat<\/strong> per a guanyar-se aqu\u00ed una renda de m\u00e9s de dos minuts i <strong>desfer-se en el segment ciclista de Fern\u00e1ndez<\/strong> (CE Global Training), l&#8217;\u00fanica rival que havia estat capa\u00e7 de mantenir el seu pas en la primera carrera a peu. Despr\u00e9s d&#8217;aix\u00f2, es va encaminar directa a la vict\u00f2ria.<\/p>\n\n\n\n<p>Per darrera, <strong>Ana Mart\u00ednez<\/strong> (CE Triilles) <strong>anava de menys a m\u00e9s<\/strong> i, despr\u00e9s de recuperar el temps perdut amb Fern\u00e1ndez en la primera carrera a peu en la T1, ambdues van lliurar un cara a cara en el qual de nou la T2 seria crucial, brindant a la del CE Triilles un avantatge \u00ednfim que posteriorment consolidaria a peu fins a travessar la meta. <strong>Dolores Fern\u00e1ndez<\/strong> signava la tercera pla\u00e7a.<\/p>\n\n\n\n<figure class=\"wp-block-image size-large\"><img loading=\"lazy\" decoding=\"async\" width=\"768\" height=\"1024\" src=\"https:\/\/fetrib.com\/web\/wp-content\/uploads\/2026\/02\/636816834_1598468871484095_86665607797847984_n-1-768x1024.jpg\" alt=\"\" class=\"wp-image-6541\" srcset=\"https:\/\/fetrib.com\/web\/wp-content\/uploads\/2026\/02\/636816834_1598468871484095_86665607797847984_n-1-768x1024.jpg 768w, https:\/\/fetrib.com\/web\/wp-content\/uploads\/2026\/02\/636816834_1598468871484095_86665607797847984_n-1-225x300.jpg 225w, https:\/\/fetrib.com\/web\/wp-content\/uploads\/2026\/02\/636816834_1598468871484095_86665607797847984_n-1-1152x1536.jpg 1152w, https:\/\/fetrib.com\/web\/wp-content\/uploads\/2026\/02\/636816834_1598468871484095_86665607797847984_n-1.jpg 1200w\" sizes=\"auto, (max-width: 768px) 100vw, 768px\" \/><\/figure>\n\n\n\n<div class=\"wp-block-uagb-advanced-heading uagb-block-ebbd9671\"><h2 class=\"uagb-heading-text\"><strong>EL JOVENT TREPITJA FORT EN LA COL\u00d2NIA DE SANT JORDI<\/strong><\/h2><\/div>\n\n\n\n<p>Despr\u00e9s de la finalitzaci\u00f3 de la competici\u00f3 \u00e8lit va ser el torn de les <strong>categories de formaci\u00f3<\/strong> on ha destacat la prova masculina en <strong>dist\u00e0ncia supersprint<\/strong> en la qual han brillat amb llum pr\u00f2pia <strong>Miquel Cap\u00f3<\/strong> (29:09) i <strong>Pau Luque<\/strong> (29:10) del Malift Mallorcatrail, dues <strong>promeses infantils<\/strong> (2013) del triatl\u00f3 balear que s&#8217;han imposat als joves en edat cadet als quals s&#8217;enfrontaven. <strong>Miquel Mas<\/strong> (30:50) del Triatlo Porto Colom Herbes era el millor cadet.<\/p>\n\n\n\n<p>No eren els \u00fanics a demostrar la seva qualitat, tamb\u00e9 ho feien les seves hom\u00f2logues femenines, sent la cadet <strong>Claudia Fern\u00e1ndez<\/strong> (33:03) del CE Triacademy la millor del dia, mentre que en categoria infantil ho era <strong>Laia Serra<\/strong> (36:47) del CA Joan Comes Sa Pobla.<\/p>\n\n\n\n<p>Posteriorment, va tenir lloc el moment reservat per als m\u00e9s petits i les <strong>proves escolars<\/strong>, on nens i nenes d&#8217;edats compreses entre categoria Alev\u00ed i Prebenjam\u00ed han gaudit d&#8217;una jornada plena de diversi\u00f3 i esport.<\/p>\n\n\n\n<div class=\"wp-block-uagb-advanced-heading uagb-block-12323206\"><h2 class=\"uagb-heading-text\"><strong>DUATL\u00d3 SUD 2026, UN RETORN PER LA PORTA GRAN<\/strong><\/h2><\/div>\n\n\n\n<p>Despr\u00e9s de dos anys d&#8217;abs\u00e8ncia, el retorn del Duatl\u00f3 SUD es tanca amb un balan\u00e7 enormement positiu en el qual la nova localitzaci\u00f3 i el seu renovat circuit ha estat lloat tant pels participants com pel p\u00fablic assistent. Totes dues parts han destacat que l&#8217;actual tra\u00e7at ha perm\u00e8s una major proximitat amb els esportistes generant un ambient m\u00e9s c\u00e0lid, facilitant que els duatletes rebessin de manera v\u00edvida l&#8217;al\u00e8 de l&#8217;aficionat i aquests poguessin veure&#8217;ls i animar-los de forma m\u00e9s reiterada.<\/p>\n\n\n\n<p>Des de l&#8217;organitzaci\u00f3 tamb\u00e9 han volgut agra\u00efr el recolzament i comprom\u00eds de l&#8217;ajuntament de Ses Salines envers el Duatl\u00f3 SUD i que el retorn d&#8217;aquest fos una realitat, posant especial \u00e8mfasi en la figura del seu batle, Guillem Mas, i en la del regidor d&#8217;esports, Miquel Rigo. Aix\u00ed mateix, volen estendre la seva gratitud envers el Consell Insular de Mallorca per la seva implicaci\u00f3 i suport de les proves escolars.<\/p>\n\n\n\n<p>M\u00e9s imatges de DUATL\u00d3 SUD 2026, <strong><a href=\"https:\/\/fetrib.com\/web\/2026\/02\/22\/galeria-imatges-duatlo-sud-2026\/\">aqu\u00ed<\/a><\/strong>.<\/p>\n","protected":false},"excerpt":{"rendered":"<p>Jaume Florit i  Johanna Janik guanyen en el Duatl\u00f3 SUD 2026 que tornava al calendari despr\u00e9s de dos anys d&#8217;abs\u00e8ncia.<\/p>\n","protected":false},"author":1,"featured_media":6533,"comment_status":"closed","ping_status":"open","sticky":false,"template":"","format":"standard","meta":{"_uag_custom_page_level_css":"","footnotes":""},"categories":[28,1,37],"tags":[103,120,121],"class_list":["post-6538","post","type-post","status-publish","format-standard","has-post-thumbnail","hentry","category-competiciones","category-general","category-latest-news","tag-duatlo-sud","tag-jaume-florit","tag-johanna-janik"],"uagb_featured_image_src":{"full":["https:\/\/fetrib.com\/web\/wp-content\/uploads\/2026\/02\/628513686_1432304668567792_9101268158214560388_n.jpg",1200,1600,false],"thumbnail":["https:\/\/fetrib.com\/web\/wp-content\/uploads\/2026\/02\/628513686_1432304668567792_9101268158214560388_n-150x150.jpg",150,150,true],"medium":["https:\/\/fetrib.com\/web\/wp-content\/uploads\/2026\/02\/628513686_1432304668567792_9101268158214560388_n-225x300.jpg",225,300,true],"medium_large":["https:\/\/fetrib.com\/web\/wp-content\/uploads\/2026\/02\/628513686_1432304668567792_9101268158214560388_n-768x1024.jpg",620,827,true],"large":["https:\/\/fetrib.com\/web\/wp-content\/uploads\/2026\/02\/628513686_1432304668567792_9101268158214560388_n-768x1024.jpg",620,827,true],"1536x1536":["https:\/\/fetrib.com\/web\/wp-content\/uploads\/2026\/02\/628513686_1432304668567792_9101268158214560388_n-1152x1536.jpg",1152,1536,true],"2048x2048":["https:\/\/fetrib.com\/web\/wp-content\/uploads\/2026\/02\/628513686_1432304668567792_9101268158214560388_n.jpg",1200,1600,false],"tie-small":["https:\/\/fetrib.com\/web\/wp-content\/uploads\/2026\/02\/628513686_1432304668567792_9101268158214560388_n-70x70.jpg",70,70,true],"tie-large":["https:\/\/fetrib.com\/web\/wp-content\/uploads\/2026\/02\/628513686_1432304668567792_9101268158214560388_n-300x160.jpg",300,160,true],"slider":["https:\/\/fetrib.com\/web\/wp-content\/uploads\/2026\/02\/628513686_1432304668567792_9101268158214560388_n-620x330.jpg",620,330,true]},"uagb_author_info":{"display_name":"admin","author_link":"https:\/\/fetrib.com\/web\/author\/admin\/"},"uagb_comment_info":0,"uagb_excerpt":"Jaume Florit i Johanna Janik guanyen en el Duatl\u00f3 SUD 2026 que tornava al calendari despr\u00e9s de dos anys d'abs\u00e8ncia.","_links":{"self":[{"href":"https:\/\/fetrib.com\/web\/wp-json\/wp\/v2\/posts\/6538","targetHints":{"allow":["GET"]}}],"collection":[{"href":"https:\/\/fetrib.com\/web\/wp-json\/wp\/v2\/posts"}],"about":[{"href":"https:\/\/fetrib.com\/web\/wp-json\/wp\/v2\/types\/post"}],"author":[{"embeddable":true,"href":"https:\/\/fetrib.com\/web\/wp-json\/wp\/v2\/users\/1"}],"replies":[{"embeddable":true,"href":"https:\/\/fetrib.com\/web\/wp-json\/wp\/v2\/comments?post=6538"}],"version-history":[{"count":2,"href":"https:\/\/fetrib.com\/web\/wp-json\/wp\/v2\/posts\/6538\/revisions"}],"predecessor-version":[{"id":6545,"href":"https:\/\/fetrib.com\/web\/wp-json\/wp\/v2\/posts\/6538\/revisions\/6545"}],"wp:featuredmedia":[{"embeddable":true,"href":"https:\/\/fetrib.com\/web\/wp-json\/wp\/v2\/media\/6533"}],"wp:attachment":[{"href":"https:\/\/fetrib.com\/web\/wp-json\/wp\/v2\/media?parent=6538"}],"wp:term":[{"taxonomy":"category","embeddable":true,"href":"https:\/\/fetrib.com\/web\/wp-json\/wp\/v2\/categories?post=6538"},{"taxonomy":"post_tag","embeddable":true,"href":"https:\/\/fetrib.com\/web\/wp-json\/wp\/v2\/tags?post=6538"}],"curies":[{"name":"wp","href":"https:\/\/api.w.org\/{rel}","templated":true}]}}