{"id":6547,"date":"2026-02-26T18:38:52","date_gmt":"2026-02-26T18:38:52","guid":{"rendered":"https:\/\/fetrib.com\/web\/?p=6547"},"modified":"2026-02-26T18:38:52","modified_gmt":"2026-02-26T18:38:52","slug":"total-tri-mallorca-a-50-dorsals-del-sold-out-a-un-mes-de-la-cita","status":"publish","type":"post","link":"https:\/\/fetrib.com\/web\/2026\/02\/26\/total-tri-mallorca-a-50-dorsals-del-sold-out-a-un-mes-de-la-cita\/","title":{"rendered":"TOTAL TRI MALLORCA a 50 dorsals del \u2018sold out\u2019 a un mes de la cita"},"content":{"rendered":"\n<p><strong>Total Tri Mallorca <\/strong>continua cremant etapes i mancant <strong>quatre setmanes per a la seva celebraci\u00f3<\/strong> el pr\u00f2xim <strong>29 de mar\u00e7<\/strong> la prova que tindr\u00e0 l&#8217;honor de donar el tret de sortida al calendari del triatl\u00f3 europeu popular f<strong>rega el \u2018sold out<\/strong>\u2019 despr\u00e9s de <strong>superar els 400 inscrits<\/strong>.<\/p>\n\n\n\n<p>Aquesta xifra suposa un recolzament per a l&#8217;esdeveniment que, despr\u00e9s de <strong>veure&#8217;s obligat a posposar la XIV edici\u00f3 a causa de les inclem\u00e8ncies meteorol\u00f2giques que van assotar l&#8217;illa a l&#8217;octubre de 2025 i traslladar-la a la primavera de 2026<\/strong>, veu el seu treball recompensat amb la fidelitat dels seus triatletes, els qui no han dubtat a tornar a la cita amb Total Tri Mallorca en la seva nova data.<\/p>\n\n\n\n<p>A ells, se suma ja un altre centenar nou d&#8217;esportistes que, animats per la seva <strong>nova ubicaci\u00f3 en el calendari,<\/strong> els enclavaments paradis\u00edacs del seu recorregut, l&#8217;\u00e0mplia diversitat de dist\u00e0ncies que ofereix o el bon ambient que es respira han donat el seu \u2018s\u00ed\u2019 a ser presents en la l\u00ednia de sortida i fer-se aix\u00ed amb una de les 150 places extres que va expedir l&#8217;organitzaci\u00f3 per a 2026. Amb ja <strong>\u00fanicament 50 dorsals disponibles<\/strong>, Total Tri Mallorca arrenca el seu compte enrere cap al \u2018sold out\u2019 i supera amb escreix les xifres de 2024.<\/p>\n\n\n\n<p>Aquest creixement exponencial posiciona a Total Tri Mallorca com un referent en el calendari auton\u00f2mic, nacional i europeu afavorit per una \u2018start list\u2019 on el corredor local i el triatleta internacional s&#8217;entrellacen de manera harm\u00f2nica en l&#8217;entorn.<\/p>\n\n\n\n<div class=\"wp-block-uagb-advanced-heading uagb-block-95cdb632\"><h2 class=\"uagb-heading-text\"><strong>TOTAL TRI MALLORCA ESTRENA \u2018CASA\u2019<\/strong><\/h2><\/div>\n\n\n\n<p>L&#8217;esdeveniment compta amb el suport de l&#8217;Ajuntament de Santany\u00ed, aix\u00ed com el de la Fundaci\u00f3 Turisme Responsable de Mallorca i Turisme illes Balears i una important llista de patrocinadors la col\u00b7laboraci\u00f3 dels quals resulta imprescindible per a brindar la millor experi\u00e8ncia a uns atletes que, despr\u00e9s de quedar-se amb la mel en els llavis el curs passat, enguany s\u00ed que <strong>estrenaran sector aqu\u00e0tic en les aig\u00fces cristal\u00b7lines de Cala d\u2019Or<\/strong>, s&#8217;empla\u00e7aran de nou una bicicleta en la qual les llargues rectes s&#8217;alternaran amb els camins t\u00edpics mallorquins i amb una carrera a peu on el pla, les pujades i les baixades es combinaran fins a travessar la meta.<\/p>\n\n\n\n<div class=\"wp-block-uagb-advanced-heading uagb-block-25f8c147\"><h2 class=\"uagb-heading-text\"><strong>DIST\u00c0NCIES PER A TOTS ELS TRIATLETES<\/strong><\/h2><\/div>\n\n\n\n<p>El ventall de dist\u00e0ncies que ofereix Total Tri Mallorca tornar\u00e0 a ser una temporada m\u00e9s una de les claus d&#8217;un esdeveniment que cobreix tots els fronts i objectius: des de l&#8217;explosiva per\u00f2 tamb\u00e9 ideal per a novells distancia <strong>Small<\/strong>; passant per la cl\u00e0ssica <strong>Ol\u00edmpic<\/strong>; fins a la mitjana dist\u00e0ncia amb <strong>1\/3 de Full<\/strong>; sense oblidar la modalitat de <strong>relleus<\/strong>. Uns reptes que esperen a posar nom als seus cinquanta \u00faltims participants.<\/p>\n\n\n\n<div class=\"wp-block-uagb-advanced-heading uagb-block-6853f31d\"><h2 class=\"uagb-heading-text\"><strong>DARRERS 50 DORSALS DISPONIBLES<\/strong><\/h2><\/div>\n\n\n\n<p>Amb el ritme actual d&#8217;inscripcions, l&#8217;organitzaci\u00f3 aspira a esgotar els \u00faltims dorsals disponibles i rubricar el \u2018tot venut\u2019 abans del tancament de les inscripcions datat per al pr\u00f2xim 20 de mar\u00e7. No obstant aix\u00f2, es recomana als atletes interessats realitzar el seu registre com m\u00e9s aviat millor a causa de la demanda i tamb\u00e9 per a aconseguir-ho al preu m\u00e9s econ\u00f2mic ja que <strong>la tarifa d&#8217;inscripci\u00f3 canviar\u00e0 despr\u00e9s de l&#8217;1 de mar\u00e7<\/strong>.<\/p>\n\n\n\n<p>Les inscripcions romanen obertes<strong><a href=\"https:\/\/www.elitechip.net\/index.php?zwshow=compdet&amp;idcomp=7011766\" data-type=\"link\" data-id=\"https:\/\/www.elitechip.net\/index.php?zwshow=compdet&amp;idcomp=7011766\"> aqu\u00ed<\/a><\/strong>.<\/p>\n\n\n\n<p><\/p>\n","protected":false},"excerpt":{"rendered":"<p>Total Tri Mallorca continua cremant etapes i mancant quatre setmanes per a la seva celebraci\u00f3 el pr\u00f2xim 29 de mar\u00e7 la prova que tindr\u00e0 l&#8217;honor de donar el tret de sortida al calendari del triatl\u00f3 europeu popular frega el \u2018sold out\u2019 despr\u00e9s de superar els 400 inscrits. Aquesta xifra suposa un recolzament per a l&#8217;esdeveniment &#8230;<\/p>\n","protected":false},"author":2,"featured_media":6549,"comment_status":"closed","ping_status":"open","sticky":false,"template":"","format":"standard","meta":{"_uag_custom_page_level_css":"","footnotes":""},"categories":[1,37],"tags":[122],"class_list":["post-6547","post","type-post","status-publish","format-standard","has-post-thumbnail","hentry","category-general","category-latest-news","tag-total-tri-mallorca"],"uagb_featured_image_src":{"full":["https:\/\/fetrib.com\/web\/wp-content\/uploads\/2026\/02\/TOTALTRIMALLORCA-ultimos-dorsales.jpg",1290,860,false],"thumbnail":["https:\/\/fetrib.com\/web\/wp-content\/uploads\/2026\/02\/TOTALTRIMALLORCA-ultimos-dorsales-150x150.jpg",150,150,true],"medium":["https:\/\/fetrib.com\/web\/wp-content\/uploads\/2026\/02\/TOTALTRIMALLORCA-ultimos-dorsales-300x200.jpg",300,200,true],"medium_large":["https:\/\/fetrib.com\/web\/wp-content\/uploads\/2026\/02\/TOTALTRIMALLORCA-ultimos-dorsales-768x512.jpg",620,413,true],"large":["https:\/\/fetrib.com\/web\/wp-content\/uploads\/2026\/02\/TOTALTRIMALLORCA-ultimos-dorsales-1024x683.jpg",620,414,true],"1536x1536":["https:\/\/fetrib.com\/web\/wp-content\/uploads\/2026\/02\/TOTALTRIMALLORCA-ultimos-dorsales.jpg",1290,860,false],"2048x2048":["https:\/\/fetrib.com\/web\/wp-content\/uploads\/2026\/02\/TOTALTRIMALLORCA-ultimos-dorsales.jpg",1290,860,false],"tie-small":["https:\/\/fetrib.com\/web\/wp-content\/uploads\/2026\/02\/TOTALTRIMALLORCA-ultimos-dorsales-70x70.jpg",70,70,true],"tie-large":["https:\/\/fetrib.com\/web\/wp-content\/uploads\/2026\/02\/TOTALTRIMALLORCA-ultimos-dorsales-300x160.jpg",300,160,true],"slider":["https:\/\/fetrib.com\/web\/wp-content\/uploads\/2026\/02\/TOTALTRIMALLORCA-ultimos-dorsales-620x330.jpg",620,330,true]},"uagb_author_info":{"display_name":"info@sinfrenos.es","author_link":"https:\/\/fetrib.com\/web\/author\/infosinfrenos-es\/"},"uagb_comment_info":0,"uagb_excerpt":"Total Tri Mallorca continua cremant etapes i mancant quatre setmanes per a la seva celebraci\u00f3 el pr\u00f2xim 29 de mar\u00e7 la prova que tindr\u00e0 l&#8217;honor de donar el tret de sortida al calendari del triatl\u00f3 europeu popular frega el \u2018sold out\u2019 despr\u00e9s de superar els 400 inscrits. Aquesta xifra suposa un recolzament per a l&#8217;esdeveniment&hellip;","_links":{"self":[{"href":"https:\/\/fetrib.com\/web\/wp-json\/wp\/v2\/posts\/6547","targetHints":{"allow":["GET"]}}],"collection":[{"href":"https:\/\/fetrib.com\/web\/wp-json\/wp\/v2\/posts"}],"about":[{"href":"https:\/\/fetrib.com\/web\/wp-json\/wp\/v2\/types\/post"}],"author":[{"embeddable":true,"href":"https:\/\/fetrib.com\/web\/wp-json\/wp\/v2\/users\/2"}],"replies":[{"embeddable":true,"href":"https:\/\/fetrib.com\/web\/wp-json\/wp\/v2\/comments?post=6547"}],"version-history":[{"count":1,"href":"https:\/\/fetrib.com\/web\/wp-json\/wp\/v2\/posts\/6547\/revisions"}],"predecessor-version":[{"id":6550,"href":"https:\/\/fetrib.com\/web\/wp-json\/wp\/v2\/posts\/6547\/revisions\/6550"}],"wp:featuredmedia":[{"embeddable":true,"href":"https:\/\/fetrib.com\/web\/wp-json\/wp\/v2\/media\/6549"}],"wp:attachment":[{"href":"https:\/\/fetrib.com\/web\/wp-json\/wp\/v2\/media?parent=6547"}],"wp:term":[{"taxonomy":"category","embeddable":true,"href":"https:\/\/fetrib.com\/web\/wp-json\/wp\/v2\/categories?post=6547"},{"taxonomy":"post_tag","embeddable":true,"href":"https:\/\/fetrib.com\/web\/wp-json\/wp\/v2\/tags?post=6547"}],"curies":[{"name":"wp","href":"https:\/\/api.w.org\/{rel}","templated":true}]}}