{"id":6554,"date":"2026-03-02T18:41:29","date_gmt":"2026-03-02T18:41:29","guid":{"rendered":"https:\/\/fetrib.com\/web\/?p=6554"},"modified":"2026-03-02T18:50:06","modified_gmt":"2026-03-02T18:50:06","slug":"maria-barcelo-i-bartomeu-caldentey-lideren-una-gran-actuacio-balear-al-campionat-despanya-de-duatlo-i-duatlo-paralimpic","status":"publish","type":"post","link":"https:\/\/fetrib.com\/web\/2026\/03\/02\/maria-barcelo-i-bartomeu-caldentey-lideren-una-gran-actuacio-balear-al-campionat-despanya-de-duatlo-i-duatlo-paralimpic\/","title":{"rendered":"Mireia Caldentey i Bartomeu Caldentey lideren una gran actuaci\u00f3 balear al Campionat d&#8217;Espanya de Duatl\u00f3 i Duatl\u00f3 Paral\u00edmpic"},"content":{"rendered":"\n<p>Aquest cap de setmana s&#8217;ha celebrat una de les grans cites del calendari nacional amb la disputa a C\u00e0ceres dels <strong>Campionat d&#8217;Espanya de Duatl\u00f3<\/strong> i el <strong>Campionat d&#8217;Espanya de Duatl\u00f3 Paral\u00edmpic<\/strong>. Una cita en la qual les illes Balears han comptat amb una gran representaci\u00f3 de <strong>16 duatletas<\/strong> entre totes les categories i en la qual els nostres esportistes han rendit a gran nivell despr\u00e9s d&#8217;aconseguir <strong>quatre medalles<\/strong>.<\/p>\n\n\n\n<div class=\"wp-block-uagb-advanced-heading uagb-block-c5429798\"><h2 class=\"uagb-heading-text\"><strong>BARTOMEU CALDENTEY, SUBCAMPI\u00d3 EN CATEGORIA PTS4<\/strong><\/h2><\/div>\n\n\n\n<p>L&#8217;inici de la jornada sabatina va reportar la primera gran not\u00edcia per a l&#8217;esport balear, quan el nostre \u00fanic representant <strong>Bartomeu Caldentey <\/strong>(Triatl\u00f3 Portocolom) es va penjar la <strong>medalla de bronze<\/strong> en <strong>categoria PTS4<\/strong> al <strong>Campionat d&#8217;Espanya de Duatl\u00f3 Paral\u00edmpic<\/strong>. El jove de 23 anys obrir la veda a un dia en qu\u00e8 encara restava un altre podi m\u00e9s a festejar.<\/p>\n\n\n\n<div class=\"wp-block-uagb-advanced-heading uagb-block-3e92d359\"><h2 class=\"uagb-heading-text\"><strong>BARCEL\u00d3 &amp; SBERT LES MILLLORS EN CATEGORIA \u00c8LIT<\/strong><\/h2><\/div>\n\n\n\n<p>Hores despr\u00e9s, el duatl\u00f3 paral\u00edmpic va donar pas al <strong>Campionat d&#8217;Espanya de Duatl\u00f3 <\/strong>i a una competici\u00f3 on les dones van carregar amb el pes competitiu de la representaci\u00f3 balear.<\/p>\n\n\n\n<p><strong>Mar\u00eda Barcel\u00f3<\/strong> (Deporama Triatl\u00f3n Soriano) i <strong>Mar\u00eda Sbert<\/strong> (Pe\u00f1ota Dental Alusigma) van ser les nostres representants i ambdues van signar una s\u00f2lida actuaci\u00f3 que els va portar a <strong>fregar el TOP10 i el TOP20<\/strong> respectivament. En el cas de <strong>Barcel\u00f3,<\/strong> ella va ser una de les dones m\u00e9s implicades en la persecuci\u00f3 del quartet davanter i el seu bon estat de forma li va permetre ser <strong>onzena en un grup amb molt\u00edssim nivell<\/strong> i ser <strong>quarta en categoria sub&#8217;23<\/strong>. A m\u00e9s, va ser <strong>part imprescindible del tercer lloc i podi per equips del Deporama Triatl\u00f3n Soriano<\/strong>. Per la seva part, <strong>Sbert<\/strong> va acabar en <strong>21a posici\u00f3<\/strong>.<\/p>\n\n\n\n<p>M\u00e9s discreta va ser l&#8217;actuaci\u00f3 en <strong>l&#8217;\u00e8lit masculina<\/strong> on el millor de nostres va ser <strong>Miquel \u00c0ngel Cap\u00f3<\/strong> (Saltoki Trikideak) qui va finalitzar en <strong>38a posici\u00f3<\/strong> despr\u00e9s de moure&#8217;s en tot moment entre el tercer grup del dia i el gran pelot\u00f3 perseguidor que es va formar durant el segment ciclista. A m\u00e9s, <strong>Antoni Juan<\/strong> (C.E.A. B\u00e9tera) va acabar <strong>62\u00e8<\/strong> despr\u00e9s d&#8217;haver-se situat en la part davantera de la prova en els compassos inicials de la competici\u00f3n, mentre que <strong>Joan Ferrer<\/strong> (Triatl\u00f3n Ferrol) va tancar la seva participaci\u00f3 en <strong>70a pla\u00e7a<\/strong>.<\/p>\n\n\n\n<div class=\"wp-block-uagb-advanced-heading uagb-block-ea6f84b5\"><h2 class=\"uagb-heading-text\"><strong>MIREIA CALDENTEY I GRACIA HEVIA, UNES JUVENILS D&#8217;ARGENT I XOCOLATA AMB MOLT DE FUTUR<\/strong><\/h2><\/div>\n\n\n\n<p>Mateix patr\u00f3 es va seguir el diumenge en <strong>categoria juvenil<\/strong> on van ser les nostres joves les encarregades de donar dues grans alegries del moment i demostrar que hi ha futur a les illes. <strong>Mireia Caldentey<\/strong> (C.E.A. B\u00e9tera) es va convertir en la <strong>nova subcampiona Espanya<\/strong> despr\u00e9s de lliurar una emocionant batalla per l&#8217;or amb Eva Fresneda. No obstant aix\u00f2, el millor final de carrera a peu de la seva rival, li va privar de la gl\u00f2ria. Just per darrere, <strong>Gracia Hevia<\/strong> (C.E.A. B\u00e9tera) aconseguia una excel\u00b7lent <strong>quarta posici\u00f3<\/strong> despr\u00e9s de lluitar per la medalla de bronze fins a l&#8217;\u00faltim tram a peu.<\/p>\n\n\n\n<p>En clau masculina, <strong>Toni Autonell<\/strong> (C.E Triacademy) va ser l&#8217;\u00fanic en creuar la meta, i ho va fer en 35\u00b0 lloc.<\/p>\n\n\n\n<div class=\"wp-block-uagb-advanced-heading uagb-block-4d589a62\"><h2 class=\"uagb-heading-text\"><strong>DOS MEDALLES EN ELS GGEE<\/strong><\/h2><\/div>\n\n\n\n<p>Despr\u00e9s va arribar el torn per als diferents Grups d&#8217;Edat (GGEE) on les illes Balears va sumar un total de dues medalles en dist\u00e0ncia est\u00e0ndard: una de <strong>plata a c\u00e0rrec d&#8217;Adri\u00e1n Miralles<\/strong> (M25-29) i una altra de <strong>bronze a c\u00e0rrec d&#8217;Antoni Comes<\/strong> (M35-39). No vam c\u00f3rrer aquesta mateixa sort en la dist\u00e0ncia sprint on ens vam anar de buit. <strong>No vam tenir representants femenines en cap de les dist\u00e0ncies dels GGEE.<\/strong><\/p>\n\n\n\n<p><strong>STD MASCUL\u00cd M25-29<\/strong><\/p>\n\n\n\n<p><strong>2. Adri\u00e1n Miralles <\/strong>(Club Atletisme Joan Comes Sa Pobla)<\/p>\n\n\n\n<p><strong>STD MASCUL\u00cd M35-39<\/strong><\/p>\n\n\n\n<p><strong>3. Antoni Comes<\/strong> (Club Atletisme Joan Comes Sa Pobla)<\/p>\n\n\n\n<p>12. Antonio Rubert (Club Atletisme Joan Comes Sa Pobla)<\/p>\n\n\n\n<p><\/p>\n","protected":false},"excerpt":{"rendered":"<p>Aquest cap de setmana s&#8217;ha celebrat una de les grans cites del calendari nacional amb la disputa a C\u00e0ceres dels Campionat d&#8217;Espanya de Duatl\u00f3 i el Campionat d&#8217;Espanya de Duatl\u00f3 Paral\u00edmpic. Una cita en la qual les illes Balears han comptat amb una gran representaci\u00f3 de 16 duatletas entre totes les categories i en la &#8230;<\/p>\n","protected":false},"author":1,"featured_media":6555,"comment_status":"closed","ping_status":"open","sticky":false,"template":"","format":"standard","meta":{"_uag_custom_page_level_css":"","footnotes":""},"categories":[28,1,37],"tags":[125,123,124,127],"class_list":["post-6554","post","type-post","status-publish","format-standard","has-post-thumbnail","hentry","category-competiciones","category-general","category-latest-news","tag-bartomeu-caldentey","tag-campionat-despanya-de-duatlo","tag-maria-barcelo","tag-mireia-caldentey"],"uagb_featured_image_src":{"full":["https:\/\/fetrib.com\/web\/wp-content\/uploads\/2026\/03\/487842718_18361973536133933_1173.jpg",852,576,false],"thumbnail":["https:\/\/fetrib.com\/web\/wp-content\/uploads\/2026\/03\/487842718_18361973536133933_1173-150x150.jpg",150,150,true],"medium":["https:\/\/fetrib.com\/web\/wp-content\/uploads\/2026\/03\/487842718_18361973536133933_1173-300x203.jpg",300,203,true],"medium_large":["https:\/\/fetrib.com\/web\/wp-content\/uploads\/2026\/03\/487842718_18361973536133933_1173-768x519.jpg",620,419,true],"large":["https:\/\/fetrib.com\/web\/wp-content\/uploads\/2026\/03\/487842718_18361973536133933_1173.jpg",620,419,false],"1536x1536":["https:\/\/fetrib.com\/web\/wp-content\/uploads\/2026\/03\/487842718_18361973536133933_1173.jpg",852,576,false],"2048x2048":["https:\/\/fetrib.com\/web\/wp-content\/uploads\/2026\/03\/487842718_18361973536133933_1173.jpg",852,576,false],"tie-small":["https:\/\/fetrib.com\/web\/wp-content\/uploads\/2026\/03\/487842718_18361973536133933_1173-70x70.jpg",70,70,true],"tie-large":["https:\/\/fetrib.com\/web\/wp-content\/uploads\/2026\/03\/487842718_18361973536133933_1173-300x160.jpg",300,160,true],"slider":["https:\/\/fetrib.com\/web\/wp-content\/uploads\/2026\/03\/487842718_18361973536133933_1173-620x330.jpg",620,330,true]},"uagb_author_info":{"display_name":"admin","author_link":"https:\/\/fetrib.com\/web\/author\/admin\/"},"uagb_comment_info":0,"uagb_excerpt":"Aquest cap de setmana s&#8217;ha celebrat una de les grans cites del calendari nacional amb la disputa a C\u00e0ceres dels Campionat d&#8217;Espanya de Duatl\u00f3 i el Campionat d&#8217;Espanya de Duatl\u00f3 Paral\u00edmpic. Una cita en la qual les illes Balears han comptat amb una gran representaci\u00f3 de 16 duatletas entre totes les categories i en la&hellip;","_links":{"self":[{"href":"https:\/\/fetrib.com\/web\/wp-json\/wp\/v2\/posts\/6554","targetHints":{"allow":["GET"]}}],"collection":[{"href":"https:\/\/fetrib.com\/web\/wp-json\/wp\/v2\/posts"}],"about":[{"href":"https:\/\/fetrib.com\/web\/wp-json\/wp\/v2\/types\/post"}],"author":[{"embeddable":true,"href":"https:\/\/fetrib.com\/web\/wp-json\/wp\/v2\/users\/1"}],"replies":[{"embeddable":true,"href":"https:\/\/fetrib.com\/web\/wp-json\/wp\/v2\/comments?post=6554"}],"version-history":[{"count":3,"href":"https:\/\/fetrib.com\/web\/wp-json\/wp\/v2\/posts\/6554\/revisions"}],"predecessor-version":[{"id":6560,"href":"https:\/\/fetrib.com\/web\/wp-json\/wp\/v2\/posts\/6554\/revisions\/6560"}],"wp:featuredmedia":[{"embeddable":true,"href":"https:\/\/fetrib.com\/web\/wp-json\/wp\/v2\/media\/6555"}],"wp:attachment":[{"href":"https:\/\/fetrib.com\/web\/wp-json\/wp\/v2\/media?parent=6554"}],"wp:term":[{"taxonomy":"category","embeddable":true,"href":"https:\/\/fetrib.com\/web\/wp-json\/wp\/v2\/categories?post=6554"},{"taxonomy":"post_tag","embeddable":true,"href":"https:\/\/fetrib.com\/web\/wp-json\/wp\/v2\/tags?post=6554"}],"curies":[{"name":"wp","href":"https:\/\/api.w.org\/{rel}","templated":true}]}}